{"id":14512,"date":"2017-09-29T17:39:09","date_gmt":"2017-09-29T15:39:09","guid":{"rendered":"https:\/\/franziskanergymnasium-kreuzburg.de\/cms\/?p=14512"},"modified":"2017-10-01T00:39:01","modified_gmt":"2017-09-30T22:39:01","slug":"es-geht-los-abfahrt-nach-rom","status":"publish","type":"post","link":"https:\/\/franziskanergymnasium-kreuzburg.de\/cms\/es-geht-los-abfahrt-nach-rom\/","title":{"rendered":"Es geht los  &#8211; Abfahrt nach Rom"},"content":{"rendered":"Gro\u00dfe Aufregung herrschte am Strandbad Gro\u00dfkrotzenburg, als sich alle zur Abfahrt f\u00fcr die Romreise trafen. W\u00e4hrend die Sch\u00fcler und erwachsenen Mitfahrer eher voller Vorfreude waren und den Start nicht erwarten konnten, waren von einzelnen Eltern doch auch noch besorgte Ermahnungen zu h\u00f6ren: \u201eHast du auch alles eingepackt?\u201c, \u201eGib in Rom auf dich acht und verlauf dich nicht!\u201c oder \u201ePass in Rom auch auf deine Sachen auf!\u201c.\r\n\r\nAuf die Reise sollte es aber nicht ohne den Segen Gottes gehen und so versammelten sich die Reisenden sowie die Daheimbleibenden am Strandbad, um unter Nutzung der dortigen Lautsprecheranlage einen kleinen Gottesdienst zu feiern. Sch\u00e4tzungsweise zweieinhalb Tausend Menschen sangen und beteten dort gemeinsam und baten Gott um seinen Segen f\u00fcr die Reise. Alle Busse erhielten auch einen Pilgersegen mit auf die Reise.\r\n\r\nSchulleiter Thomas Wolf erz\u00e4hlte kurz, wie es von der Idee der Reise bis zur Abfahrt gekommen war und verabschiedete sich mit den Worten \u201eWir sehen uns morgen in Rom\u201c. Auch der B\u00fcrgermeister Gro\u00dfkrotzenburgs w\u00fcnschte allen eine gute Reise.\r\n\r\nVier Busse waren nicht rechtzeitig zu Abfahrt vor Ort, da sie im Stau festhingen, sodass die ersten bereits starteten, w\u00e4hrend einige noch auf ihre Busse warteten. Auf der Autobahn glich sich dies aber schnell wieder aus und alle waren wieder beisammen. Am Freitag Nachmittag war die Autobahn gut gef\u00fcllt, aber doch n\u00e4herte man sich schnell der Landesgrenze.\r\n\r\n<em>Fotos der Abreise <a href=\"https:\/\/franziskanergymnasium-kreuzburg.de\/cms\/galerie-zur-romfahrt\/\">hier.<\/a><\/em>\r\n\r\n<em>Weitere Berichte folgen in K\u00fcrze.<\/em>","protected":false},"excerpt":{"rendered":"Gro\u00dfe Aufregung herrschte am Strandbad Gro\u00dfkrotzenburg, als sich alle zur Abfahrt f\u00fcr die Romreise trafen. W\u00e4hrend die Sch\u00fcler und erwachsenen Mitfahrer eher voller Vorfreude waren und den Start nicht erwarten konnten, waren von einzelnen Eltern doch auch noch besorgte Ermahnungen zu h\u00f6ren: \u201eHast du auch alles eingepackt?\u201c, \u201eGib in Rom auf dich acht und verlauf dich nicht!\u201c oder \u201ePass in Rom auch auf deine Sachen auf!\u201c. Auf die Reise sollte es aber nicht ohne den Segen Gottes gehen und so versammelten sich die Reisenden sowie die Daheimbleibenden am Strandbad, um unter Nutzung der dortigen Lautsprecheranlage einen kleinen Gottesdienst zu feiern. Sch\u00e4tzungsweise zweieinhalb Tausend Menschen sangen und beteten dort gemeinsam und baten Gott um seinen Segen f\u00fcr die Reise. Alle Busse erhielten auch einen Pilgersegen mit auf die Reise. Schulleiter Thomas Wolf erz\u00e4hlte kurz, wie es von der Idee der Reise bis zur Abfahrt gekommen war und verabschiedete sich mit den Worten \u201eWir sehen uns morgen in Rom\u201c. Auch der B\u00fcrgermeister Gro\u00dfkrotzenburgs w\u00fcnschte allen eine gute Reise. Vier Busse waren nicht rechtzeitig zu Abfahrt vor Ort, da sie im Stau festhingen, sodass die ersten bereits starteten, w\u00e4hrend einige noch auf ihre Busse warteten. Auf der Autobahn glich sich dies aber schnell wieder aus und alle waren wieder beisammen. Am Freitag Nachmittag war die Autobahn gut gef\u00fcllt, aber doch n\u00e4herte man sich schnell der Landesgrenze. Fotos der Abreise hier. Weitere Berichte folgen in K\u00fcrze.","protected":false},"author":3,"featured_media":14513,"comment_status":"closed","ping_status":"closed","sticky":false,"template":"","format":"standard","meta":{"ngg_post_thumbnail":0,"footnotes":""},"categories":[317,244],"tags":[],"class_list":["post-14512","post","type-post","status-publish","format-standard","has-post-thumbnail","hentry","category-jubilaeum","category-romfahrt-2017"],"publishpress_future_action":{"enabled":false,"date":"2026-05-02 11:30:29","action":"change-status","newStatus":"draft","terms":[],"taxonomy":"category","extraData":[]},"publishpress_future_workflow_manual_trigger":{"enabledWorkflows":[]},"_links":{"self":[{"href":"https:\/\/franziskanergymnasium-kreuzburg.de\/cms\/wp-json\/wp\/v2\/posts\/14512","targetHints":{"allow":["GET"]}}],"collection":[{"href":"https:\/\/franziskanergymnasium-kreuzburg.de\/cms\/wp-json\/wp\/v2\/posts"}],"about":[{"href":"https:\/\/franziskanergymnasium-kreuzburg.de\/cms\/wp-json\/wp\/v2\/types\/post"}],"author":[{"embeddable":true,"href":"https:\/\/franziskanergymnasium-kreuzburg.de\/cms\/wp-json\/wp\/v2\/users\/3"}],"replies":[{"embeddable":true,"href":"https:\/\/franziskanergymnasium-kreuzburg.de\/cms\/wp-json\/wp\/v2\/comments?post=14512"}],"version-history":[{"count":6,"href":"https:\/\/franziskanergymnasium-kreuzburg.de\/cms\/wp-json\/wp\/v2\/posts\/14512\/revisions"}],"predecessor-version":[{"id":14586,"href":"https:\/\/franziskanergymnasium-kreuzburg.de\/cms\/wp-json\/wp\/v2\/posts\/14512\/revisions\/14586"}],"wp:featuredmedia":[{"embeddable":true,"href":"https:\/\/franziskanergymnasium-kreuzburg.de\/cms\/wp-json\/wp\/v2\/media\/14513"}],"wp:attachment":[{"href":"https:\/\/franziskanergymnasium-kreuzburg.de\/cms\/wp-json\/wp\/v2\/media?parent=14512"}],"wp:term":[{"taxonomy":"category","embeddable":true,"href":"https:\/\/franziskanergymnasium-kreuzburg.de\/cms\/wp-json\/wp\/v2\/categories?post=14512"},{"taxonomy":"post_tag","embeddable":true,"href":"https:\/\/franziskanergymnasium-kreuzburg.de\/cms\/wp-json\/wp\/v2\/tags?post=14512"}],"curies":[{"name":"wp","href":"https:\/\/api.w.org\/{rel}","templated":true}]}}