{"id":15327,"date":"2017-10-12T21:25:44","date_gmt":"2017-10-12T19:25:44","guid":{"rendered":"https:\/\/franziskanergymnasium-kreuzburg.de\/cms\/?p=15327"},"modified":"2017-10-12T21:27:18","modified_gmt":"2017-10-12T19:27:18","slug":"einzelne-impressionen-der-schulfahrt-workshop-zeichnen-in-assisi","status":"publish","type":"post","link":"https:\/\/franziskanergymnasium-kreuzburg.de\/cms\/einzelne-impressionen-der-schulfahrt-workshop-zeichnen-in-assisi\/","title":{"rendered":"Einzelne Impressionen der Schulfahrt: Workshop \u201eZEICHNEN IN ASSISI\u201c"},"content":{"rendered":"<a attid=\"15328\"  href=\"https:\/\/franziskanergymnasium-kreuzburg.de\/cms\/wp-content\/uploads\/2017\/10\/20171002_145828.jpg\" data-rel=fancybox rel=\"lightbox[15327]\"><img loading=\"lazy\" decoding=\"async\" src=\"https:\/\/franziskanergymnasium-kreuzburg.de\/cms\/wp-content\/uploads\/2017\/10\/20171002_145828-300x169.jpg\" alt=\"\" width=\"300\" height=\"169\" class=\"alignright size-medium wp-image-15328\" srcset=\"https:\/\/franziskanergymnasium-kreuzburg.de\/cms\/wp-content\/uploads\/2017\/10\/20171002_145828-300x169.jpg 300w, https:\/\/franziskanergymnasium-kreuzburg.de\/cms\/wp-content\/uploads\/2017\/10\/20171002_145828-768x432.jpg 768w, https:\/\/franziskanergymnasium-kreuzburg.de\/cms\/wp-content\/uploads\/2017\/10\/20171002_145828.jpg 1024w\" sizes=\"auto, (max-width: 300px) 100vw, 300px\" \/><\/a><p>Der Tag in Assisi auf unserer Schulfahrt, war ein ganz besonderer: die Sch\u00fcler der Oberstufe durften sich in verschiedene Neigungsgruppen aufteilen, um so diesen au\u00dfergew\u00f6hnlichen Ort besser kennenzulernen.<\/p><p>\r\nIch habe einen Zeichenkurs in der Natur angeboten, der viele junge Menschen angesprochen hat.\r\nBei strahlendem Sonnenschein begaben wir uns in den Olivenhain von San Damiano, vor den Toren Assisis.<\/p><p>\r\nHier in einer stillen, ja meditativen Atmosph\u00e4re, lie\u00dfen sich die Sch\u00fclerinnen und Sch\u00fcler auf das Experiment ein, die uralten B\u00e4ume zu zeichnen.<\/p><p>\r\n<a attid=\"15330\"  href=\"https:\/\/franziskanergymnasium-kreuzburg.de\/cms\/wp-content\/uploads\/2017\/10\/20171002_151334.jpg\" data-rel=fancybox rel=\"lightbox[15327]\"><img loading=\"lazy\" decoding=\"async\" src=\"https:\/\/franziskanergymnasium-kreuzburg.de\/cms\/wp-content\/uploads\/2017\/10\/20171002_151334-169x300.jpg\" alt=\"\" width=\"169\" height=\"300\" class=\"alignleft size-medium wp-image-15330\" srcset=\"https:\/\/franziskanergymnasium-kreuzburg.de\/cms\/wp-content\/uploads\/2017\/10\/20171002_151334-169x300.jpg 169w, https:\/\/franziskanergymnasium-kreuzburg.de\/cms\/wp-content\/uploads\/2017\/10\/20171002_151334.jpg 432w\" sizes=\"auto, (max-width: 169px) 100vw, 169px\" \/><\/a><a attid=\"15329\"  href=\"https:\/\/franziskanergymnasium-kreuzburg.de\/cms\/wp-content\/uploads\/2017\/10\/20171002_150941.jpg\"  data-rel=fancybox rel=\"lightbox[15327]\"><img loading=\"lazy\" decoding=\"async\" src=\"https:\/\/franziskanergymnasium-kreuzburg.de\/cms\/wp-content\/uploads\/2017\/10\/20171002_150941-169x300.jpg\" alt=\"\" width=\"169\" height=\"300\" class=\"alignright size-medium wp-image-15329\" srcset=\"https:\/\/franziskanergymnasium-kreuzburg.de\/cms\/wp-content\/uploads\/2017\/10\/20171002_150941-169x300.jpg 169w, https:\/\/franziskanergymnasium-kreuzburg.de\/cms\/wp-content\/uploads\/2017\/10\/20171002_150941.jpg 432w\" sizes=\"auto, (max-width: 169px) 100vw, 169px\" \/><\/a>Zun\u00e4chst sollte sich jede und jeder einen Baum aussuchen, der ihr, bzw. ihm, besonders gef\u00e4llt. Dabei kam es nicht darauf an, das \u201eObjekt\u201c komplett naturgetreu abzuzeichnen, vielmehr sich von seiner \u201eAura\u201c inspirieren zu lassen.<\/p><p>\r\nDer Garten von San Damiano und die kleine Kapelle, haben es den Sch\u00fclerinnen und Sch\u00fclern angetan. In bewundernswerter Konzentration und mit gro\u00dfem Interesse, zeichneten sie das, was sie empfanden und, wie sie es darstellen konnten.<\/p><p>\r\n<a attid=\"15331\"  href=\"https:\/\/franziskanergymnasium-kreuzburg.de\/cms\/wp-content\/uploads\/2017\/10\/20171002_151540.jpg\" data-rel=fancybox rel=\"lightbox[15327]\"><img loading=\"lazy\" decoding=\"async\" src=\"https:\/\/franziskanergymnasium-kreuzburg.de\/cms\/wp-content\/uploads\/2017\/10\/20171002_151540-169x300.jpg\" alt=\"\" width=\"169\" height=\"300\" class=\"alignright size-medium wp-image-15331\" srcset=\"https:\/\/franziskanergymnasium-kreuzburg.de\/cms\/wp-content\/uploads\/2017\/10\/20171002_151540-169x300.jpg 169w, https:\/\/franziskanergymnasium-kreuzburg.de\/cms\/wp-content\/uploads\/2017\/10\/20171002_151540.jpg 432w\" sizes=\"auto, (max-width: 169px) 100vw, 169px\" \/><\/a>Einige Ergebnisse sind hier zu sehen, das Gesamtwerk wird nach den Herbstferien im Schulgeb\u00e4ude ausgestellt werden.<\/p><p><br>\r\n\r\nEin paralleles Angebot, zeichnen vor der Kirche San Francesco, wurde von dem Kollegen Nicolai Vogt betreut.<\/p><p>\r\n\r\n<em>Anita J\u00e4ger,<br>\r\nKunstlehrerin am Franziskanergymnasium Kreuzburg<\/p><\/em>\r\n\r\n","protected":false},"excerpt":{"rendered":"Der Tag in Assisi auf unserer Schulfahrt, war ein ganz besonderer: die Sch\u00fcler der Oberstufe durften sich in verschiedene Neigungsgruppen aufteilen, um so diesen au\u00dfergew\u00f6hnlichen Ort besser kennenzulernen. Ich habe einen Zeichenkurs in der Natur angeboten, der viele junge Menschen angesprochen hat. Bei strahlendem Sonnenschein begaben wir uns in den Olivenhain von San Damiano, vor den Toren Assisis. Hier in einer stillen, ja meditativen Atmosph\u00e4re, lie\u00dfen sich die Sch\u00fclerinnen und Sch\u00fcler auf das Experiment ein, die uralten B\u00e4ume zu zeichnen. Zun\u00e4chst sollte sich jede und jeder einen Baum aussuchen, der ihr, bzw. ihm, besonders gef\u00e4llt. Dabei kam es nicht darauf an, das \u201eObjekt\u201c komplett naturgetreu abzuzeichnen, vielmehr sich von seiner \u201eAura\u201c inspirieren zu lassen. Der Garten von San Damiano und die kleine Kapelle, haben es den Sch\u00fclerinnen und Sch\u00fclern angetan. In bewundernswerter Konzentration und mit gro\u00dfem Interesse, zeichneten sie das, was sie empfanden und, wie sie es darstellen konnten. Einige Ergebnisse sind hier zu sehen, das Gesamtwerk wird nach den Herbstferien im Schulgeb\u00e4ude ausgestellt werden. Ein paralleles Angebot, zeichnen vor der Kirche San Francesco, wurde von dem Kollegen Nicolai Vogt betreut. Anita J\u00e4ger, Kunstlehrerin am Franziskanergymnasium Kreuzburg","protected":false},"author":3,"featured_media":15328,"comment_status":"closed","ping_status":"closed","sticky":false,"template":"","format":"standard","meta":{"ngg_post_thumbnail":0,"footnotes":""},"categories":[317,244],"tags":[],"class_list":["post-15327","post","type-post","status-publish","format-standard","has-post-thumbnail","hentry","category-jubilaeum","category-romfahrt-2017"],"publishpress_future_action":{"enabled":false,"date":"2026-05-03 12:37:18","action":"change-status","newStatus":"draft","terms":[],"taxonomy":"category","extraData":[]},"publishpress_future_workflow_manual_trigger":{"enabledWorkflows":[]},"_links":{"self":[{"href":"https:\/\/franziskanergymnasium-kreuzburg.de\/cms\/wp-json\/wp\/v2\/posts\/15327","targetHints":{"allow":["GET"]}}],"collection":[{"href":"https:\/\/franziskanergymnasium-kreuzburg.de\/cms\/wp-json\/wp\/v2\/posts"}],"about":[{"href":"https:\/\/franziskanergymnasium-kreuzburg.de\/cms\/wp-json\/wp\/v2\/types\/post"}],"author":[{"embeddable":true,"href":"https:\/\/franziskanergymnasium-kreuzburg.de\/cms\/wp-json\/wp\/v2\/users\/3"}],"replies":[{"embeddable":true,"href":"https:\/\/franziskanergymnasium-kreuzburg.de\/cms\/wp-json\/wp\/v2\/comments?post=15327"}],"version-history":[{"count":3,"href":"https:\/\/franziskanergymnasium-kreuzburg.de\/cms\/wp-json\/wp\/v2\/posts\/15327\/revisions"}],"predecessor-version":[{"id":15334,"href":"https:\/\/franziskanergymnasium-kreuzburg.de\/cms\/wp-json\/wp\/v2\/posts\/15327\/revisions\/15334"}],"wp:featuredmedia":[{"embeddable":true,"href":"https:\/\/franziskanergymnasium-kreuzburg.de\/cms\/wp-json\/wp\/v2\/media\/15328"}],"wp:attachment":[{"href":"https:\/\/franziskanergymnasium-kreuzburg.de\/cms\/wp-json\/wp\/v2\/media?parent=15327"}],"wp:term":[{"taxonomy":"category","embeddable":true,"href":"https:\/\/franziskanergymnasium-kreuzburg.de\/cms\/wp-json\/wp\/v2\/categories?post=15327"},{"taxonomy":"post_tag","embeddable":true,"href":"https:\/\/franziskanergymnasium-kreuzburg.de\/cms\/wp-json\/wp\/v2\/tags?post=15327"}],"curies":[{"name":"wp","href":"https:\/\/api.w.org\/{rel}","templated":true}]}}