{"id":18142,"date":"2018-05-10T21:24:06","date_gmt":"2018-05-10T19:24:06","guid":{"rendered":"https:\/\/franziskanergymnasium-kreuzburg.de\/cms\/?p=18142"},"modified":"2018-05-11T21:54:12","modified_gmt":"2018-05-11T19:54:12","slug":"ueber-1-000-veranstaltungen-am-katholikentag","status":"publish","type":"post","link":"https:\/\/franziskanergymnasium-kreuzburg.de\/cms\/ueber-1-000-veranstaltungen-am-katholikentag\/","title":{"rendered":"\u00dcber 1.000 Veranstaltungen am Katholikentag"},"content":{"rendered":"<a attid=\"18143\"  href=\"https:\/\/franziskanergymnasium-kreuzburg.de\/cms\/wp-content\/uploads\/2018\/05\/2018_05Katholikentag21.jpg\" data-rel=fancybox rel=\"lightbox[18142]\"><img loading=\"lazy\" decoding=\"async\" src=\"https:\/\/franziskanergymnasium-kreuzburg.de\/cms\/wp-content\/uploads\/2018\/05\/2018_05Katholikentag21-300x225.jpg\" alt=\"\" width=\"300\" height=\"225\" class=\"alignright size-medium wp-image-18143\" srcset=\"https:\/\/franziskanergymnasium-kreuzburg.de\/cms\/wp-content\/uploads\/2018\/05\/2018_05Katholikentag21-300x225.jpg 300w, https:\/\/franziskanergymnasium-kreuzburg.de\/cms\/wp-content\/uploads\/2018\/05\/2018_05Katholikentag21-440x330.jpg 440w, https:\/\/franziskanergymnasium-kreuzburg.de\/cms\/wp-content\/uploads\/2018\/05\/2018_05Katholikentag21.jpg 640w\" sizes=\"auto, (max-width: 300px) 100vw, 300px\" \/><\/a>Nach der Er\u00f6ffnung startete am Donnerstag, Christi Himmelfahrt, das Programm des Katholikentags mit \u00fcber 1.000 Veranstaltungen. Aktuelle religi\u00f6se, gesellschaftspolitische, kulturelle, wissenschaftliche und spirituelle Themen werden dabei aufgegriffen.<\/p><p>\r\n\r\nDie Kreuzburggruppe erh\u00e4lt die M\u00f6glichkeit zum Austausch und f\u00fcr neue Erfahrungen, f\u00fcr Begegnung und Besinnung. Diskursive Veranstaltungen, Werkst\u00e4tten, Mitmachaktionen und vieles mehr laden in einer Vielzahl von thematischen Bereichen zum Austausch \u00fcber aktuelle Themen aus Kirche und Gesellschaft ein. <\/p><p>\r\n<a attid=\"18152\"  href=\"https:\/\/franziskanergymnasium-kreuzburg.de\/cms\/wp-content\/uploads\/2018\/05\/2018_05Katholikentag35.jpg\" data-rel=fancybox rel=\"lightbox[18142]\"><img loading=\"lazy\" decoding=\"async\" src=\"https:\/\/franziskanergymnasium-kreuzburg.de\/cms\/wp-content\/uploads\/2018\/05\/2018_05Katholikentag35-300x225.jpg\" alt=\"\" width=\"300\" height=\"225\" class=\"alignleft size-medium wp-image-18152\" srcset=\"https:\/\/franziskanergymnasium-kreuzburg.de\/cms\/wp-content\/uploads\/2018\/05\/2018_05Katholikentag35-300x225.jpg 300w, https:\/\/franziskanergymnasium-kreuzburg.de\/cms\/wp-content\/uploads\/2018\/05\/2018_05Katholikentag35-768x576.jpg 768w, https:\/\/franziskanergymnasium-kreuzburg.de\/cms\/wp-content\/uploads\/2018\/05\/2018_05Katholikentag35-1024x768.jpg 1024w, https:\/\/franziskanergymnasium-kreuzburg.de\/cms\/wp-content\/uploads\/2018\/05\/2018_05Katholikentag35.jpg 1032w\" sizes=\"auto, (max-width: 300px) 100vw, 300px\" \/><\/a>Kunstlehrerin Anita J\u00e4ger malte am Katholikentag wieder live zur Musik der Gruppe Laetitia.<\/p>\r\n<a attid=\"18151\"  href=\"https:\/\/franziskanergymnasium-kreuzburg.de\/cms\/wp-content\/uploads\/2018\/05\/2018_05Katholikentag34.jpg\" data-rel=fancybox rel=\"lightbox[18142]\"><img loading=\"lazy\" decoding=\"async\" src=\"https:\/\/franziskanergymnasium-kreuzburg.de\/cms\/wp-content\/uploads\/2018\/05\/2018_05Katholikentag34-300x225.jpg\" alt=\"\" width=\"300\" height=\"225\" class=\"alignright size-medium wp-image-18151\" srcset=\"https:\/\/franziskanergymnasium-kreuzburg.de\/cms\/wp-content\/uploads\/2018\/05\/2018_05Katholikentag34-300x225.jpg 300w, https:\/\/franziskanergymnasium-kreuzburg.de\/cms\/wp-content\/uploads\/2018\/05\/2018_05Katholikentag34-768x576.jpg 768w, https:\/\/franziskanergymnasium-kreuzburg.de\/cms\/wp-content\/uploads\/2018\/05\/2018_05Katholikentag34-1024x768.jpg 1024w, https:\/\/franziskanergymnasium-kreuzburg.de\/cms\/wp-content\/uploads\/2018\/05\/2018_05Katholikentag34.jpg 1200w\" sizes=\"auto, (max-width: 300px) 100vw, 300px\" \/><\/a>\r\n\r\n<a attid=\"18150\"  href=\"https:\/\/franziskanergymnasium-kreuzburg.de\/cms\/wp-content\/uploads\/2018\/05\/2018_05Katholikentag33.jpg\" data-rel=fancybox rel=\"lightbox[18142]\"><img loading=\"lazy\" decoding=\"async\" src=\"https:\/\/franziskanergymnasium-kreuzburg.de\/cms\/wp-content\/uploads\/2018\/05\/2018_05Katholikentag33-225x300.jpg\" alt=\"\" width=\"225\" height=\"300\" class=\"alignright size-medium wp-image-18150\" srcset=\"https:\/\/franziskanergymnasium-kreuzburg.de\/cms\/wp-content\/uploads\/2018\/05\/2018_05Katholikentag33-225x300.jpg 225w, https:\/\/franziskanergymnasium-kreuzburg.de\/cms\/wp-content\/uploads\/2018\/05\/2018_05Katholikentag33-768x1024.jpg 768w, https:\/\/franziskanergymnasium-kreuzburg.de\/cms\/wp-content\/uploads\/2018\/05\/2018_05Katholikentag33.jpg 960w\" sizes=\"auto, (max-width: 225px) 100vw, 225px\" \/><\/a>\r\n\r\n<a attid=\"18149\"  href=\"https:\/\/franziskanergymnasium-kreuzburg.de\/cms\/wp-content\/uploads\/2018\/05\/2018_05Katholikentag32.jpg\" data-rel=fancybox rel=\"lightbox[18142]\"><img loading=\"lazy\" decoding=\"async\" src=\"https:\/\/franziskanergymnasium-kreuzburg.de\/cms\/wp-content\/uploads\/2018\/05\/2018_05Katholikentag32-225x300.jpg\" alt=\"\" width=\"225\" height=\"300\" class=\"alignright size-medium wp-image-18149\" srcset=\"https:\/\/franziskanergymnasium-kreuzburg.de\/cms\/wp-content\/uploads\/2018\/05\/2018_05Katholikentag32-225x300.jpg 225w, https:\/\/franziskanergymnasium-kreuzburg.de\/cms\/wp-content\/uploads\/2018\/05\/2018_05Katholikentag32-768x1024.jpg 768w, https:\/\/franziskanergymnasium-kreuzburg.de\/cms\/wp-content\/uploads\/2018\/05\/2018_05Katholikentag32.jpg 960w\" sizes=\"auto, (max-width: 225px) 100vw, 225px\" \/><\/a>\r\n\r\n<a attid=\"18148\"  href=\"https:\/\/franziskanergymnasium-kreuzburg.de\/cms\/wp-content\/uploads\/2018\/05\/2018_05Katholikentag31.jpg\" data-rel=fancybox rel=\"lightbox[18142]\"><img loading=\"lazy\" decoding=\"async\" src=\"https:\/\/franziskanergymnasium-kreuzburg.de\/cms\/wp-content\/uploads\/2018\/05\/2018_05Katholikentag31-225x300.jpg\" alt=\"\" width=\"225\" height=\"300\" class=\"alignleft size-medium wp-image-18148\" srcset=\"https:\/\/franziskanergymnasium-kreuzburg.de\/cms\/wp-content\/uploads\/2018\/05\/2018_05Katholikentag31-225x300.jpg 225w, https:\/\/franziskanergymnasium-kreuzburg.de\/cms\/wp-content\/uploads\/2018\/05\/2018_05Katholikentag31-768x1024.jpg 768w, https:\/\/franziskanergymnasium-kreuzburg.de\/cms\/wp-content\/uploads\/2018\/05\/2018_05Katholikentag31.jpg 900w\" sizes=\"auto, (max-width: 225px) 100vw, 225px\" \/><\/a>\r\n\r\n","protected":false},"excerpt":{"rendered":"Nach der Er\u00f6ffnung startete am Donnerstag, Christi Himmelfahrt, das Programm des Katholikentags mit \u00fcber 1.000 Veranstaltungen. Aktuelle religi\u00f6se, gesellschaftspolitische, kulturelle, wissenschaftliche und spirituelle Themen werden dabei aufgegriffen. Die Kreuzburggruppe erh\u00e4lt die M\u00f6glichkeit zum Austausch und f\u00fcr neue Erfahrungen, f\u00fcr Begegnung und Besinnung. Diskursive Veranstaltungen, Werkst\u00e4tten, Mitmachaktionen und vieles mehr laden in einer Vielzahl von thematischen Bereichen zum Austausch \u00fcber aktuelle Themen aus Kirche und Gesellschaft ein. Kunstlehrerin Anita J\u00e4ger malte am Katholikentag wieder live zur Musik der Gruppe Laetitia.","protected":false},"author":3,"featured_media":18169,"comment_status":"closed","ping_status":"closed","sticky":false,"template":"","format":"standard","meta":{"ngg_post_thumbnail":0,"footnotes":""},"categories":[1],"tags":[],"class_list":["post-18142","post","type-post","status-publish","format-standard","has-post-thumbnail","hentry","category-allgemein"],"publishpress_future_action":{"enabled":false,"date":"2026-05-02 11:37:09","action":"change-status","newStatus":"draft","terms":[],"taxonomy":"category","extraData":[]},"publishpress_future_workflow_manual_trigger":{"enabledWorkflows":[]},"_links":{"self":[{"href":"https:\/\/franziskanergymnasium-kreuzburg.de\/cms\/wp-json\/wp\/v2\/posts\/18142","targetHints":{"allow":["GET"]}}],"collection":[{"href":"https:\/\/franziskanergymnasium-kreuzburg.de\/cms\/wp-json\/wp\/v2\/posts"}],"about":[{"href":"https:\/\/franziskanergymnasium-kreuzburg.de\/cms\/wp-json\/wp\/v2\/types\/post"}],"author":[{"embeddable":true,"href":"https:\/\/franziskanergymnasium-kreuzburg.de\/cms\/wp-json\/wp\/v2\/users\/3"}],"replies":[{"embeddable":true,"href":"https:\/\/franziskanergymnasium-kreuzburg.de\/cms\/wp-json\/wp\/v2\/comments?post=18142"}],"version-history":[{"count":7,"href":"https:\/\/franziskanergymnasium-kreuzburg.de\/cms\/wp-json\/wp\/v2\/posts\/18142\/revisions"}],"predecessor-version":[{"id":18156,"href":"https:\/\/franziskanergymnasium-kreuzburg.de\/cms\/wp-json\/wp\/v2\/posts\/18142\/revisions\/18156"}],"wp:featuredmedia":[{"embeddable":true,"href":"https:\/\/franziskanergymnasium-kreuzburg.de\/cms\/wp-json\/wp\/v2\/media\/18169"}],"wp:attachment":[{"href":"https:\/\/franziskanergymnasium-kreuzburg.de\/cms\/wp-json\/wp\/v2\/media?parent=18142"}],"wp:term":[{"taxonomy":"category","embeddable":true,"href":"https:\/\/franziskanergymnasium-kreuzburg.de\/cms\/wp-json\/wp\/v2\/categories?post=18142"},{"taxonomy":"post_tag","embeddable":true,"href":"https:\/\/franziskanergymnasium-kreuzburg.de\/cms\/wp-json\/wp\/v2\/tags?post=18142"}],"curies":[{"name":"wp","href":"https:\/\/api.w.org\/{rel}","templated":true}]}}