{"id":18304,"date":"2018-05-29T08:05:56","date_gmt":"2018-05-29T06:05:56","guid":{"rendered":"https:\/\/franziskanergymnasium-kreuzburg.de\/cms\/?p=18304"},"modified":"2018-05-29T08:08:27","modified_gmt":"2018-05-29T06:08:27","slug":"von-der-normalitaet-zum-bombenattentat-agnes-hammer-liest-aus-ihrem-buch-naechster-halt-dschihad","status":"publish","type":"post","link":"https:\/\/franziskanergymnasium-kreuzburg.de\/cms\/von-der-normalitaet-zum-bombenattentat-agnes-hammer-liest-aus-ihrem-buch-naechster-halt-dschihad\/","title":{"rendered":"Von der Normalit\u00e4t zum Bombenattentat \u2013  Agnes Hammer liest aus ihrem Buch \u201eN\u00e4chster Halt Dschihad\u201c"},"content":{"rendered":"<a attid=\"18305\"  href=\"https:\/\/franziskanergymnasium-kreuzburg.de\/cms\/wp-content\/uploads\/2018\/05\/2018_05AutorenlesungHammer1.jpg\" data-rel=fancybox rel=\"lightbox[18304]\"><img decoding=\"async\" src=\"https:\/\/franziskanergymnasium-kreuzburg.de\/cms\/wp-content\/uploads\/2018\/05\/2018_05AutorenlesungHammer1-300x175.jpg\" alt=\"\" width=\"280\"  class=\"alignright size-medium wp-image-18305\" srcset=\"https:\/\/franziskanergymnasium-kreuzburg.de\/cms\/wp-content\/uploads\/2018\/05\/2018_05AutorenlesungHammer1-300x175.jpg 300w, https:\/\/franziskanergymnasium-kreuzburg.de\/cms\/wp-content\/uploads\/2018\/05\/2018_05AutorenlesungHammer1-768x447.jpg 768w, https:\/\/franziskanergymnasium-kreuzburg.de\/cms\/wp-content\/uploads\/2018\/05\/2018_05AutorenlesungHammer1-1024x596.jpg 1024w, https:\/\/franziskanergymnasium-kreuzburg.de\/cms\/wp-content\/uploads\/2018\/05\/2018_05AutorenlesungHammer1.jpg 1200w\" sizes=\"(max-width: 300px) 100vw, 300px\" \/><\/a><p>Am Ende des Kreuzburg-Lesefr\u00fchlings bekamen unsere 9. Klassen einen Einblick in eine sehr andere und sehr ferne Welt: die von Jugendlichen, die sich von einem fundamentalistischen Islam, von IS-Ideen und damit von Mordpl\u00e4nen packen lassen.<\/p><p>\r\n<a attid=\"18307\"  href=\"https:\/\/franziskanergymnasium-kreuzburg.de\/cms\/wp-content\/uploads\/2018\/05\/2018_05AutorenlesungHammer3.jpg\" data-rel=fancybox rel=\"lightbox[18304]\"><img decoding=\"async\" src=\"https:\/\/franziskanergymnasium-kreuzburg.de\/cms\/wp-content\/uploads\/2018\/05\/2018_05AutorenlesungHammer3-300x185.jpg\" alt=\"\" width=\"280\"  class=\"alignleft size-medium wp-image-18307\" srcset=\"https:\/\/franziskanergymnasium-kreuzburg.de\/cms\/wp-content\/uploads\/2018\/05\/2018_05AutorenlesungHammer3-300x185.jpg 300w, https:\/\/franziskanergymnasium-kreuzburg.de\/cms\/wp-content\/uploads\/2018\/05\/2018_05AutorenlesungHammer3-768x474.jpg 768w, https:\/\/franziskanergymnasium-kreuzburg.de\/cms\/wp-content\/uploads\/2018\/05\/2018_05AutorenlesungHammer3-1024x631.jpg 1024w, https:\/\/franziskanergymnasium-kreuzburg.de\/cms\/wp-content\/uploads\/2018\/05\/2018_05AutorenlesungHammer3.jpg 1200w\" sizes=\"(max-width: 300px) 100vw, 300px\" \/><\/a>Die Jugendbuch-Autorin Agnes Hammer kommt als Deutsch- und Philosophielehrerin an einer Hauptschule in Nordrhein-Westfalen mit den unterschiedlichsten Denk- und Wertewelten in Ber\u00fchrung. Und nach den Meldungen \u00fcber die gescheiterten Kofferbombenattentate in K\u00f6lner Regionalz\u00fcgen 2006 konstruiert sie in ihrem Jugendthriller \u201eN\u00e4chster Halt Dschihad\u201c eine spannende und bedr\u00fcckende Entwicklungsstudie, in der zwei scheinbar normale Jugendliche sich in islamistischen Kreisen immer mehr radikalisieren, bis sie zu einem Zug-Attentat bereit sind. Zum Gl\u00fcck schl\u00e4gt es fehl \u2026 aber das ist f\u00fcr die Zuh\u00f6rer kein wirklicher Trost; denn die zugrunde liegenden ideologischen Denkmuster und Netzwerke existieren weiter. Dabei gelingt es Agnes Hammer eindrucksvoll, die Wirkungsfaktoren und Ausl\u00f6semechanismen, die zu solch einer furchtbaren Radikalisierung f\u00fchren, als beunruhigende Realit\u00e4t darzustellen. <\/p><p>\r\n<a attid=\"18306\"  href=\"https:\/\/franziskanergymnasium-kreuzburg.de\/cms\/wp-content\/uploads\/2018\/05\/2018_05AutorenlesungHammer2.jpg\" data-rel=fancybox rel=\"lightbox[18304]\"><img loading=\"lazy\" decoding=\"async\" src=\"https:\/\/franziskanergymnasium-kreuzburg.de\/cms\/wp-content\/uploads\/2018\/05\/2018_05AutorenlesungHammer2-300x200.jpg\" alt=\"\" width=\"300\" height=\"200\" class=\"alignright size-medium wp-image-18306\" srcset=\"https:\/\/franziskanergymnasium-kreuzburg.de\/cms\/wp-content\/uploads\/2018\/05\/2018_05AutorenlesungHammer2-300x200.jpg 300w, https:\/\/franziskanergymnasium-kreuzburg.de\/cms\/wp-content\/uploads\/2018\/05\/2018_05AutorenlesungHammer2-768x512.jpg 768w, https:\/\/franziskanergymnasium-kreuzburg.de\/cms\/wp-content\/uploads\/2018\/05\/2018_05AutorenlesungHammer2-1024x683.jpg 1024w, https:\/\/franziskanergymnasium-kreuzburg.de\/cms\/wp-content\/uploads\/2018\/05\/2018_05AutorenlesungHammer2.jpg 1200w\" sizes=\"auto, (max-width: 300px) 100vw, 300px\" \/><\/a>Wer wollte, konnte also den (selbst-)zerst\u00f6rerischen Weg islamistischer Attent\u00e4ter als ein Wechselspiel zwischen Identit\u00e4tsbildung, gesellschaftlichen Einfl\u00fcssen und gezielten pseudoreligi\u00f6sen Einfl\u00fcsterungen begreifen. Solch ein Weg war aber den Meisten unserer Neuntkl\u00e4sslern offenbar zu fern, als dass sie ein gesteigertes Interesse daran gezeigt h\u00e4tten. Sie haben aber einen lebhaften Eindruck davon erhalten, welche Probleme au\u00dferhalb unserer beh\u00fcteten Welt lauern k\u00f6nnen; und in wenigen Jahren, sp\u00e4testens nach dem Abitur, m\u00fcssen sie sich ihnen stellen.<\/p><p>\r\n\r\n\r\n<em>Joachim Schieb<br>\r\n(Lesebeauftragter)<\/p><\/em>\r\n","protected":false},"excerpt":{"rendered":"Am Ende des Kreuzburg-Lesefr\u00fchlings bekamen unsere 9. Klassen einen Einblick in eine sehr andere und sehr ferne Welt: die von Jugendlichen, die sich von einem fundamentalistischen Islam, von IS-Ideen und damit von Mordpl\u00e4nen packen lassen. Die Jugendbuch-Autorin Agnes Hammer kommt als Deutsch- und Philosophielehrerin an einer Hauptschule in Nordrhein-Westfalen mit den unterschiedlichsten Denk- und Wertewelten in Ber\u00fchrung. Und nach den Meldungen \u00fcber die gescheiterten Kofferbombenattentate in K\u00f6lner Regionalz\u00fcgen 2006 konstruiert sie in ihrem Jugendthriller \u201eN\u00e4chster Halt Dschihad\u201c eine spannende und bedr\u00fcckende Entwicklungsstudie, in der zwei scheinbar normale Jugendliche sich in islamistischen Kreisen immer mehr radikalisieren, bis sie zu einem Zug-Attentat bereit sind. Zum Gl\u00fcck schl\u00e4gt es fehl \u2026 aber das ist f\u00fcr die Zuh\u00f6rer kein wirklicher Trost; denn die zugrunde liegenden ideologischen Denkmuster und Netzwerke existieren weiter. Dabei gelingt es Agnes Hammer eindrucksvoll, die Wirkungsfaktoren und Ausl\u00f6semechanismen, die zu solch einer furchtbaren Radikalisierung f\u00fchren, als beunruhigende Realit\u00e4t darzustellen. Wer wollte, konnte also den (selbst-)zerst\u00f6rerischen Weg islamistischer Attent\u00e4ter als ein Wechselspiel zwischen Identit\u00e4tsbildung, gesellschaftlichen Einfl\u00fcssen und gezielten pseudoreligi\u00f6sen Einfl\u00fcsterungen begreifen. Solch ein Weg war aber den Meisten unserer Neuntkl\u00e4sslern offenbar zu fern, als dass sie ein gesteigertes Interesse daran gezeigt h\u00e4tten. Sie haben aber einen lebhaften Eindruck davon erhalten, welche Probleme au\u00dferhalb unserer beh\u00fcteten Welt lauern k\u00f6nnen; und in wenigen Jahren, sp\u00e4testens nach dem Abitur, m\u00fcssen sie sich ihnen stellen. Joachim Schieb (Lesebeauftragter)","protected":false},"author":3,"featured_media":18307,"comment_status":"closed","ping_status":"closed","sticky":false,"template":"","format":"standard","meta":{"ngg_post_thumbnail":0,"footnotes":""},"categories":[1],"tags":[],"class_list":["post-18304","post","type-post","status-publish","format-standard","has-post-thumbnail","hentry","category-allgemein"],"publishpress_future_action":{"enabled":false,"date":"2026-05-03 11:52:35","action":"change-status","newStatus":"draft","terms":[],"taxonomy":"category","extraData":[]},"publishpress_future_workflow_manual_trigger":{"enabledWorkflows":[]},"_links":{"self":[{"href":"https:\/\/franziskanergymnasium-kreuzburg.de\/cms\/wp-json\/wp\/v2\/posts\/18304","targetHints":{"allow":["GET"]}}],"collection":[{"href":"https:\/\/franziskanergymnasium-kreuzburg.de\/cms\/wp-json\/wp\/v2\/posts"}],"about":[{"href":"https:\/\/franziskanergymnasium-kreuzburg.de\/cms\/wp-json\/wp\/v2\/types\/post"}],"author":[{"embeddable":true,"href":"https:\/\/franziskanergymnasium-kreuzburg.de\/cms\/wp-json\/wp\/v2\/users\/3"}],"replies":[{"embeddable":true,"href":"https:\/\/franziskanergymnasium-kreuzburg.de\/cms\/wp-json\/wp\/v2\/comments?post=18304"}],"version-history":[{"count":3,"href":"https:\/\/franziskanergymnasium-kreuzburg.de\/cms\/wp-json\/wp\/v2\/posts\/18304\/revisions"}],"predecessor-version":[{"id":18310,"href":"https:\/\/franziskanergymnasium-kreuzburg.de\/cms\/wp-json\/wp\/v2\/posts\/18304\/revisions\/18310"}],"wp:featuredmedia":[{"embeddable":true,"href":"https:\/\/franziskanergymnasium-kreuzburg.de\/cms\/wp-json\/wp\/v2\/media\/18307"}],"wp:attachment":[{"href":"https:\/\/franziskanergymnasium-kreuzburg.de\/cms\/wp-json\/wp\/v2\/media?parent=18304"}],"wp:term":[{"taxonomy":"category","embeddable":true,"href":"https:\/\/franziskanergymnasium-kreuzburg.de\/cms\/wp-json\/wp\/v2\/categories?post=18304"},{"taxonomy":"post_tag","embeddable":true,"href":"https:\/\/franziskanergymnasium-kreuzburg.de\/cms\/wp-json\/wp\/v2\/tags?post=18304"}],"curies":[{"name":"wp","href":"https:\/\/api.w.org\/{rel}","templated":true}]}}