{"id":1891,"date":"2014-02-13T12:29:11","date_gmt":"2014-02-13T11:29:11","guid":{"rendered":"https:\/\/franziskanergymnasium-kreuzburg.de\/cms\/?p=1891"},"modified":"2016-02-17T13:42:23","modified_gmt":"2016-02-17T12:42:23","slug":"jugend-debattiert-schulentscheid-der-sekundarstufe-ii","status":"publish","type":"post","link":"https:\/\/franziskanergymnasium-kreuzburg.de\/cms\/jugend-debattiert-schulentscheid-der-sekundarstufe-ii\/","title":{"rendered":"Jugend debattiert \u2013 Schulentscheid der Sekundarstufe II"},"content":{"rendered":"<p><em>\u201eWer reden kann, kann gemeinsam mit anderen etwas bewegen.\u201c<\/em><\/p>\r\n<p>Am bundesweiten Wettbewerb \u201eJugend debattiert\u201c nimmt das Franziskanergymnasium Kreuzburg seit neun Jahren erfolgreich teil: Bereits zweimal standen Kreuzburgsch\u00fcler im Bundesfinale in Berlin, zuletzt erfolgreich war Anna B., die im letzten Jahr in die Finaldebatte des Regionalentscheids einzog.<\/p>\r\n<p>Auch in diesem Schuljahr waren wieder alle teilnehmenden Schulen aufgerufen, ihre eigenen zwei Schulbesten zu finden, um so das Teilnehmerfeld f\u00fcr den Regionalentscheid zu besetzen.<\/p>\r\n<p>An der Kreuzburg ermittelten deshalb alle Deutschkurse der Jahrgangsstufe 10 zun\u00e4chst ihre kursbesten Debattanten. Aus diesem 16er \u2013 Teilnehmerfeld wurden dann in vier Vorrundendebatten die vier Sch\u00fcler herausgefiltert, die sp\u00e4ter im Schulfinale gegeneinander antreten sollten. Thema der Vorrundendebatten war \u201eSoll in allen Schulkantinen in Deutschland \u2013 auch in unserer Cafeteria &#8211; einmal w\u00f6chentlich nur vegetarisches Essen ausgegeben werden?\u201c<\/p>\r\n<p>F\u00fcr die rein weibliche Enddebatte qualifizieren konnten sich Sarah S., Mirjam P., Nicola P. und Alexandra B.. Dieses Schulfinale, moderiert von Herrn Schieb, fand am 7.2.2014 in der Bibliothek statt. Die fachkundige Jury bestand aus Frau Schuster (Bibi), Herrn G\u00fcnther und dem Sch\u00fclervertreter Simon B., der in 2012 ins Finale des Regionalentscheids vorgesto\u00dfen war. Debattenthema war die Frage, ob Lehrer mit Sch\u00fclern in sozialen Netzwerken kommunizieren d\u00fcrfen. In einer engagierten Vorstellung setzten sich schlie\u00dflich Mirjam P. und Sarah S. durch und zogen als Vertreter der Kreuzburg ins Regionalfinale am 18.2.2013 an der Otto-Hahn-Schule in Hanau ein. Die Jury w\u00fcrdigte die gezeigten Leistungen, alle vier Finalteilnehmer wurden mit Buchpreisen und Urkunden ausgezeichnet.<\/p>","protected":false},"excerpt":{"rendered":"\u201eWer reden kann, kann gemeinsam mit anderen etwas bewegen.\u201c Am bundesweiten Wettbewerb \u201eJugend debattiert\u201c nimmt das Franziskanergymnasium Kreuzburg seit neun Jahren erfolgreich teil: Bereits zweimal standen Kreuzburgsch\u00fcler im Bundesfinale in Berlin, zuletzt erfolgreich war Anna B., die im letzten Jahr in die Finaldebatte des Regionalentscheids einzog. Auch in diesem Schuljahr waren wieder alle teilnehmenden Schulen aufgerufen, ihre eigenen zwei Schulbesten zu finden, um so das Teilnehmerfeld f\u00fcr den Regionalentscheid zu besetzen. An der Kreuzburg ermittelten deshalb alle Deutschkurse der Jahrgangsstufe 10 zun\u00e4chst ihre kursbesten Debattanten. Aus diesem 16er \u2013 Teilnehmerfeld wurden dann in vier Vorrundendebatten die vier Sch\u00fcler herausgefiltert, die sp\u00e4ter im Schulfinale gegeneinander antreten sollten. Thema der Vorrundendebatten war \u201eSoll in allen Schulkantinen in Deutschland \u2013 auch in unserer Cafeteria &#8211; einmal w\u00f6chentlich nur vegetarisches Essen ausgegeben werden?\u201c F\u00fcr die rein weibliche Enddebatte qualifizieren konnten sich Sarah S., Mirjam P., Nicola P. und Alexandra B.. Dieses Schulfinale, moderiert von Herrn Schieb, fand am 7.2.2014 in der Bibliothek statt. Die fachkundige Jury bestand aus Frau Schuster (Bibi), Herrn G\u00fcnther und dem Sch\u00fclervertreter Simon B., der in 2012 ins Finale des Regionalentscheids vorgesto\u00dfen war. Debattenthema war die Frage, ob Lehrer mit Sch\u00fclern in sozialen Netzwerken kommunizieren d\u00fcrfen. In einer engagierten Vorstellung setzten sich schlie\u00dflich Mirjam P. und Sarah S. durch und zogen als Vertreter der Kreuzburg ins Regionalfinale am 18.2.2013 an der Otto-Hahn-Schule in Hanau ein. Die Jury w\u00fcrdigte die gezeigten Leistungen, alle vier Finalteilnehmer wurden mit Buchpreisen und Urkunden ausgezeichnet.","protected":false},"author":3,"featured_media":1892,"comment_status":"closed","ping_status":"closed","sticky":false,"template":"","format":"standard","meta":{"ngg_post_thumbnail":0,"footnotes":""},"categories":[1,252],"tags":[],"class_list":["post-1891","post","type-post","status-publish","format-standard","has-post-thumbnail","hentry","category-allgemein","category-fachbereich-1"],"publishpress_future_action":{"enabled":false,"date":"2026-05-02 11:40:19","action":"change-status","newStatus":"draft","terms":[],"taxonomy":"category","extraData":[]},"publishpress_future_workflow_manual_trigger":{"enabledWorkflows":[]},"_links":{"self":[{"href":"https:\/\/franziskanergymnasium-kreuzburg.de\/cms\/wp-json\/wp\/v2\/posts\/1891","targetHints":{"allow":["GET"]}}],"collection":[{"href":"https:\/\/franziskanergymnasium-kreuzburg.de\/cms\/wp-json\/wp\/v2\/posts"}],"about":[{"href":"https:\/\/franziskanergymnasium-kreuzburg.de\/cms\/wp-json\/wp\/v2\/types\/post"}],"author":[{"embeddable":true,"href":"https:\/\/franziskanergymnasium-kreuzburg.de\/cms\/wp-json\/wp\/v2\/users\/3"}],"replies":[{"embeddable":true,"href":"https:\/\/franziskanergymnasium-kreuzburg.de\/cms\/wp-json\/wp\/v2\/comments?post=1891"}],"version-history":[{"count":2,"href":"https:\/\/franziskanergymnasium-kreuzburg.de\/cms\/wp-json\/wp\/v2\/posts\/1891\/revisions"}],"predecessor-version":[{"id":1895,"href":"https:\/\/franziskanergymnasium-kreuzburg.de\/cms\/wp-json\/wp\/v2\/posts\/1891\/revisions\/1895"}],"wp:featuredmedia":[{"embeddable":true,"href":"https:\/\/franziskanergymnasium-kreuzburg.de\/cms\/wp-json\/wp\/v2\/media\/1892"}],"wp:attachment":[{"href":"https:\/\/franziskanergymnasium-kreuzburg.de\/cms\/wp-json\/wp\/v2\/media?parent=1891"}],"wp:term":[{"taxonomy":"category","embeddable":true,"href":"https:\/\/franziskanergymnasium-kreuzburg.de\/cms\/wp-json\/wp\/v2\/categories?post=1891"},{"taxonomy":"post_tag","embeddable":true,"href":"https:\/\/franziskanergymnasium-kreuzburg.de\/cms\/wp-json\/wp\/v2\/tags?post=1891"}],"curies":[{"name":"wp","href":"https:\/\/api.w.org\/{rel}","templated":true}]}}