{"id":18934,"date":"2018-06-18T17:40:41","date_gmt":"2018-06-18T15:40:41","guid":{"rendered":"https:\/\/franziskanergymnasium-kreuzburg.de\/cms\/?p=18934"},"modified":"2018-06-18T17:47:21","modified_gmt":"2018-06-18T15:47:21","slug":"__trashed-2","status":"publish","type":"post","link":"https:\/\/franziskanergymnasium-kreuzburg.de\/cms\/__trashed-2\/","title":{"rendered":"Treffen der Ehemaligen"},"content":{"rendered":"<p><a attid=\"18937\"  href=\"https:\/\/franziskanergymnasium-kreuzburg.de\/cms\/wp-content\/uploads\/2018\/06\/2018_06Babbelabendr20.jpg\" data-rel=fancybox rel=\"lightbox[18934]\"><img loading=\"lazy\" decoding=\"async\" src=\"https:\/\/franziskanergymnasium-kreuzburg.de\/cms\/wp-content\/uploads\/2018\/06\/2018_06Babbelabendr20-200x300.jpg\" alt=\"\" width=\"200\" height=\"300\" class=\"alignright size-medium wp-image-18937\" srcset=\"https:\/\/franziskanergymnasium-kreuzburg.de\/cms\/wp-content\/uploads\/2018\/06\/2018_06Babbelabendr20-200x300.jpg 200w, https:\/\/franziskanergymnasium-kreuzburg.de\/cms\/wp-content\/uploads\/2018\/06\/2018_06Babbelabendr20-768x1152.jpg 768w, https:\/\/franziskanergymnasium-kreuzburg.de\/cms\/wp-content\/uploads\/2018\/06\/2018_06Babbelabendr20-683x1024.jpg 683w\" sizes=\"auto, (max-width: 200px) 100vw, 200px\" \/><\/a>Am Samstag des Schulfestes trafen sich zahlreiche ehemalige Sch\u00fcler untereinander und mit ihren Lehrern. Nat\u00fcrlich gabe es viel zu erz\u00e4hlen.<p><\/p>\r\nEin ausf\u00fchrlicher Bericht zum Ehemaligentag erscheint in K\u00fcrze. Vorab schon ein paar fotografische Eindr\u00fccke <a href=\"https:\/\/franziskanergymnasium-kreuzburg.de\/cms\/babbelabend-am-ehemaligentag\/\">hier<\/a>.<\/p>","protected":false},"excerpt":{"rendered":"Am Samstag des Schulfestes trafen sich zahlreiche ehemalige Sch\u00fcler untereinander und mit ihren Lehrern. Nat\u00fcrlich gabe es viel zu erz\u00e4hlen. Ein ausf\u00fchrlicher Bericht zum Ehemaligentag erscheint in K\u00fcrze. Vorab schon ein paar fotografische Eindr\u00fccke hier.","protected":false},"author":3,"featured_media":18984,"comment_status":"closed","ping_status":"closed","sticky":false,"template":"","format":"standard","meta":{"ngg_post_thumbnail":0,"footnotes":""},"categories":[317,370],"tags":[],"class_list":["post-18934","post","type-post","status-publish","format-standard","has-post-thumbnail","hentry","category-jubilaeum","category-schulfest"],"publishpress_future_action":{"enabled":false,"date":"2026-05-02 11:31:18","action":"change-status","newStatus":"draft","terms":[],"taxonomy":"category","extraData":[]},"publishpress_future_workflow_manual_trigger":{"enabledWorkflows":[]},"_links":{"self":[{"href":"https:\/\/franziskanergymnasium-kreuzburg.de\/cms\/wp-json\/wp\/v2\/posts\/18934","targetHints":{"allow":["GET"]}}],"collection":[{"href":"https:\/\/franziskanergymnasium-kreuzburg.de\/cms\/wp-json\/wp\/v2\/posts"}],"about":[{"href":"https:\/\/franziskanergymnasium-kreuzburg.de\/cms\/wp-json\/wp\/v2\/types\/post"}],"author":[{"embeddable":true,"href":"https:\/\/franziskanergymnasium-kreuzburg.de\/cms\/wp-json\/wp\/v2\/users\/3"}],"replies":[{"embeddable":true,"href":"https:\/\/franziskanergymnasium-kreuzburg.de\/cms\/wp-json\/wp\/v2\/comments?post=18934"}],"version-history":[{"count":4,"href":"https:\/\/franziskanergymnasium-kreuzburg.de\/cms\/wp-json\/wp\/v2\/posts\/18934\/revisions"}],"predecessor-version":[{"id":18983,"href":"https:\/\/franziskanergymnasium-kreuzburg.de\/cms\/wp-json\/wp\/v2\/posts\/18934\/revisions\/18983"}],"wp:featuredmedia":[{"embeddable":true,"href":"https:\/\/franziskanergymnasium-kreuzburg.de\/cms\/wp-json\/wp\/v2\/media\/18984"}],"wp:attachment":[{"href":"https:\/\/franziskanergymnasium-kreuzburg.de\/cms\/wp-json\/wp\/v2\/media?parent=18934"}],"wp:term":[{"taxonomy":"category","embeddable":true,"href":"https:\/\/franziskanergymnasium-kreuzburg.de\/cms\/wp-json\/wp\/v2\/categories?post=18934"},{"taxonomy":"post_tag","embeddable":true,"href":"https:\/\/franziskanergymnasium-kreuzburg.de\/cms\/wp-json\/wp\/v2\/tags?post=18934"}],"curies":[{"name":"wp","href":"https:\/\/api.w.org\/{rel}","templated":true}]}}