{"id":19547,"date":"2018-08-08T11:50:23","date_gmt":"2018-08-08T09:50:23","guid":{"rendered":"https:\/\/franziskanergymnasium-kreuzburg.de\/cms\/?p=19547"},"modified":"2019-09-30T19:25:14","modified_gmt":"2019-09-30T17:25:14","slug":"herzlichen-glueckwunsch-zur-bestandenen-dele-pruefung","status":"publish","type":"post","link":"https:\/\/franziskanergymnasium-kreuzburg.de\/cms\/herzlichen-glueckwunsch-zur-bestandenen-dele-pruefung\/","title":{"rendered":"Herzlichen Gl\u00fcckwunsch zur bestandenen DELE-Pr\u00fcfung!"},"content":{"rendered":"<a href=\"https:\/\/franziskanergymnasium-kreuzburg.de\/cms\/wp-content\/uploads\/2018\/08\/dele.jpg\" rel=\"lightbox[19547]\"><img decoding=\"async\" src=\"https:\/\/franziskanergymnasium-kreuzburg.de\/cms\/wp-content\/uploads\/2018\/08\/dele.jpg\" alt=\"\" width=\"200\" class=\"alignright size-full wp-image-19551\" srcset=\"https:\/\/franziskanergymnasium-kreuzburg.de\/cms\/wp-content\/uploads\/2018\/08\/dele.jpg 900w, https:\/\/franziskanergymnasium-kreuzburg.de\/cms\/wp-content\/uploads\/2018\/08\/dele-300x200.jpg 300w, https:\/\/franziskanergymnasium-kreuzburg.de\/cms\/wp-content\/uploads\/2018\/08\/dele-768x512.jpg 768w\" sizes=\"(max-width: 900px) 100vw, 900px\" \/><\/a><p>In den Sommerferien haben f\u00fcnf Sch\u00fclerinnen und Sch\u00fcler der ehemaligen Jahrgangsstufe 9 die Nachricht direkt aus Spanien erhalten, dass sie die DELE-Pr\u00fcfung bestanden haben. Wir gratulieren Giovanna D., Fiona-Marie M., Nick O., Lisa P. und Jannick W. ganz herzlich zum DELE-Zertifikat!<br \/>\r\nAm 18.05. fuhren die f\u00fcnf Sch\u00fclerinnen und Sch\u00fcler zusammen mit Herrn Sauer nach Frankfurt ins Instituto Cervantes und haben sich der aus vier unterschiedlichen Pr\u00fcfungsteilen bestehenden Spanischpr\u00fcfung gestellt. Einen ganzen Tag hat die Pr\u00fcfung gedauert und war anstrengend; hat aber auch allen sehr viel Spa\u00df gemacht. Das Ergebnis kann sich sehen lassen und die Sch\u00fclerinnen und Sch\u00fcler k\u00f6nnen sehr stolz auf ihre Leistungen sein &#8211; die Fachschaft Spanisch ist es auch.<\/p>\r\n\r\n<p>Auch in diesem Schuljahr 2018-19 bietet Herr Sauer wieder einen Vorbereitungskurs f\u00fcr Sch\u00fclerinnen und Sch\u00fcler der Jahrgangsstufe 9 an, in welchem die Sch\u00fcler auf die DELE-Pr\u00fcfung A2\/B1 escolar vorbereitet werden. Stattfinden wird die Pr\u00fcfung voraussichtlich im Mai 2019. Weitere Informationen dazu finden Sie hier: <a href=\"https:\/\/franziskanergymnasium-kreuzburg.de\/cms\/dele\/\">DELE an der Kreuzburg<\/a><\/p>","protected":false},"excerpt":{"rendered":"In den Sommerferien haben f\u00fcnf Sch\u00fclerinnen und Sch\u00fcler der ehemaligen Jahrgangsstufe 9 die Nachricht direkt aus Spanien erhalten, dass sie die DELE-Pr\u00fcfung bestanden haben. Wir gratulieren Giovanna D., Fiona-Marie M., Nick O., Lisa P. und Jannick W. ganz herzlich zum DELE-Zertifikat! Am 18.05. fuhren die f\u00fcnf Sch\u00fclerinnen und Sch\u00fcler zusammen mit Herrn Sauer nach Frankfurt ins Instituto Cervantes und haben sich der aus vier unterschiedlichen Pr\u00fcfungsteilen bestehenden Spanischpr\u00fcfung gestellt. Einen ganzen Tag hat die Pr\u00fcfung gedauert und war anstrengend; hat aber auch allen sehr viel Spa\u00df gemacht. Das Ergebnis kann sich sehen lassen und die Sch\u00fclerinnen und Sch\u00fcler k\u00f6nnen sehr stolz auf ihre Leistungen sein &#8211; die Fachschaft Spanisch ist es auch. Auch in diesem Schuljahr 2018-19 bietet Herr Sauer wieder einen Vorbereitungskurs f\u00fcr Sch\u00fclerinnen und Sch\u00fcler der Jahrgangsstufe 9 an, in welchem die Sch\u00fcler auf die DELE-Pr\u00fcfung A2\/B1 escolar vorbereitet werden. Stattfinden wird die Pr\u00fcfung voraussichtlich im Mai 2019. Weitere Informationen dazu finden Sie hier: DELE an der Kreuzburg","protected":false},"author":1,"featured_media":19551,"comment_status":"closed","ping_status":"closed","sticky":false,"template":"","format":"standard","meta":{"ngg_post_thumbnail":0,"footnotes":""},"categories":[252],"tags":[],"class_list":["post-19547","post","type-post","status-publish","format-standard","has-post-thumbnail","hentry","category-fachbereich-1"],"publishpress_future_action":{"enabled":false,"date":"2026-05-02 11:47:55","action":"change-status","newStatus":"draft","terms":[],"taxonomy":"category","extraData":[]},"publishpress_future_workflow_manual_trigger":{"enabledWorkflows":[]},"_links":{"self":[{"href":"https:\/\/franziskanergymnasium-kreuzburg.de\/cms\/wp-json\/wp\/v2\/posts\/19547","targetHints":{"allow":["GET"]}}],"collection":[{"href":"https:\/\/franziskanergymnasium-kreuzburg.de\/cms\/wp-json\/wp\/v2\/posts"}],"about":[{"href":"https:\/\/franziskanergymnasium-kreuzburg.de\/cms\/wp-json\/wp\/v2\/types\/post"}],"author":[{"embeddable":true,"href":"https:\/\/franziskanergymnasium-kreuzburg.de\/cms\/wp-json\/wp\/v2\/users\/1"}],"replies":[{"embeddable":true,"href":"https:\/\/franziskanergymnasium-kreuzburg.de\/cms\/wp-json\/wp\/v2\/comments?post=19547"}],"version-history":[{"count":7,"href":"https:\/\/franziskanergymnasium-kreuzburg.de\/cms\/wp-json\/wp\/v2\/posts\/19547\/revisions"}],"predecessor-version":[{"id":23492,"href":"https:\/\/franziskanergymnasium-kreuzburg.de\/cms\/wp-json\/wp\/v2\/posts\/19547\/revisions\/23492"}],"wp:featuredmedia":[{"embeddable":true,"href":"https:\/\/franziskanergymnasium-kreuzburg.de\/cms\/wp-json\/wp\/v2\/media\/19551"}],"wp:attachment":[{"href":"https:\/\/franziskanergymnasium-kreuzburg.de\/cms\/wp-json\/wp\/v2\/media?parent=19547"}],"wp:term":[{"taxonomy":"category","embeddable":true,"href":"https:\/\/franziskanergymnasium-kreuzburg.de\/cms\/wp-json\/wp\/v2\/categories?post=19547"},{"taxonomy":"post_tag","embeddable":true,"href":"https:\/\/franziskanergymnasium-kreuzburg.de\/cms\/wp-json\/wp\/v2\/tags?post=19547"}],"curies":[{"name":"wp","href":"https:\/\/api.w.org\/{rel}","templated":true}]}}