{"id":20087,"date":"2018-09-24T09:56:40","date_gmt":"2018-09-24T07:56:40","guid":{"rendered":"https:\/\/franziskanergymnasium-kreuzburg.de\/cms\/?p=20087"},"modified":"2018-09-24T16:11:35","modified_gmt":"2018-09-24T14:11:35","slug":"outdoor-aktionen-auch-in-diesem-schuljahr-wieder-geplant-start-mit-fledermaus-abend-und-kelternachmittag","status":"publish","type":"post","link":"https:\/\/franziskanergymnasium-kreuzburg.de\/cms\/outdoor-aktionen-auch-in-diesem-schuljahr-wieder-geplant-start-mit-fledermaus-abend-und-kelternachmittag\/","title":{"rendered":"Outdoor-Aktionen auch in diesem Schuljahr wieder geplant  &#8211; Start mit Fledermaus-Abend und Kelternachmittag"},"content":{"rendered":"<p>Wie bereits im vergangenen Jahr, wird es auch in diesem Schuljahr wieder Outdoor-Angebote f\u00fcr Sch\u00fcler-\/innen der 5.-7. Klassen unter der Leitung von Waldp\u00e4dagogin Alexandra Mohler geben. Die Termine werden immer kurz vorher per Mail bekanntgegeben.<\/p><p>\r\n \r\n\r\n<a attid=\"20090\"  href=\"https:\/\/franziskanergymnasium-kreuzburg.de\/cms\/wp-content\/uploads\/2018\/09\/Fledermaus2.jpg\" data-rel=fancybox rel=\"lightbox[20087]\"><img loading=\"lazy\" decoding=\"async\" src=\"https:\/\/franziskanergymnasium-kreuzburg.de\/cms\/wp-content\/uploads\/2018\/09\/Fledermaus2-300x212.jpg\" alt=\"\" width=\"300\" height=\"212\" class=\"alignright size-medium wp-image-20090\" srcset=\"https:\/\/franziskanergymnasium-kreuzburg.de\/cms\/wp-content\/uploads\/2018\/09\/Fledermaus2-300x212.jpg 300w, https:\/\/franziskanergymnasium-kreuzburg.de\/cms\/wp-content\/uploads\/2018\/09\/Fledermaus2-768x543.jpg 768w, https:\/\/franziskanergymnasium-kreuzburg.de\/cms\/wp-content\/uploads\/2018\/09\/Fledermaus2-1024x724.jpg 1024w, https:\/\/franziskanergymnasium-kreuzburg.de\/cms\/wp-content\/uploads\/2018\/09\/Fledermaus2.jpg 1400w\" sizes=\"auto, (max-width: 300px) 100vw, 300px\" \/><\/a>\r\n\r\nDen Auftakt machte am 14. September ein Fledermausabend f\u00fcr die ganze Familie. Die Resonanz war gr\u00f6\u00dfer als erwartet. So war Frau Drews netterweise als Unterst\u00fctzung dabei.<br>\r\n<a attid=\"20091\"  href=\"https:\/\/franziskanergymnasium-kreuzburg.de\/cms\/wp-content\/uploads\/2018\/09\/Fledermaus1.jpg\" data-rel=fancybox rel=\"lightbox[20087]\"><img loading=\"lazy\" decoding=\"async\" src=\"https:\/\/franziskanergymnasium-kreuzburg.de\/cms\/wp-content\/uploads\/2018\/09\/Fledermaus1-300x188.jpg\" alt=\"\" width=\"300\" height=\"188\" class=\"alignright size-medium wp-image-20091\" srcset=\"https:\/\/franziskanergymnasium-kreuzburg.de\/cms\/wp-content\/uploads\/2018\/09\/Fledermaus1-300x188.jpg 300w, https:\/\/franziskanergymnasium-kreuzburg.de\/cms\/wp-content\/uploads\/2018\/09\/Fledermaus1-768x480.jpg 768w, https:\/\/franziskanergymnasium-kreuzburg.de\/cms\/wp-content\/uploads\/2018\/09\/Fledermaus1-1024x640.jpg 1024w, https:\/\/franziskanergymnasium-kreuzburg.de\/cms\/wp-content\/uploads\/2018\/09\/Fledermaus1.jpg 1417w\" sizes=\"auto, (max-width: 300px) 100vw, 300px\" \/><\/a>Die Stunde bis zur D\u00e4mmerung wurde vor der Cafeteria dazu genutzt, mehr \u00fcber das Leben der Flederm\u00e4use zu erfahren. In Deutschland gibt es 25 Arten, die kleinste davon passt in eine Streichholzschachtel. Verschiedene Fotos von Flederm\u00e4usen wurden gezeigt und lagen zur Ansicht auf den Tischen. Darauf konnte man z.B. erkennen, dass sie mit ihren H\u00e4nden (die \u00e4hnlich aufgebaut sind wie unsere) fliegen und sie immer kopf\u00fcber in der H\u00f6hle h\u00e4ngen. Die verschiedenen Fangtechniken und das Prinzip der Echoortung wurden mit Spielen verst\u00e4ndlich gemacht.<br>\r\n<a attid=\"20089\"  href=\"https:\/\/franziskanergymnasium-kreuzburg.de\/cms\/wp-content\/uploads\/2018\/09\/Fledermaus3.jpg\" data-rel=fancybox rel=\"lightbox[20087]\"><img loading=\"lazy\" decoding=\"async\" src=\"https:\/\/franziskanergymnasium-kreuzburg.de\/cms\/wp-content\/uploads\/2018\/09\/Fledermaus3-300x178.jpg\" alt=\"\" width=\"300\" height=\"178\" class=\"alignright size-medium wp-image-20089\" srcset=\"https:\/\/franziskanergymnasium-kreuzburg.de\/cms\/wp-content\/uploads\/2018\/09\/Fledermaus3-300x178.jpg 300w, https:\/\/franziskanergymnasium-kreuzburg.de\/cms\/wp-content\/uploads\/2018\/09\/Fledermaus3-768x455.jpg 768w, https:\/\/franziskanergymnasium-kreuzburg.de\/cms\/wp-content\/uploads\/2018\/09\/Fledermaus3-1024x606.jpg 1024w, https:\/\/franziskanergymnasium-kreuzburg.de\/cms\/wp-content\/uploads\/2018\/09\/Fledermaus3.jpg 1181w\" sizes=\"auto, (max-width: 300px) 100vw, 300px\" \/><\/a>\r\nZum Beobachten ging es dann auf den Sportplatz neben der Turnhalle, bzw. auf die Wiese daneben. Alle schauten gespannt in den Himmel. Da Frau Mohler und Frau Drews insgesamt vier Fledermausdetektoren mitgebracht und verteilt hatten, konnte man manche Flederm\u00e4use bereits vor dem Sehen h\u00f6ren. Denn die Detektoren wandeln die f\u00fcr uns nicht h\u00f6rbaren Rufe in T\u00f6ne um. <br>\r\nF\u00fcr alle war es ein spannender Abend.<br>\r\nEine Wiederholung der Verantstaltung wird es ganz sicher im n\u00e4chsten Jahr geben. Dann k\u00f6nnen auch die Familien mitkommen, die dieses Mal leider keinen Platz mehr bekommen haben.<\/p><p>\r\n \r\n<a attid=\"20092\"  href=\"https:\/\/franziskanergymnasium-kreuzburg.de\/cms\/wp-content\/uploads\/2018\/09\/Keltern3.jpg\" data-rel=fancybox rel=\"lightbox[20087]\"><img loading=\"lazy\" decoding=\"async\" src=\"https:\/\/franziskanergymnasium-kreuzburg.de\/cms\/wp-content\/uploads\/2018\/09\/Keltern3-204x300.jpg\" alt=\"\" width=\"204\" height=\"300\" class=\"alignleft size-medium wp-image-20092\" srcset=\"https:\/\/franziskanergymnasium-kreuzburg.de\/cms\/wp-content\/uploads\/2018\/09\/Keltern3-204x300.jpg 204w, https:\/\/franziskanergymnasium-kreuzburg.de\/cms\/wp-content\/uploads\/2018\/09\/Keltern3-768x1127.jpg 768w, https:\/\/franziskanergymnasium-kreuzburg.de\/cms\/wp-content\/uploads\/2018\/09\/Keltern3-698x1024.jpg 698w, https:\/\/franziskanergymnasium-kreuzburg.de\/cms\/wp-content\/uploads\/2018\/09\/Keltern3.jpg 954w\" sizes=\"auto, (max-width: 204px) 100vw, 204px\" \/><\/a>\r\n\r\n<a attid=\"20093\"  href=\"https:\/\/franziskanergymnasium-kreuzburg.de\/cms\/wp-content\/uploads\/2018\/09\/Keltern1.jpg\" data-rel=fancybox rel=\"lightbox[20087]\"><img loading=\"lazy\" decoding=\"async\" src=\"https:\/\/franziskanergymnasium-kreuzburg.de\/cms\/wp-content\/uploads\/2018\/09\/Keltern1-300x226.jpg\" alt=\"\" width=\"300\" height=\"226\" class=\"alignright size-medium wp-image-20093\" srcset=\"https:\/\/franziskanergymnasium-kreuzburg.de\/cms\/wp-content\/uploads\/2018\/09\/Keltern1-300x226.jpg 300w, https:\/\/franziskanergymnasium-kreuzburg.de\/cms\/wp-content\/uploads\/2018\/09\/Keltern1-768x577.jpg 768w, https:\/\/franziskanergymnasium-kreuzburg.de\/cms\/wp-content\/uploads\/2018\/09\/Keltern1-1024x770.jpg 1024w, https:\/\/franziskanergymnasium-kreuzburg.de\/cms\/wp-content\/uploads\/2018\/09\/Keltern1.jpg 1181w\" sizes=\"auto, (max-width: 300px) 100vw, 300px\" \/><\/a>\r\n\r\n<a attid=\"20094\"  href=\"https:\/\/franziskanergymnasium-kreuzburg.de\/cms\/wp-content\/uploads\/2018\/09\/Keltern-2.jpg\" data-rel=fancybox rel=\"lightbox[20087]\"><img loading=\"lazy\" decoding=\"async\" src=\"https:\/\/franziskanergymnasium-kreuzburg.de\/cms\/wp-content\/uploads\/2018\/09\/Keltern-2-300x220.jpg\" alt=\"\" width=\"300\" height=\"220\" class=\"alignright size-medium wp-image-20094\" srcset=\"https:\/\/franziskanergymnasium-kreuzburg.de\/cms\/wp-content\/uploads\/2018\/09\/Keltern-2-300x220.jpg 300w, https:\/\/franziskanergymnasium-kreuzburg.de\/cms\/wp-content\/uploads\/2018\/09\/Keltern-2-768x563.jpg 768w, https:\/\/franziskanergymnasium-kreuzburg.de\/cms\/wp-content\/uploads\/2018\/09\/Keltern-2-1024x750.jpg 1024w, https:\/\/franziskanergymnasium-kreuzburg.de\/cms\/wp-content\/uploads\/2018\/09\/Keltern-2.jpg 1063w\" sizes=\"auto, (max-width: 300px) 100vw, 300px\" \/><\/a>Auch die Kelteraktion am NABU-Heim wurde gut angenommen, dieses Mal nat\u00fcrlich ohne Eltern. Da die Zeit leider nicht zum Sammeln und Keltern reichte, hatte Frau Mohler einige S\u00e4cke verschiedener Sorten mitgebracht. Unterst\u00fctzung kam auch von der Outdoor-AG. Herr Kessler sammelte erst mit seinen Sch\u00fclern\/Sch\u00fclerinnen auf der Wiese weitere \u00c4pfel und kam dann zum NABU-Heim hinzu, um mit anzupacken.<br>\r\nZuerst wurden die \u00c4pfel gewaschen, dann in St\u00fccke geschnitten, in einer M\u00fchle gemahlen und anschlie\u00dfend nat\u00fcrlich gepresst. Alle hatten viel Spa\u00df dabei und die mitgebrachten Flaschen wurden schnell mit leckerem Most gef\u00fcllt und mit nach Hause genommen.<\/p><p>\r\n","protected":false},"excerpt":{"rendered":"Wie bereits im vergangenen Jahr, wird es auch in diesem Schuljahr wieder Outdoor-Angebote f\u00fcr Sch\u00fcler-\/innen der 5.-7. Klassen unter der Leitung von Waldp\u00e4dagogin Alexandra Mohler geben. Die Termine werden immer kurz vorher per Mail bekanntgegeben. Den Auftakt machte am 14. September ein Fledermausabend f\u00fcr die ganze Familie. Die Resonanz war gr\u00f6\u00dfer als erwartet. So war Frau Drews netterweise als Unterst\u00fctzung dabei. Die Stunde bis zur D\u00e4mmerung wurde vor der Cafeteria dazu genutzt, mehr \u00fcber das Leben der Flederm\u00e4use zu erfahren. In Deutschland gibt es 25 Arten, die kleinste davon passt in eine Streichholzschachtel. Verschiedene Fotos von Flederm\u00e4usen wurden gezeigt und lagen zur Ansicht auf den Tischen. Darauf konnte man z.B. erkennen, dass sie mit ihren H\u00e4nden (die \u00e4hnlich aufgebaut sind wie unsere) fliegen und sie immer kopf\u00fcber in der H\u00f6hle h\u00e4ngen. Die verschiedenen Fangtechniken und das Prinzip der Echoortung wurden mit Spielen verst\u00e4ndlich gemacht. Zum Beobachten ging es dann auf den Sportplatz neben der Turnhalle, bzw. auf die Wiese daneben. Alle schauten gespannt in den Himmel. Da Frau Mohler und Frau Drews insgesamt vier Fledermausdetektoren mitgebracht und verteilt hatten, konnte man manche Flederm\u00e4use bereits vor dem Sehen h\u00f6ren. Denn die Detektoren wandeln die f\u00fcr uns nicht h\u00f6rbaren Rufe in T\u00f6ne um. F\u00fcr alle war es ein spannender Abend. Eine Wiederholung der Verantstaltung wird es ganz sicher im n\u00e4chsten Jahr geben. Dann k\u00f6nnen auch die Familien mitkommen, die dieses Mal leider keinen Platz mehr bekommen haben. Auch die Kelteraktion am NABU-Heim wurde gut angenommen, dieses Mal nat\u00fcrlich ohne Eltern. Da die Zeit leider nicht zum Sammeln und Keltern reichte, hatte Frau Mohler einige S\u00e4cke verschiedener Sorten mitgebracht. Unterst\u00fctzung kam auch von der Outdoor-AG. Herr Kessler sammelte erst mit seinen Sch\u00fclern\/Sch\u00fclerinnen auf der Wiese weitere \u00c4pfel und kam dann zum NABU-Heim hinzu, um mit anzupacken. Zuerst wurden die \u00c4pfel gewaschen, dann in St\u00fccke geschnitten, in einer M\u00fchle gemahlen und anschlie\u00dfend nat\u00fcrlich gepresst. Alle hatten viel Spa\u00df dabei und die mitgebrachten Flaschen wurden schnell mit leckerem Most gef\u00fcllt und mit nach Hause genommen.","protected":false},"author":3,"featured_media":20088,"comment_status":"closed","ping_status":"closed","sticky":false,"template":"","format":"standard","meta":{"ngg_post_thumbnail":0,"footnotes":""},"categories":[251],"tags":[],"class_list":["post-20087","post","type-post","status-publish","format-standard","has-post-thumbnail","hentry","category-fachbereich-3"],"publishpress_future_action":{"enabled":false,"date":"2026-05-04 21:03:46","action":"change-status","newStatus":"draft","terms":[],"taxonomy":"category","extraData":[]},"publishpress_future_workflow_manual_trigger":{"enabledWorkflows":[]},"_links":{"self":[{"href":"https:\/\/franziskanergymnasium-kreuzburg.de\/cms\/wp-json\/wp\/v2\/posts\/20087","targetHints":{"allow":["GET"]}}],"collection":[{"href":"https:\/\/franziskanergymnasium-kreuzburg.de\/cms\/wp-json\/wp\/v2\/posts"}],"about":[{"href":"https:\/\/franziskanergymnasium-kreuzburg.de\/cms\/wp-json\/wp\/v2\/types\/post"}],"author":[{"embeddable":true,"href":"https:\/\/franziskanergymnasium-kreuzburg.de\/cms\/wp-json\/wp\/v2\/users\/3"}],"replies":[{"embeddable":true,"href":"https:\/\/franziskanergymnasium-kreuzburg.de\/cms\/wp-json\/wp\/v2\/comments?post=20087"}],"version-history":[{"count":5,"href":"https:\/\/franziskanergymnasium-kreuzburg.de\/cms\/wp-json\/wp\/v2\/posts\/20087\/revisions"}],"predecessor-version":[{"id":20156,"href":"https:\/\/franziskanergymnasium-kreuzburg.de\/cms\/wp-json\/wp\/v2\/posts\/20087\/revisions\/20156"}],"wp:featuredmedia":[{"embeddable":true,"href":"https:\/\/franziskanergymnasium-kreuzburg.de\/cms\/wp-json\/wp\/v2\/media\/20088"}],"wp:attachment":[{"href":"https:\/\/franziskanergymnasium-kreuzburg.de\/cms\/wp-json\/wp\/v2\/media?parent=20087"}],"wp:term":[{"taxonomy":"category","embeddable":true,"href":"https:\/\/franziskanergymnasium-kreuzburg.de\/cms\/wp-json\/wp\/v2\/categories?post=20087"},{"taxonomy":"post_tag","embeddable":true,"href":"https:\/\/franziskanergymnasium-kreuzburg.de\/cms\/wp-json\/wp\/v2\/tags?post=20087"}],"curies":[{"name":"wp","href":"https:\/\/api.w.org\/{rel}","templated":true}]}}