{"id":21002,"date":"2019-01-27T21:43:11","date_gmt":"2019-01-27T20:43:11","guid":{"rendered":"https:\/\/franziskanergymnasium-kreuzburg.de\/cms\/?p=21002"},"modified":"2019-01-27T21:43:47","modified_gmt":"2019-01-27T20:43:47","slug":"gespraechsrunde-mit-manfred-deselaers","status":"publish","type":"post","link":"https:\/\/franziskanergymnasium-kreuzburg.de\/cms\/gespraechsrunde-mit-manfred-deselaers\/","title":{"rendered":"Gespr\u00e4chsrunde mit Manfred Deselaers"},"content":{"rendered":"<a attid=\"21004\"  href=\"https:\/\/franziskanergymnasium-kreuzburg.de\/cms\/wp-content\/uploads\/2019\/01\/2019_02Bild2.jpg\" data-rel=fancybox rel=\"lightbox[21002]\"><img decoding=\"async\" src=\"https:\/\/franziskanergymnasium-kreuzburg.de\/cms\/wp-content\/uploads\/2019\/01\/2019_02Bild2-211x300.jpg\" alt=\"\" width=\"141\"  class=\"alignright size-medium wp-image-21004\" srcset=\"https:\/\/franziskanergymnasium-kreuzburg.de\/cms\/wp-content\/uploads\/2019\/01\/2019_02Bild2-211x300.jpg 211w, https:\/\/franziskanergymnasium-kreuzburg.de\/cms\/wp-content\/uploads\/2019\/01\/2019_02Bild2-768x1091.jpg 768w, https:\/\/franziskanergymnasium-kreuzburg.de\/cms\/wp-content\/uploads\/2019\/01\/2019_02Bild2-721x1024.jpg 721w, https:\/\/franziskanergymnasium-kreuzburg.de\/cms\/wp-content\/uploads\/2019\/01\/2019_02Bild2.jpg 845w\" sizes=\"(max-width: 211px) 100vw, 211px\" \/><\/a>Am vergangenen Freitag waren alle Leistungskurse Geschichte und Religion zu einem Gespr\u00e4ch mit Herrn Pfarrer Manfred Deselaers eingeladen. Seit vielen Jahren arbeitetet er in einem Begegnungszentrum nahe der Gedenkst\u00e4tte Auschwitz und traf schon in der Vergangenheit immer wieder Gruppen der Kreuzburg bei der j\u00e4hrlichen Gedenkst\u00e4ttenfahrt der Abiturienten. Im Zentrum standen seine Erkenntnisse und Reflexionen zu Rudolf H\u00f6\u00df, dem Lagerkommandanten von Auschwitz zu dem er seine Promotion verfasste: \u201eUnd Sie hatten nie Gewissensbisse? Die Biografie von Rudolf H\u00f6\u00df [\u2026]und die Frage nach seiner Verantwortung vor Gott und den Menschen\u201c.<a attid=\"21003\"  href=\"https:\/\/franziskanergymnasium-kreuzburg.de\/cms\/wp-content\/uploads\/2019\/01\/2019_02Bild1.jpg\" data-rel=fancybox rel=\"lightbox[21002]\"><img loading=\"lazy\" decoding=\"async\" src=\"https:\/\/franziskanergymnasium-kreuzburg.de\/cms\/wp-content\/uploads\/2019\/01\/2019_02Bild1-300x185.jpg\" alt=\"\" width=\"300\" height=\"185\" class=\"alignleft size-medium wp-image-21003\" srcset=\"https:\/\/franziskanergymnasium-kreuzburg.de\/cms\/wp-content\/uploads\/2019\/01\/2019_02Bild1-300x185.jpg 300w, https:\/\/franziskanergymnasium-kreuzburg.de\/cms\/wp-content\/uploads\/2019\/01\/2019_02Bild1-768x474.jpg 768w, https:\/\/franziskanergymnasium-kreuzburg.de\/cms\/wp-content\/uploads\/2019\/01\/2019_02Bild1-1024x631.jpg 1024w, https:\/\/franziskanergymnasium-kreuzburg.de\/cms\/wp-content\/uploads\/2019\/01\/2019_02Bild1.jpg 1200w\" sizes=\"auto, (max-width: 300px) 100vw, 300px\" \/><\/a>","protected":false},"excerpt":{"rendered":"Am vergangenen Freitag waren alle Leistungskurse Geschichte und Religion zu einem Gespr\u00e4ch mit Herrn Pfarrer Manfred Deselaers eingeladen. Seit vielen Jahren arbeitetet er in einem Begegnungszentrum nahe der Gedenkst\u00e4tte Auschwitz und traf schon in der Vergangenheit immer wieder Gruppen der Kreuzburg bei der j\u00e4hrlichen Gedenkst\u00e4ttenfahrt der Abiturienten. Im Zentrum standen seine Erkenntnisse und Reflexionen zu Rudolf H\u00f6\u00df, dem Lagerkommandanten von Auschwitz zu dem er seine Promotion verfasste: \u201eUnd Sie hatten nie Gewissensbisse? Die Biografie von Rudolf H\u00f6\u00df [\u2026]und die Frage nach seiner Verantwortung vor Gott und den Menschen\u201c.","protected":false},"author":3,"featured_media":21003,"comment_status":"closed","ping_status":"closed","sticky":false,"template":"","format":"standard","meta":{"ngg_post_thumbnail":0,"footnotes":""},"categories":[1],"tags":[],"class_list":["post-21002","post","type-post","status-publish","format-standard","has-post-thumbnail","hentry","category-allgemein"],"publishpress_future_action":{"enabled":false,"date":"2026-05-02 11:30:25","action":"change-status","newStatus":"draft","terms":[],"taxonomy":"category","extraData":[]},"publishpress_future_workflow_manual_trigger":{"enabledWorkflows":[]},"_links":{"self":[{"href":"https:\/\/franziskanergymnasium-kreuzburg.de\/cms\/wp-json\/wp\/v2\/posts\/21002","targetHints":{"allow":["GET"]}}],"collection":[{"href":"https:\/\/franziskanergymnasium-kreuzburg.de\/cms\/wp-json\/wp\/v2\/posts"}],"about":[{"href":"https:\/\/franziskanergymnasium-kreuzburg.de\/cms\/wp-json\/wp\/v2\/types\/post"}],"author":[{"embeddable":true,"href":"https:\/\/franziskanergymnasium-kreuzburg.de\/cms\/wp-json\/wp\/v2\/users\/3"}],"replies":[{"embeddable":true,"href":"https:\/\/franziskanergymnasium-kreuzburg.de\/cms\/wp-json\/wp\/v2\/comments?post=21002"}],"version-history":[{"count":3,"href":"https:\/\/franziskanergymnasium-kreuzburg.de\/cms\/wp-json\/wp\/v2\/posts\/21002\/revisions"}],"predecessor-version":[{"id":21007,"href":"https:\/\/franziskanergymnasium-kreuzburg.de\/cms\/wp-json\/wp\/v2\/posts\/21002\/revisions\/21007"}],"wp:featuredmedia":[{"embeddable":true,"href":"https:\/\/franziskanergymnasium-kreuzburg.de\/cms\/wp-json\/wp\/v2\/media\/21003"}],"wp:attachment":[{"href":"https:\/\/franziskanergymnasium-kreuzburg.de\/cms\/wp-json\/wp\/v2\/media?parent=21002"}],"wp:term":[{"taxonomy":"category","embeddable":true,"href":"https:\/\/franziskanergymnasium-kreuzburg.de\/cms\/wp-json\/wp\/v2\/categories?post=21002"},{"taxonomy":"post_tag","embeddable":true,"href":"https:\/\/franziskanergymnasium-kreuzburg.de\/cms\/wp-json\/wp\/v2\/tags?post=21002"}],"curies":[{"name":"wp","href":"https:\/\/api.w.org\/{rel}","templated":true}]}}