{"id":21061,"date":"2019-02-04T09:13:10","date_gmt":"2019-02-04T08:13:10","guid":{"rendered":"https:\/\/franziskanergymnasium-kreuzburg.de\/cms\/?p=21061"},"modified":"2019-02-04T09:52:50","modified_gmt":"2019-02-04T08:52:50","slug":"adventsbasar-2018","status":"publish","type":"post","link":"https:\/\/franziskanergymnasium-kreuzburg.de\/cms\/adventsbasar-2018\/","title":{"rendered":"Adventsbasar 2018"},"content":{"rendered":"<p>Nach der \u00fcberaus erfolgreichen Vokabelolympiade im Jubil\u00e4umsjahr fand wieder der traditionelle Adventsbasar als Spendenaktion unserer Schule statt, wenn auch in leicht ver\u00e4nderter Form. Zur Umsetzung unserer Leits\u00e4tze \u201eWIR \u00fcbernehmen Verantwortung [\u2026] in der Einen Welt f\u00fcr die Erm\u00f6glichung gerechter Lebensbedingungen f\u00fcr alle\u201c und \u201eWIR sch\u00e4tzen Werte unseres christlichen Menschenbildes und verwirklichen sie durch respektvollen und achtsamen Umgang mit unserer Umwelt\u201c haben wir uns daf\u00fcr entschieden, dass die Produktpalette von angebotenen Speisen die Merkmale \u201eregional\u201c und \u201ebio\u201c enthalten sollen, auch wenn in Kauf genommen werden musste, dass die Preise dementsprechend angepasst werden mussten.<\/p>\r\n\r\n<h4>Eine Erkl\u00e4rung, warum ein Umdenken stattfinden muss.\u2026<\/h4>\r\n<p>Weiterhin Spenden f\u00fcr die Manuel-Monteiro-Schule in Brasilien zu generieren, um die dortige landwirtschaftliche und nachhaltige Ausbildung von jungen Menschen zu f\u00f6rdern, gleicherma\u00dfen aber nicht darauf zu achten, dass die an unserem Adventsbasar angebotenen Lebensmittel keine Umweltsch\u00e4den hervorrufen, die Lebensgrundlagen f\u00fcr zuk\u00fcnftige Generationen gerade in Brasilien unwiderruflich zerst\u00f6ren, w\u00e4re absurd.<br>\r\nErst k\u00fcrzlich berichtete z.B. wieder die FAZ, dass in Brasilien innerhalb von 12 Monaten Regenw\u00e4lder von der dreimaligen Gr\u00f6\u00dfe des Saarlandes abgeholzt wurden. Der Grund: Fl\u00e4chenbedarf f\u00fcr Viehzucht und Sojaanbau auch f\u00fcr die Massentierhaltung Europas (Quelle: http:\/\/www.faz.net\/aktuell\/wissen\/erde-klima\/brasilien-holzt-seinen-amazonas-regenwald-massiv-ab-14553093.html, abgerufen am 29.08.2018). <br>\r\nWenn es &#8211; wie in den Leits\u00e4tzen formuliert \u2013 unser Ziel ist, zur Bewahrung der Sch\u00f6pfung beizutragen und f\u00fcr gerechte Lebensbedingungen aller Menschen einzutreten, dann ist ein anderes Denken und Handeln f\u00fcr unsere Schulgemeinde unerl\u00e4sslich. Wollen wir also zuk\u00fcnftig Teil der L\u00f6sung und nicht Teil des Problems sein, so sollten wir als erstes daran denken umweltbewusste und nachhaltige Angebote zu machen, die Umweltsch\u00e4den vermeiden und gute Lebensbedingungen f\u00f6rdern und erst als zweites daran, dass wir m\u00f6glichst gro\u00dfe \u00dcbersch\u00fcsse erwirtschaften.<br>\r\nDieser Situation m\u00f6chten wir mit diesem \u00fcberarbeiteten Konzept des Adventsbasars, das zun\u00e4chst versuchsweise umgesetzt werden sollte, entgegnen.<\/p><p>\r\n\r\n<a attid=\"21063\"  href=\"https:\/\/franziskanergymnasium-kreuzburg.de\/cms\/wp-content\/uploads\/2019\/02\/2018_11_30Adventsbasar2.jpg\" data-rel=fancybox rel=\"lightbox[21061]\"><img loading=\"lazy\" decoding=\"async\" src=\"https:\/\/franziskanergymnasium-kreuzburg.de\/cms\/wp-content\/uploads\/2019\/02\/2018_11_30Adventsbasar2-300x177.jpg\" alt=\"\" width=\"300\" height=\"177\" class=\"alignright size-medium wp-image-21063\" srcset=\"https:\/\/franziskanergymnasium-kreuzburg.de\/cms\/wp-content\/uploads\/2019\/02\/2018_11_30Adventsbasar2-300x177.jpg 300w, https:\/\/franziskanergymnasium-kreuzburg.de\/cms\/wp-content\/uploads\/2019\/02\/2018_11_30Adventsbasar2-768x454.jpg 768w, https:\/\/franziskanergymnasium-kreuzburg.de\/cms\/wp-content\/uploads\/2019\/02\/2018_11_30Adventsbasar2-1024x605.jpg 1024w, https:\/\/franziskanergymnasium-kreuzburg.de\/cms\/wp-content\/uploads\/2019\/02\/2018_11_30Adventsbasar2.jpg 1200w\" sizes=\"auto, (max-width: 300px) 100vw, 300px\" \/><\/a>Zusammen mit den Angeboten aus liebevollen Bastelwerken und originellen Aktionen konnten insgesamt stolze 9.258,32 Euro an Spendengeldern erzielt werden, die diesmal den Projekten in \u00c4thiopien und Bolivien sowie Schulprojekten zu Gute kamen. Unser Hilfsprojekt in Brasilien wurde bereits durch den grandiosen Solidarit\u00e4tslauf mit einer gro\u00dfen Spendensumme bedacht. (Weitere Fotos vom Basar in unserer <a href=\"https:\/\/franziskanergymnasium-kreuzburg.de\/cms\/galerie\/nggallery\/allgemeines_album\/Adventsbasar-2018\">Galerie<\/a>).<\/p><p>\r\n\r\n<em>Simone Lux<br>\r\n-Koordinatorin au\u00dferunterrichtlicher Veranstaltungen-<\/p><\/em>\r\n\r\n","protected":false},"excerpt":{"rendered":"Nach der \u00fcberaus erfolgreichen Vokabelolympiade im Jubil\u00e4umsjahr fand wieder der traditionelle Adventsbasar als Spendenaktion unserer Schule statt, wenn auch in leicht ver\u00e4nderter Form. Zur Umsetzung unserer Leits\u00e4tze \u201eWIR \u00fcbernehmen Verantwortung [\u2026] in der Einen Welt f\u00fcr die Erm\u00f6glichung gerechter Lebensbedingungen f\u00fcr alle\u201c und \u201eWIR sch\u00e4tzen Werte unseres christlichen Menschenbildes und verwirklichen sie durch respektvollen und achtsamen Umgang mit unserer Umwelt\u201c haben wir uns daf\u00fcr entschieden, dass die Produktpalette von angebotenen Speisen die Merkmale \u201eregional\u201c und \u201ebio\u201c enthalten sollen, auch wenn in Kauf genommen werden musste, dass die Preise dementsprechend angepasst werden mussten. Eine Erkl\u00e4rung, warum ein Umdenken stattfinden muss.\u2026 Weiterhin Spenden f\u00fcr die Manuel-Monteiro-Schule in Brasilien zu generieren, um die dortige landwirtschaftliche und nachhaltige Ausbildung von jungen Menschen zu f\u00f6rdern, gleicherma\u00dfen aber nicht darauf zu achten, dass die an unserem Adventsbasar angebotenen Lebensmittel keine Umweltsch\u00e4den hervorrufen, die Lebensgrundlagen f\u00fcr zuk\u00fcnftige Generationen gerade in Brasilien unwiderruflich zerst\u00f6ren, w\u00e4re absurd. Erst k\u00fcrzlich berichtete z.B. wieder die FAZ, dass in Brasilien innerhalb von 12 Monaten Regenw\u00e4lder von der dreimaligen Gr\u00f6\u00dfe des Saarlandes abgeholzt wurden. Der Grund: Fl\u00e4chenbedarf f\u00fcr Viehzucht und Sojaanbau auch f\u00fcr die Massentierhaltung Europas (Quelle: http:\/\/www.faz.net\/aktuell\/wissen\/erde-klima\/brasilien-holzt-seinen-amazonas-regenwald-massiv-ab-14553093.html, abgerufen am 29.08.2018). Wenn es &#8211; wie in den Leits\u00e4tzen formuliert \u2013 unser Ziel ist, zur Bewahrung der Sch\u00f6pfung beizutragen und f\u00fcr gerechte Lebensbedingungen aller Menschen einzutreten, dann ist ein anderes Denken und Handeln f\u00fcr unsere Schulgemeinde unerl\u00e4sslich. Wollen wir also zuk\u00fcnftig Teil der L\u00f6sung und nicht Teil des Problems sein, so sollten wir als erstes daran denken umweltbewusste und nachhaltige Angebote zu machen, die Umweltsch\u00e4den vermeiden und gute Lebensbedingungen f\u00f6rdern und erst als zweites daran, dass wir m\u00f6glichst gro\u00dfe \u00dcbersch\u00fcsse erwirtschaften. Dieser Situation m\u00f6chten wir mit diesem \u00fcberarbeiteten Konzept des Adventsbasars, das zun\u00e4chst versuchsweise umgesetzt werden sollte, entgegnen. Zusammen mit den Angeboten aus liebevollen Bastelwerken und originellen Aktionen konnten insgesamt stolze 9.258,32 Euro an Spendengeldern erzielt werden, die diesmal den Projekten in \u00c4thiopien und Bolivien sowie Schulprojekten zu Gute kamen. Unser Hilfsprojekt in Brasilien wurde bereits durch den grandiosen Solidarit\u00e4tslauf mit einer gro\u00dfen Spendensumme bedacht. (Weitere Fotos vom Basar in unserer Galerie). Simone Lux -Koordinatorin au\u00dferunterrichtlicher Veranstaltungen-","protected":false},"author":3,"featured_media":21062,"comment_status":"closed","ping_status":"closed","sticky":false,"template":"","format":"standard","meta":{"ngg_post_thumbnail":0,"footnotes":""},"categories":[1],"tags":[],"class_list":["post-21061","post","type-post","status-publish","format-standard","has-post-thumbnail","hentry","category-allgemein"],"publishpress_future_action":{"enabled":false,"date":"2026-05-02 10:54:22","action":"change-status","newStatus":"draft","terms":[],"taxonomy":"category","extraData":[]},"publishpress_future_workflow_manual_trigger":{"enabledWorkflows":[]},"_links":{"self":[{"href":"https:\/\/franziskanergymnasium-kreuzburg.de\/cms\/wp-json\/wp\/v2\/posts\/21061","targetHints":{"allow":["GET"]}}],"collection":[{"href":"https:\/\/franziskanergymnasium-kreuzburg.de\/cms\/wp-json\/wp\/v2\/posts"}],"about":[{"href":"https:\/\/franziskanergymnasium-kreuzburg.de\/cms\/wp-json\/wp\/v2\/types\/post"}],"author":[{"embeddable":true,"href":"https:\/\/franziskanergymnasium-kreuzburg.de\/cms\/wp-json\/wp\/v2\/users\/3"}],"replies":[{"embeddable":true,"href":"https:\/\/franziskanergymnasium-kreuzburg.de\/cms\/wp-json\/wp\/v2\/comments?post=21061"}],"version-history":[{"count":4,"href":"https:\/\/franziskanergymnasium-kreuzburg.de\/cms\/wp-json\/wp\/v2\/posts\/21061\/revisions"}],"predecessor-version":[{"id":21067,"href":"https:\/\/franziskanergymnasium-kreuzburg.de\/cms\/wp-json\/wp\/v2\/posts\/21061\/revisions\/21067"}],"wp:featuredmedia":[{"embeddable":true,"href":"https:\/\/franziskanergymnasium-kreuzburg.de\/cms\/wp-json\/wp\/v2\/media\/21062"}],"wp:attachment":[{"href":"https:\/\/franziskanergymnasium-kreuzburg.de\/cms\/wp-json\/wp\/v2\/media?parent=21061"}],"wp:term":[{"taxonomy":"category","embeddable":true,"href":"https:\/\/franziskanergymnasium-kreuzburg.de\/cms\/wp-json\/wp\/v2\/categories?post=21061"},{"taxonomy":"post_tag","embeddable":true,"href":"https:\/\/franziskanergymnasium-kreuzburg.de\/cms\/wp-json\/wp\/v2\/tags?post=21061"}],"curies":[{"name":"wp","href":"https:\/\/api.w.org\/{rel}","templated":true}]}}