{"id":21440,"date":"2019-03-07T12:28:46","date_gmt":"2019-03-07T11:28:46","guid":{"rendered":"https:\/\/franziskanergymnasium-kreuzburg.de\/cms\/?p=21440"},"modified":"2019-04-23T10:40:22","modified_gmt":"2019-04-23T08:40:22","slug":"impulse-fuer-die-oesterliche-busszeit-2019","status":"publish","type":"post","link":"https:\/\/franziskanergymnasium-kreuzburg.de\/cms\/impulse-fuer-die-oesterliche-busszeit-2019\/","title":{"rendered":"Impulse f\u00fcr die \u00d6sterliche Bu\u00dfzeit 2019"},"content":{"rendered":"<a attid=\"21447\"  href=\"https:\/\/franziskanergymnasium-kreuzburg.de\/cms\/wp-content\/uploads\/2019\/03\/2019Logo.png\" data-rel=fancybox rel=\"lightbox[21440]\"><img loading=\"lazy\" decoding=\"async\" src=\"https:\/\/franziskanergymnasium-kreuzburg.de\/cms\/wp-content\/uploads\/2019\/03\/2019Logo-203x300.png\" alt=\"\" width=\"203\" height=\"300\" class=\"alignright size-medium wp-image-21447\" srcset=\"https:\/\/franziskanergymnasium-kreuzburg.de\/cms\/wp-content\/uploads\/2019\/03\/2019Logo-203x300.png 203w, https:\/\/franziskanergymnasium-kreuzburg.de\/cms\/wp-content\/uploads\/2019\/03\/2019Logo-768x1133.png 768w, https:\/\/franziskanergymnasium-kreuzburg.de\/cms\/wp-content\/uploads\/2019\/03\/2019Logo-694x1024.png 694w, https:\/\/franziskanergymnasium-kreuzburg.de\/cms\/wp-content\/uploads\/2019\/03\/2019Logo.png 1106w\" sizes=\"auto, (max-width: 203px) 100vw, 203px\" \/><\/a><h3>\u201ePass auf!\u201c \u2013 eine Achtsamkeitskampagne.<\/h3>\r\n<p>Wieder soll die \u00d6sterliche Bu\u00dfzeit in diesem Jahr eine besondere Pr\u00e4gung erhalten. Die Impulse wurden dieses Mal gemeinsam mit der SV vorbereitet. Beim letzten SV-Seminar ist den Teilnehmenden aufgefallen, dass es im Umgang miteinander in der Schule eindeutig Verbesserungsbedarf g\u00e4be. So entstand die Kampagne \u201ePass auf!\u201c, die in den Aschermittwochsgottesdiensten gestartet wurde. Viele Plakate wurden in der Schule aufgeh\u00e4ngt. Sie wollen uns an die n\u00f6tige Achtsamkeit erinnern. Die kommenden Montagsimpulse werden jeweils eines der Stichworte aufgreifen. Sie m\u00f6chten ein w\u00f6chentlicher Antrieb sein.<br>\r\nWir hoffen gemeinsam, dass sich das Klima durch die eine oder andere h\u00f6fliche Geste und Wortwahl positiv ver\u00e4ndern wird.<\/p><p>\r\n\r\nJeweils am fr\u00fchen Montagmorgen k\u00f6nnen Sie die Impulse auf der Homepage der Schule abrufen.<\/p><p>\r\n\r\nViel Freude beim Mitmachen \u2013 und das nicht nur in der Schule!<\/p>","protected":false},"excerpt":{"rendered":"\u201ePass auf!\u201c \u2013 eine Achtsamkeitskampagne. Wieder soll die \u00d6sterliche Bu\u00dfzeit in diesem Jahr eine besondere Pr\u00e4gung erhalten. Die Impulse wurden dieses Mal gemeinsam mit der SV vorbereitet. Beim letzten SV-Seminar ist den Teilnehmenden aufgefallen, dass es im Umgang miteinander in der Schule eindeutig Verbesserungsbedarf g\u00e4be. So entstand die Kampagne \u201ePass auf!\u201c, die in den Aschermittwochsgottesdiensten gestartet wurde. Viele Plakate wurden in der Schule aufgeh\u00e4ngt. Sie wollen uns an die n\u00f6tige Achtsamkeit erinnern. Die kommenden Montagsimpulse werden jeweils eines der Stichworte aufgreifen. Sie m\u00f6chten ein w\u00f6chentlicher Antrieb sein. Wir hoffen gemeinsam, dass sich das Klima durch die eine oder andere h\u00f6fliche Geste und Wortwahl positiv ver\u00e4ndern wird. Jeweils am fr\u00fchen Montagmorgen k\u00f6nnen Sie die Impulse auf der Homepage der Schule abrufen. Viel Freude beim Mitmachen \u2013 und das nicht nur in der Schule!","protected":false},"author":3,"featured_media":21443,"comment_status":"closed","ping_status":"closed","sticky":false,"template":"","format":"standard","meta":{"ngg_post_thumbnail":0,"footnotes":""},"categories":[1],"tags":[],"class_list":["post-21440","post","type-post","status-publish","format-standard","has-post-thumbnail","hentry","category-allgemein"],"publishpress_future_action":{"enabled":false,"date":"2026-05-02 11:31:35","action":"change-status","newStatus":"draft","terms":[],"taxonomy":"category","extraData":[]},"publishpress_future_workflow_manual_trigger":{"enabledWorkflows":[]},"_links":{"self":[{"href":"https:\/\/franziskanergymnasium-kreuzburg.de\/cms\/wp-json\/wp\/v2\/posts\/21440","targetHints":{"allow":["GET"]}}],"collection":[{"href":"https:\/\/franziskanergymnasium-kreuzburg.de\/cms\/wp-json\/wp\/v2\/posts"}],"about":[{"href":"https:\/\/franziskanergymnasium-kreuzburg.de\/cms\/wp-json\/wp\/v2\/types\/post"}],"author":[{"embeddable":true,"href":"https:\/\/franziskanergymnasium-kreuzburg.de\/cms\/wp-json\/wp\/v2\/users\/3"}],"replies":[{"embeddable":true,"href":"https:\/\/franziskanergymnasium-kreuzburg.de\/cms\/wp-json\/wp\/v2\/comments?post=21440"}],"version-history":[{"count":8,"href":"https:\/\/franziskanergymnasium-kreuzburg.de\/cms\/wp-json\/wp\/v2\/posts\/21440\/revisions"}],"predecessor-version":[{"id":21466,"href":"https:\/\/franziskanergymnasium-kreuzburg.de\/cms\/wp-json\/wp\/v2\/posts\/21440\/revisions\/21466"}],"wp:featuredmedia":[{"embeddable":true,"href":"https:\/\/franziskanergymnasium-kreuzburg.de\/cms\/wp-json\/wp\/v2\/media\/21443"}],"wp:attachment":[{"href":"https:\/\/franziskanergymnasium-kreuzburg.de\/cms\/wp-json\/wp\/v2\/media?parent=21440"}],"wp:term":[{"taxonomy":"category","embeddable":true,"href":"https:\/\/franziskanergymnasium-kreuzburg.de\/cms\/wp-json\/wp\/v2\/categories?post=21440"},{"taxonomy":"post_tag","embeddable":true,"href":"https:\/\/franziskanergymnasium-kreuzburg.de\/cms\/wp-json\/wp\/v2\/tags?post=21440"}],"curies":[{"name":"wp","href":"https:\/\/api.w.org\/{rel}","templated":true}]}}