{"id":21476,"date":"2019-03-25T07:25:40","date_gmt":"2019-03-25T06:25:40","guid":{"rendered":"https:\/\/franziskanergymnasium-kreuzburg.de\/cms\/?p=21476"},"modified":"2019-04-23T10:39:37","modified_gmt":"2019-04-23T08:39:37","slug":"laecheln-3-impuls-in-der-oesterlichen-busszeit-2019","status":"publish","type":"post","link":"https:\/\/franziskanergymnasium-kreuzburg.de\/cms\/laecheln-3-impuls-in-der-oesterlichen-busszeit-2019\/","title":{"rendered":"&#8222;L\u00e4cheln&#8220; &#8211; 3. Impuls in der \u00d6sterlichen Bu\u00dfzeit 2019"},"content":{"rendered":"<strong>Montag, 25. M\u00e4rz 2019.<\/strong> <br><br>\r\n<a attid=\"21447\"  href=\"https:\/\/franziskanergymnasium-kreuzburg.de\/cms\/wp-content\/uploads\/2019\/03\/2019Logo.png\" rel=\"lightbox[21476]\"><img decoding=\"async\" src=\"https:\/\/franziskanergymnasium-kreuzburg.de\/cms\/wp-content\/uploads\/2019\/03\/2019Logo-203x300.png\" alt=\"\" width=\"203\"  class=\"alignright size-medium wp-image-21447\" srcset=\"https:\/\/franziskanergymnasium-kreuzburg.de\/cms\/wp-content\/uploads\/2019\/03\/2019Logo-203x300.png 203w, https:\/\/franziskanergymnasium-kreuzburg.de\/cms\/wp-content\/uploads\/2019\/03\/2019Logo-768x1133.png 768w, https:\/\/franziskanergymnasium-kreuzburg.de\/cms\/wp-content\/uploads\/2019\/03\/2019Logo-694x1024.png 694w, https:\/\/franziskanergymnasium-kreuzburg.de\/cms\/wp-content\/uploads\/2019\/03\/2019Logo.png 1106w\" sizes=\"(max-width: 203px) 100vw, 203px\" \/><\/a><h4>Lied:<\/h4>\r\n<p>\u201eIns Wasser f\u00e4llt ein Stein\u201c<\/p>\r\n<h4>Geschichte\r\n<\/h4>\r\n<iframe loading=\"lazy\" width=\"420\" height=\"210\" src=\"https:\/\/www.youtube.com\/embed\/hU9GHUbqK8o\" frameborder=\"0\" allow=\"accelerometer; autoplay; encrypted-media; gyroscope; picture-in-picture\" allowfullscreen><\/iframe>\r\n<h4>Impuls<\/h4>\r\n\u201eDer k\u00fcrzeste Weg zwischen zwei Menschen ist ein L\u00e4cheln\u201c, sagt ein Weisheitsspruch.<br>\r\nUnd eine andere Weisheit sagt: \u201eL\u00e4chle die Welt an, und sie l\u00e4chelt zur\u00fcck!\u201c<br>\r\nJa, das sind sch\u00f6ne Worte \u2013 vielleicht ein wenig kitschig. Doch es stimmt. Es tut gut, wenn du angel\u00e4chelt wirst. Wenn du Sorgen hast, wenn du in dich in schweren Gedanken gefangen f\u00fchlst, dann kann ein L\u00e4cheln deine Seele aufhellen.<\/p><p>\r\n<a attid=\"21455\"  href=\"https:\/\/franziskanergymnasium-kreuzburg.de\/cms\/wp-content\/uploads\/2019\/03\/03_l\u00e4chle.jpg\" rel=\"lightbox[21476]\"><img loading=\"lazy\" decoding=\"async\" src=\"https:\/\/franziskanergymnasium-kreuzburg.de\/cms\/wp-content\/uploads\/2019\/03\/03_l\u00e4chle-300x195.jpg\" alt=\"\" width=\"300\" height=\"195\" class=\"alignright size-medium wp-image-21455\" srcset=\"https:\/\/franziskanergymnasium-kreuzburg.de\/cms\/wp-content\/uploads\/2019\/03\/03_l\u00e4chle-300x195.jpg 300w, https:\/\/franziskanergymnasium-kreuzburg.de\/cms\/wp-content\/uploads\/2019\/03\/03_l\u00e4chle-768x500.jpg 768w, https:\/\/franziskanergymnasium-kreuzburg.de\/cms\/wp-content\/uploads\/2019\/03\/03_l\u00e4chle-1024x666.jpg 1024w, https:\/\/franziskanergymnasium-kreuzburg.de\/cms\/wp-content\/uploads\/2019\/03\/03_l\u00e4chle.jpg 1200w\" sizes=\"auto, (max-width: 300px) 100vw, 300px\" \/><\/a>Deswegen steht diese Woche unter dem Motto:<br>\r\n<strong>Pass auf! L\u00e4chle!<\/strong><\/p><p>\r\n\r\nSei gro\u00dfz\u00fcgig mit deinem L\u00e4cheln. GOTT schenkt dir so viel Gutes. Nimm das wahr und lege deinen Dank daf\u00fcr in ein L\u00e4cheln, und schenke das weiter!<br>\r\nUnd du wirst sehen und sp\u00fcren, wenn du dein L\u00e4cheln verschenkst, wird es freundlich zur\u00fcckkommen. Griesgr\u00e4migkeit wird dann auf Dauer keine Chance haben.<\/p>\r\n<h4>Gebet<\/h4>\r\n<p>Es sei mit dir der Segen Gottes<br>\r\nwie ein L\u00e4cheln der Freundschaft,<br>\r\nso nah wie ein Zunicken,<br>\r\nso sp\u00fcrbar wie eine Umarmung.<\/p><p>\r\n\r\nEs sei mit dir der Segen Gottes<br>\r\nim Atemholen, im Tr\u00e4umen,<br>\r\nim Wachen, im Schmerz,<br>\r\nin der Freude, im Denken, im Tun,<br>\r\nim Verweilen, im Fortgehen.<\/p><p>\r\n\r\nEs sei mit dir der Segen Gottes<br>\r\nwie eine Hand auf deiner Schulter.<\/p><p>\r\n\r\n<em>(Quelle: http:\/\/www.kulturserver.de)<\/em><\/p><p>","protected":false},"excerpt":{"rendered":"Montag, 25. M\u00e4rz 2019. Lied: \u201eIns Wasser f\u00e4llt ein Stein\u201c Geschichte Impuls \u201eDer k\u00fcrzeste Weg zwischen zwei Menschen ist ein L\u00e4cheln\u201c, sagt ein Weisheitsspruch. Und eine andere Weisheit sagt: \u201eL\u00e4chle die Welt an, und sie l\u00e4chelt zur\u00fcck!\u201c Ja, das sind sch\u00f6ne Worte \u2013 vielleicht ein wenig kitschig. Doch es stimmt. Es tut gut, wenn du angel\u00e4chelt wirst. Wenn du Sorgen hast, wenn du in dich in schweren Gedanken gefangen f\u00fchlst, dann kann ein L\u00e4cheln deine Seele aufhellen. Deswegen steht diese Woche unter dem Motto: Pass auf! L\u00e4chle! Sei gro\u00dfz\u00fcgig mit deinem L\u00e4cheln. GOTT schenkt dir so viel Gutes. Nimm das wahr und lege deinen Dank daf\u00fcr in ein L\u00e4cheln, und schenke das weiter! Und du wirst sehen und sp\u00fcren, wenn du dein L\u00e4cheln verschenkst, wird es freundlich zur\u00fcckkommen. Griesgr\u00e4migkeit wird dann auf Dauer keine Chance haben. Gebet Es sei mit dir der Segen Gottes wie ein L\u00e4cheln der Freundschaft, so nah wie ein Zunicken, so sp\u00fcrbar wie eine Umarmung. Es sei mit dir der Segen Gottes im Atemholen, im Tr\u00e4umen, im Wachen, im Schmerz, in der Freude, im Denken, im Tun, im Verweilen, im Fortgehen. Es sei mit dir der Segen Gottes wie eine Hand auf deiner Schulter. (Quelle: http:\/\/www.kulturserver.de)","protected":false},"author":3,"featured_media":21455,"comment_status":"closed","ping_status":"closed","sticky":false,"template":"","format":"standard","meta":{"ngg_post_thumbnail":0,"footnotes":""},"categories":[1],"tags":[],"class_list":["post-21476","post","type-post","status-publish","format-standard","has-post-thumbnail","hentry","category-allgemein"],"publishpress_future_action":{"enabled":false,"date":"2026-05-02 10:12:44","action":"change-status","newStatus":"draft","terms":[],"taxonomy":"category","extraData":[]},"publishpress_future_workflow_manual_trigger":{"enabledWorkflows":[]},"_links":{"self":[{"href":"https:\/\/franziskanergymnasium-kreuzburg.de\/cms\/wp-json\/wp\/v2\/posts\/21476","targetHints":{"allow":["GET"]}}],"collection":[{"href":"https:\/\/franziskanergymnasium-kreuzburg.de\/cms\/wp-json\/wp\/v2\/posts"}],"about":[{"href":"https:\/\/franziskanergymnasium-kreuzburg.de\/cms\/wp-json\/wp\/v2\/types\/post"}],"author":[{"embeddable":true,"href":"https:\/\/franziskanergymnasium-kreuzburg.de\/cms\/wp-json\/wp\/v2\/users\/3"}],"replies":[{"embeddable":true,"href":"https:\/\/franziskanergymnasium-kreuzburg.de\/cms\/wp-json\/wp\/v2\/comments?post=21476"}],"version-history":[{"count":15,"href":"https:\/\/franziskanergymnasium-kreuzburg.de\/cms\/wp-json\/wp\/v2\/posts\/21476\/revisions"}],"predecessor-version":[{"id":21500,"href":"https:\/\/franziskanergymnasium-kreuzburg.de\/cms\/wp-json\/wp\/v2\/posts\/21476\/revisions\/21500"}],"wp:featuredmedia":[{"embeddable":true,"href":"https:\/\/franziskanergymnasium-kreuzburg.de\/cms\/wp-json\/wp\/v2\/media\/21455"}],"wp:attachment":[{"href":"https:\/\/franziskanergymnasium-kreuzburg.de\/cms\/wp-json\/wp\/v2\/media?parent=21476"}],"wp:term":[{"taxonomy":"category","embeddable":true,"href":"https:\/\/franziskanergymnasium-kreuzburg.de\/cms\/wp-json\/wp\/v2\/categories?post=21476"},{"taxonomy":"post_tag","embeddable":true,"href":"https:\/\/franziskanergymnasium-kreuzburg.de\/cms\/wp-json\/wp\/v2\/tags?post=21476"}],"curies":[{"name":"wp","href":"https:\/\/api.w.org\/{rel}","templated":true}]}}