{"id":21615,"date":"2019-04-08T07:30:58","date_gmt":"2019-04-08T05:30:58","guid":{"rendered":"https:\/\/franziskanergymnasium-kreuzburg.de\/cms\/?p=21615"},"modified":"2019-04-23T10:39:20","modified_gmt":"2019-04-23T08:39:20","slug":"halts-maul-5-impuls-in-der-oesterlichen-busszeit","status":"publish","type":"post","link":"https:\/\/franziskanergymnasium-kreuzburg.de\/cms\/halts-maul-5-impuls-in-der-oesterlichen-busszeit\/","title":{"rendered":"&#8222;Halt\u00b4s Maul&#8220; &#8211; 5. Impuls in der \u00d6sterlichen Bu\u00dfzeit"},"content":{"rendered":"<strong>Montag, 8. April 2019.<\/strong> <br><br>\r\n<a attid=\"21447\"  href=\"https:\/\/franziskanergymnasium-kreuzburg.de\/cms\/wp-content\/uploads\/2019\/03\/2019Logo.png\" rel=\"lightbox[21615]\"><img decoding=\"async\" src=\"https:\/\/franziskanergymnasium-kreuzburg.de\/cms\/wp-content\/uploads\/2019\/03\/2019Logo-203x300.png\" alt=\"\" width=\"203\"  class=\"alignright size-medium wp-image-21447\" srcset=\"https:\/\/franziskanergymnasium-kreuzburg.de\/cms\/wp-content\/uploads\/2019\/03\/2019Logo-203x300.png 203w, https:\/\/franziskanergymnasium-kreuzburg.de\/cms\/wp-content\/uploads\/2019\/03\/2019Logo-768x1133.png 768w, https:\/\/franziskanergymnasium-kreuzburg.de\/cms\/wp-content\/uploads\/2019\/03\/2019Logo-694x1024.png 694w, https:\/\/franziskanergymnasium-kreuzburg.de\/cms\/wp-content\/uploads\/2019\/03\/2019Logo.png 1106w\" sizes=\"(max-width: 203px) 100vw, 203px\" \/><\/a><h4>Lied:<\/h4>\r\n<p>\u201eIn \u00c4ngsten die einen\u201c<\/p>\r\n<h4>Geschichte\r\n<\/h4>\r\n<h5> \r\n\r\nHalt\u2019s Maul!<\/h5>\r\n\r\n<p>\u201eDu, sag mal! &#8230;\u201c f\u00e4ngt Christoph vorsichtig an. \u201eAch  halt\u2019s Maul, du Looser! Mit dir spricht hier keiner!\u201c wird er von der Clique der 9. Klasse sofort abgekanzelt.<br>\r\n\u201eIch hab\u2018 da mal \u2018ne Frage, kannst du mir &#8230;!\u201c \u201eWer hat dich denn gefragt, du Dummbacke?\u201c wird Christoph sofort das Wort abgeschnitten. Das Dreiergr\u00fcppchen seiner Klasse wendet sich sofort von ihm ab.<br>\r\n\u201eValerie, ich muss ganz dringend mit &#8230;!\u201c \u201eFuck! Du hast wirklich ein Talent immer im falschen Moment aufzutauchen! Verpiss dich!\u201c<br>\r\n\u201eWenn es nicht wichtig w\u00e4re, w\u00fcrde ich dich nicht st\u00f6ren, Malte. H\u00f6r mir doch bitte mal kurz zu!\u201c Aber Malte zeigt Christoph nur den Stinkefinger und wendet sich wieder seinem Handy zu.<br>\r\nEs schellt. Alle Sch\u00fcler str\u00f6men in die Klassenr\u00e4ume. Verst\u00f6rt setzt sich auch Christoph auf seinen Platz. Der Unterricht beginnt. Christoph bekommt \u00fcberhaupt nichts von der Stunde mit. Er ist in seinen Gedanken versunken. \u201eUnd was haben wir letzte Stunde dazu gelernt, Christoph?\u201c Der Chemie-Lehrer steht wie aus dem Nichts vor ihm und fixiert ihn mit seinen Augen. \u201e\u00c4h, jaaaa, \u00e4h, hmmm, das wei\u00df ich gerade nicht!\u201c stottert Christoph. In seinem Nacken h\u00f6rt er schon die Mitsch\u00fcler tuscheln, kichern und Worte wie Bl\u00f6dmann, Looser und Idiot. \u201eNa, du bist ja auch gut bei der Sache!\u201c schnauzt der Lehrer Christoph an. \u201eSo packst du das Gymnasium niemals! Besser du schaust dich gleich nach einer anderen Schule um.\u201c <br>\r\nNach dem Schultag sitzt Christoph alleine zu Hause. Seine Eltern arbeiten noch und die Gro\u00dfmutter, zu der er sonst immer hingehen konnte, ist vor drei Wochen gestorben. Er macht sein Handy an und geht in die WhatsApp Gruppe seiner Klasse. Was er da \u00fcber sich und die Situation in der Chemiestunde liest, l\u00e4sst ihn erstarren. Das Handy rutscht ihm aus der Hand. &#8230;\r\nAm n\u00e4chsten Tag ist Christophs Platz in der Schule leer.<\/p><p>\r\n\r\n<em>(Quelle: M.F.)<\/em><\/p>\r\n\r\n\r\n<h4>Impuls<\/h4><p>\r\n\r\nAchten wir eigentlich wirklich darauf, wie wir miteinander reden? Wie schnell hauen wir Schimpfworte raus. Wir geben einander abf\u00e4llige Namen. Wenn jemand auf diese Art des Redens hinweist, dann sagen wir schnell: \u201eDas war doch nicht so gemeint!\u201c oder \u201eSo reden wir eben!\u201c<br> \r\nDoch das stimmt nur bedingt. Alles, was gesagt wird, hinterl\u00e4sst Spuren. Lob tut uns allen gut. Aber einander beschimpfen, geringsch\u00e4tzig \u00fcbereinander reden, schl\u00e4gt Wunden in die Seele, die man nicht immer sieht. \u201eDann sollen die Betroffenen halt etwas sagen\u201c, fordern die, die so leicht daherreden. Doch viele \u201eVerwundete\u201c k\u00f6nnen nicht mehr dar\u00fcber reden. Sie sollen ja ihr \u201eMaul halten\u201c.<\/p><p>\r\n\r\n<a attid=\"21457\"  href=\"https:\/\/franziskanergymnasium-kreuzburg.de\/cms\/wp-content\/uploads\/2019\/03\/05_halts-Maul.jpg\" rel=\"lightbox[21615]\"><img loading=\"lazy\" decoding=\"async\" src=\"https:\/\/franziskanergymnasium-kreuzburg.de\/cms\/wp-content\/uploads\/2019\/03\/05_halts-Maul-300x225.jpg\" alt=\"\" width=\"300\" height=\"225\" class=\"alignright size-medium wp-image-21457\" srcset=\"https:\/\/franziskanergymnasium-kreuzburg.de\/cms\/wp-content\/uploads\/2019\/03\/05_halts-Maul-300x225.jpg 300w, https:\/\/franziskanergymnasium-kreuzburg.de\/cms\/wp-content\/uploads\/2019\/03\/05_halts-Maul-768x576.jpg 768w, https:\/\/franziskanergymnasium-kreuzburg.de\/cms\/wp-content\/uploads\/2019\/03\/05_halts-Maul-1024x768.jpg 1024w, https:\/\/franziskanergymnasium-kreuzburg.de\/cms\/wp-content\/uploads\/2019\/03\/05_halts-Maul-440x330.jpg 440w, https:\/\/franziskanergymnasium-kreuzburg.de\/cms\/wp-content\/uploads\/2019\/03\/05_halts-Maul.jpg 1200w\" sizes=\"auto, (max-width: 300px) 100vw, 300px\" \/><\/a>Deswegen steht diese Woche unter dem Motto:<br>\r\n<strong>Pass auf wie Du redest!<\/strong><\/p><p>\r\n\r\nAchte auf deine Wortwahl; besonders wenn Du mit und \u00fcber andere sprichst!<br>\r\nUnd du wirst sehen und sp\u00fcren, wenn Du bedacht mit und von anderen redest, \u00e4ndert sich auch die Sicht und Einstellung auf die anderen und schafft eine wohlwollende Atmosph\u00e4re. <\/p>\r\n\r\n\r\n<h4>Gebet<\/h4><p>\r\nHerr, segne meinen Mund,<br>\r\ndass er dich bezeuge,<br>\r\ndass nichts von ihm ausgehe,<br>\r\nwas verletzt und zerst\u00f6rt,<br>\r\ndass er heilende Worte spreche,<br>\r\ndass er Anvertrautes bewahre.<\/p><p>\r\n\r\n<em>(Quelle: https:\/\/www.erzbistum-koeln.de)<\/em><\/p>\r\n\r\n\r\n","protected":false},"excerpt":{"rendered":"Montag, 8. April 2019. Lied: \u201eIn \u00c4ngsten die einen\u201c Geschichte Halt\u2019s Maul! \u201eDu, sag mal! &#8230;\u201c f\u00e4ngt Christoph vorsichtig an. \u201eAch halt\u2019s Maul, du Looser! Mit dir spricht hier keiner!\u201c wird er von der Clique der 9. Klasse sofort abgekanzelt. \u201eIch hab\u2018 da mal \u2018ne Frage, kannst du mir &#8230;!\u201c \u201eWer hat dich denn gefragt, du Dummbacke?\u201c wird Christoph sofort das Wort abgeschnitten. Das Dreiergr\u00fcppchen seiner Klasse wendet sich sofort von ihm ab. \u201eValerie, ich muss ganz dringend mit &#8230;!\u201c \u201eFuck! Du hast wirklich ein Talent immer im falschen Moment aufzutauchen! Verpiss dich!\u201c \u201eWenn es nicht wichtig w\u00e4re, w\u00fcrde ich dich nicht st\u00f6ren, Malte. H\u00f6r mir doch bitte mal kurz zu!\u201c Aber Malte zeigt Christoph nur den Stinkefinger und wendet sich wieder seinem Handy zu. Es schellt. Alle Sch\u00fcler str\u00f6men in die Klassenr\u00e4ume. Verst\u00f6rt setzt sich auch Christoph auf seinen Platz. Der Unterricht beginnt. Christoph bekommt \u00fcberhaupt nichts von der Stunde mit. Er ist in seinen Gedanken versunken. \u201eUnd was haben wir letzte Stunde dazu gelernt, Christoph?\u201c Der Chemie-Lehrer steht wie aus dem Nichts vor ihm und fixiert ihn mit seinen Augen. \u201e\u00c4h, jaaaa, \u00e4h, hmmm, das wei\u00df ich gerade nicht!\u201c stottert Christoph. In seinem Nacken h\u00f6rt er schon die Mitsch\u00fcler tuscheln, kichern und Worte wie Bl\u00f6dmann, Looser und Idiot. \u201eNa, du bist ja auch gut bei der Sache!\u201c schnauzt der Lehrer Christoph an. \u201eSo packst du das Gymnasium niemals! Besser du schaust dich gleich nach einer anderen Schule um.\u201c Nach dem Schultag sitzt Christoph alleine zu Hause. Seine Eltern arbeiten noch und die Gro\u00dfmutter, zu der er sonst immer hingehen konnte, ist vor drei Wochen gestorben. Er macht sein Handy an und geht in die WhatsApp Gruppe seiner Klasse. Was er da \u00fcber sich und die Situation in der Chemiestunde liest, l\u00e4sst ihn erstarren. Das Handy rutscht ihm aus der Hand. &#8230; Am n\u00e4chsten Tag ist Christophs Platz in der Schule leer. (Quelle: M.F.) Impuls Achten wir eigentlich wirklich darauf, wie wir miteinander reden? Wie schnell hauen wir Schimpfworte raus. Wir geben einander abf\u00e4llige Namen. Wenn jemand auf diese Art des Redens hinweist, dann sagen wir schnell: \u201eDas war doch nicht so gemeint!\u201c oder \u201eSo reden wir eben!\u201c Doch das stimmt nur bedingt. Alles, was gesagt wird, hinterl\u00e4sst Spuren. Lob tut uns allen gut. Aber einander beschimpfen, geringsch\u00e4tzig \u00fcbereinander reden, schl\u00e4gt Wunden in die Seele, die man nicht immer sieht. \u201eDann sollen die Betroffenen halt etwas sagen\u201c, fordern die, die so leicht daherreden. Doch viele \u201eVerwundete\u201c k\u00f6nnen nicht mehr dar\u00fcber reden. Sie sollen ja ihr \u201eMaul halten\u201c. Deswegen steht diese Woche unter dem Motto: Pass auf wie Du redest! Achte auf deine Wortwahl; besonders wenn Du mit und \u00fcber andere sprichst! Und du wirst sehen und sp\u00fcren, wenn Du bedacht mit und von anderen redest, \u00e4ndert sich auch die Sicht und Einstellung auf die anderen und schafft eine wohlwollende Atmosph\u00e4re. Gebet Herr, segne meinen Mund, dass er dich bezeuge, dass nichts von ihm ausgehe, was verletzt und zerst\u00f6rt, dass er heilende Worte spreche, dass er Anvertrautes bewahre. (Quelle: https:\/\/www.erzbistum-koeln.de)","protected":false},"author":3,"featured_media":21457,"comment_status":"closed","ping_status":"closed","sticky":false,"template":"","format":"standard","meta":{"ngg_post_thumbnail":0,"footnotes":""},"categories":[1],"tags":[],"class_list":["post-21615","post","type-post","status-publish","format-standard","has-post-thumbnail","hentry","category-allgemein"],"publishpress_future_action":{"enabled":false,"date":"2026-05-02 11:45:45","action":"change-status","newStatus":"draft","terms":[],"taxonomy":"category","extraData":[]},"publishpress_future_workflow_manual_trigger":{"enabledWorkflows":[]},"_links":{"self":[{"href":"https:\/\/franziskanergymnasium-kreuzburg.de\/cms\/wp-json\/wp\/v2\/posts\/21615","targetHints":{"allow":["GET"]}}],"collection":[{"href":"https:\/\/franziskanergymnasium-kreuzburg.de\/cms\/wp-json\/wp\/v2\/posts"}],"about":[{"href":"https:\/\/franziskanergymnasium-kreuzburg.de\/cms\/wp-json\/wp\/v2\/types\/post"}],"author":[{"embeddable":true,"href":"https:\/\/franziskanergymnasium-kreuzburg.de\/cms\/wp-json\/wp\/v2\/users\/3"}],"replies":[{"embeddable":true,"href":"https:\/\/franziskanergymnasium-kreuzburg.de\/cms\/wp-json\/wp\/v2\/comments?post=21615"}],"version-history":[{"count":5,"href":"https:\/\/franziskanergymnasium-kreuzburg.de\/cms\/wp-json\/wp\/v2\/posts\/21615\/revisions"}],"predecessor-version":[{"id":21622,"href":"https:\/\/franziskanergymnasium-kreuzburg.de\/cms\/wp-json\/wp\/v2\/posts\/21615\/revisions\/21622"}],"wp:featuredmedia":[{"embeddable":true,"href":"https:\/\/franziskanergymnasium-kreuzburg.de\/cms\/wp-json\/wp\/v2\/media\/21457"}],"wp:attachment":[{"href":"https:\/\/franziskanergymnasium-kreuzburg.de\/cms\/wp-json\/wp\/v2\/media?parent=21615"}],"wp:term":[{"taxonomy":"category","embeddable":true,"href":"https:\/\/franziskanergymnasium-kreuzburg.de\/cms\/wp-json\/wp\/v2\/categories?post=21615"},{"taxonomy":"post_tag","embeddable":true,"href":"https:\/\/franziskanergymnasium-kreuzburg.de\/cms\/wp-json\/wp\/v2\/tags?post=21615"}],"curies":[{"name":"wp","href":"https:\/\/api.w.org\/{rel}","templated":true}]}}