{"id":21978,"date":"2019-05-06T07:39:19","date_gmt":"2019-05-06T05:39:19","guid":{"rendered":"https:\/\/franziskanergymnasium-kreuzburg.de\/cms\/?p=21978"},"modified":"2019-05-07T12:25:04","modified_gmt":"2019-05-07T10:25:04","slug":"von-gefrorenen-bananen-und-elektrischen-lastwagen","status":"publish","type":"post","link":"https:\/\/franziskanergymnasium-kreuzburg.de\/cms\/von-gefrorenen-bananen-und-elektrischen-lastwagen\/","title":{"rendered":"Von gefrorenen Bananen und elektrischen Lastwagen"},"content":{"rendered":"<a attid=\"21979\"  href=\"https:\/\/franziskanergymnasium-kreuzburg.de\/cms\/wp-content\/uploads\/2019\/05\/Plakat-Forscherb\u00f6rse-2019.jpg\" rel=\"lightbox[21978]\"><img loading=\"lazy\" decoding=\"async\" src=\"https:\/\/franziskanergymnasium-kreuzburg.de\/cms\/wp-content\/uploads\/2019\/05\/Plakat-Forscherb\u00f6rse-2019-300x212.jpg\" alt=\"\" width=\"300\" height=\"212\" class=\"alignright size-medium wp-image-21979\" srcset=\"https:\/\/franziskanergymnasium-kreuzburg.de\/cms\/wp-content\/uploads\/2019\/05\/Plakat-Forscherb\u00f6rse-2019-300x212.jpg 300w, https:\/\/franziskanergymnasium-kreuzburg.de\/cms\/wp-content\/uploads\/2019\/05\/Plakat-Forscherb\u00f6rse-2019-768x543.jpg 768w, https:\/\/franziskanergymnasium-kreuzburg.de\/cms\/wp-content\/uploads\/2019\/05\/Plakat-Forscherb\u00f6rse-2019-1024x724.jpg 1024w\" sizes=\"auto, (max-width: 300px) 100vw, 300px\" \/><\/a><strong>Am Freitag, den 24. Mai <\/strong>findet die diesj\u00e4hrige Forscherb\u00f6rse des Franziskanergymnasiums statt. An mehr als 75 St\u00e4nden werden die Sch\u00fclerinnen und Sch\u00fcler des achten Jahrgangs ihre Forschungsergebnisse pr\u00e4sentieren. Vielfalt wird dabei gro\u00df geschrieben. Sowohl das Thema als auch die Gestaltung der Pr\u00e4sentation konnten die Sch\u00fclerinnen und Sch\u00fcler frei w\u00e4hlen und bearbeiten. Ihre Lehrer standen ihnen dabei w\u00e4hrend des gesamten Schuljahres mit Rat und Tat zur Seite. So reicht die Bandbreite von naturwissenschaftlichen \u00fcber geisteswissenschaftliche bis hin zu sportlichen Fragestellungen. Wer also schon immer mal &#8222;der Sache auf den Grund gehen&#8220; und zum Beispiel mehr \u00fcber den Geschmack von gefrorenen Bananen oder die Zukunft von elektrischen Lastwagen erfahren wollte, der ist herzlich eingeladen. Die Aula \u00f6ffnet von 14 bis 17 Uhr, es gibt Kaffee und Kuchen, und der Eintritt ist frei. Die Forscherb\u00f6rse schlie\u00dft mit der Siegerehrung der besten Pr\u00e4sentationen des Jahrgangs. \r\n\r\n","protected":false},"excerpt":{"rendered":"Am Freitag, den 24. Mai findet die diesj\u00e4hrige Forscherb\u00f6rse des Franziskanergymnasiums statt. An mehr als 75 St\u00e4nden werden die Sch\u00fclerinnen und Sch\u00fcler des achten Jahrgangs ihre Forschungsergebnisse pr\u00e4sentieren. Vielfalt wird dabei gro\u00df geschrieben. Sowohl das Thema als auch die Gestaltung der Pr\u00e4sentation konnten die Sch\u00fclerinnen und Sch\u00fcler frei w\u00e4hlen und bearbeiten. Ihre Lehrer standen ihnen dabei w\u00e4hrend des gesamten Schuljahres mit Rat und Tat zur Seite. So reicht die Bandbreite von naturwissenschaftlichen \u00fcber geisteswissenschaftliche bis hin zu sportlichen Fragestellungen. Wer also schon immer mal &#8222;der Sache auf den Grund gehen&#8220; und zum Beispiel mehr \u00fcber den Geschmack von gefrorenen Bananen oder die Zukunft von elektrischen Lastwagen erfahren wollte, der ist herzlich eingeladen. Die Aula \u00f6ffnet von 14 bis 17 Uhr, es gibt Kaffee und Kuchen, und der Eintritt ist frei. Die Forscherb\u00f6rse schlie\u00dft mit der Siegerehrung der besten Pr\u00e4sentationen des Jahrgangs.","protected":false},"author":3,"featured_media":21979,"comment_status":"closed","ping_status":"closed","sticky":false,"template":"","format":"standard","meta":{"ngg_post_thumbnail":0,"footnotes":""},"categories":[406],"tags":[145,249],"class_list":["post-21978","post","type-post","status-publish","format-standard","has-post-thumbnail","hentry","category-freier-lernbereich","tag-flb","tag-freier-lernbereich"],"publishpress_future_action":{"enabled":false,"date":"2026-05-05 10:05:40","action":"change-status","newStatus":"draft","terms":[],"taxonomy":"category","extraData":[]},"publishpress_future_workflow_manual_trigger":{"enabledWorkflows":[]},"_links":{"self":[{"href":"https:\/\/franziskanergymnasium-kreuzburg.de\/cms\/wp-json\/wp\/v2\/posts\/21978","targetHints":{"allow":["GET"]}}],"collection":[{"href":"https:\/\/franziskanergymnasium-kreuzburg.de\/cms\/wp-json\/wp\/v2\/posts"}],"about":[{"href":"https:\/\/franziskanergymnasium-kreuzburg.de\/cms\/wp-json\/wp\/v2\/types\/post"}],"author":[{"embeddable":true,"href":"https:\/\/franziskanergymnasium-kreuzburg.de\/cms\/wp-json\/wp\/v2\/users\/3"}],"replies":[{"embeddable":true,"href":"https:\/\/franziskanergymnasium-kreuzburg.de\/cms\/wp-json\/wp\/v2\/comments?post=21978"}],"version-history":[{"count":6,"href":"https:\/\/franziskanergymnasium-kreuzburg.de\/cms\/wp-json\/wp\/v2\/posts\/21978\/revisions"}],"predecessor-version":[{"id":22005,"href":"https:\/\/franziskanergymnasium-kreuzburg.de\/cms\/wp-json\/wp\/v2\/posts\/21978\/revisions\/22005"}],"wp:featuredmedia":[{"embeddable":true,"href":"https:\/\/franziskanergymnasium-kreuzburg.de\/cms\/wp-json\/wp\/v2\/media\/21979"}],"wp:attachment":[{"href":"https:\/\/franziskanergymnasium-kreuzburg.de\/cms\/wp-json\/wp\/v2\/media?parent=21978"}],"wp:term":[{"taxonomy":"category","embeddable":true,"href":"https:\/\/franziskanergymnasium-kreuzburg.de\/cms\/wp-json\/wp\/v2\/categories?post=21978"},{"taxonomy":"post_tag","embeddable":true,"href":"https:\/\/franziskanergymnasium-kreuzburg.de\/cms\/wp-json\/wp\/v2\/tags?post=21978"}],"curies":[{"name":"wp","href":"https:\/\/api.w.org\/{rel}","templated":true}]}}