{"id":22166,"date":"2019-05-21T11:27:28","date_gmt":"2019-05-21T09:27:28","guid":{"rendered":"https:\/\/franziskanergymnasium-kreuzburg.de\/cms\/?p=22166"},"modified":"2019-05-21T11:27:28","modified_gmt":"2019-05-21T09:27:28","slug":"neue-lehrer-im-vorbereitungsdienst-2","status":"publish","type":"post","link":"https:\/\/franziskanergymnasium-kreuzburg.de\/cms\/neue-lehrer-im-vorbereitungsdienst-2\/","title":{"rendered":"Neue Lehrer im Vorbereitungsdienst"},"content":{"rendered":"<a attid=\"22167\"  href=\"https:\/\/franziskanergymnasium-kreuzburg.de\/cms\/wp-content\/uploads\/2019\/05\/2019_05LiVs.jpg\" rel=\"lightbox[22166]\"><img loading=\"lazy\" decoding=\"async\" src=\"https:\/\/franziskanergymnasium-kreuzburg.de\/cms\/wp-content\/uploads\/2019\/05\/2019_05LiVs-300x173.jpg\" alt=\"\" width=\"300\" height=\"173\" class=\"alignright size-medium wp-image-22167\" srcset=\"https:\/\/franziskanergymnasium-kreuzburg.de\/cms\/wp-content\/uploads\/2019\/05\/2019_05LiVs-300x173.jpg 300w, https:\/\/franziskanergymnasium-kreuzburg.de\/cms\/wp-content\/uploads\/2019\/05\/2019_05LiVs-768x443.jpg 768w, https:\/\/franziskanergymnasium-kreuzburg.de\/cms\/wp-content\/uploads\/2019\/05\/2019_05LiVs-1024x591.jpg 1024w, https:\/\/franziskanergymnasium-kreuzburg.de\/cms\/wp-content\/uploads\/2019\/05\/2019_05LiVs.jpg 1200w\" sizes=\"auto, (max-width: 300px) 100vw, 300px\" \/><\/a>Judith Fleckenstein und Michael Redelberger starteten zum 2. Mai als Lehrer im Vorbereitungsdienst ihre Ausbildung an der Kreuzburg. Judith Fleckenstein m\u00f6chte zuk\u00fcnftig die F\u00e4cher Spanisch und Sport unterrichten und Michael Redelberger die F\u00e4cher Deutsch sowie Politik und Wirtschaft.","protected":false},"excerpt":{"rendered":"Judith Fleckenstein und Michael Redelberger starteten zum 2. Mai als Lehrer im Vorbereitungsdienst ihre Ausbildung an der Kreuzburg. Judith Fleckenstein m\u00f6chte zuk\u00fcnftig die F\u00e4cher Spanisch und Sport unterrichten und Michael Redelberger die F\u00e4cher Deutsch sowie Politik und Wirtschaft.","protected":false},"author":3,"featured_media":22167,"comment_status":"closed","ping_status":"closed","sticky":false,"template":"","format":"standard","meta":{"ngg_post_thumbnail":0,"footnotes":""},"categories":[1],"tags":[],"class_list":["post-22166","post","type-post","status-publish","format-standard","has-post-thumbnail","hentry","category-allgemein"],"publishpress_future_action":{"enabled":false,"date":"2026-05-06 09:56:07","action":"change-status","newStatus":"draft","terms":[],"taxonomy":"category","extraData":[]},"publishpress_future_workflow_manual_trigger":{"enabledWorkflows":[]},"_links":{"self":[{"href":"https:\/\/franziskanergymnasium-kreuzburg.de\/cms\/wp-json\/wp\/v2\/posts\/22166","targetHints":{"allow":["GET"]}}],"collection":[{"href":"https:\/\/franziskanergymnasium-kreuzburg.de\/cms\/wp-json\/wp\/v2\/posts"}],"about":[{"href":"https:\/\/franziskanergymnasium-kreuzburg.de\/cms\/wp-json\/wp\/v2\/types\/post"}],"author":[{"embeddable":true,"href":"https:\/\/franziskanergymnasium-kreuzburg.de\/cms\/wp-json\/wp\/v2\/users\/3"}],"replies":[{"embeddable":true,"href":"https:\/\/franziskanergymnasium-kreuzburg.de\/cms\/wp-json\/wp\/v2\/comments?post=22166"}],"version-history":[{"count":7,"href":"https:\/\/franziskanergymnasium-kreuzburg.de\/cms\/wp-json\/wp\/v2\/posts\/22166\/revisions"}],"predecessor-version":[{"id":22178,"href":"https:\/\/franziskanergymnasium-kreuzburg.de\/cms\/wp-json\/wp\/v2\/posts\/22166\/revisions\/22178"}],"wp:featuredmedia":[{"embeddable":true,"href":"https:\/\/franziskanergymnasium-kreuzburg.de\/cms\/wp-json\/wp\/v2\/media\/22167"}],"wp:attachment":[{"href":"https:\/\/franziskanergymnasium-kreuzburg.de\/cms\/wp-json\/wp\/v2\/media?parent=22166"}],"wp:term":[{"taxonomy":"category","embeddable":true,"href":"https:\/\/franziskanergymnasium-kreuzburg.de\/cms\/wp-json\/wp\/v2\/categories?post=22166"},{"taxonomy":"post_tag","embeddable":true,"href":"https:\/\/franziskanergymnasium-kreuzburg.de\/cms\/wp-json\/wp\/v2\/tags?post=22166"}],"curies":[{"name":"wp","href":"https:\/\/api.w.org\/{rel}","templated":true}]}}