{"id":22301,"date":"2019-06-08T10:39:15","date_gmt":"2019-06-08T08:39:15","guid":{"rendered":"https:\/\/franziskanergymnasium-kreuzburg.de\/cms\/?p=22301"},"modified":"2019-06-11T07:40:09","modified_gmt":"2019-06-11T05:40:09","slug":"hessentag","status":"publish","type":"post","link":"https:\/\/franziskanergymnasium-kreuzburg.de\/cms\/hessentag\/","title":{"rendered":"Hessentag"},"content":{"rendered":"<a attid=\"22304\"  href=\"https:\/\/franziskanergymnasium-kreuzburg.de\/cms\/wp-content\/uploads\/2019\/06\/2019HessentagHerz.jpg\" rel=\"lightbox[22301]\"><img decoding=\"async\" src=\"https:\/\/franziskanergymnasium-kreuzburg.de\/cms\/wp-content\/uploads\/2019\/06\/2019HessentagHerz-300x248.jpg\" alt=\"\" width=\"200\" class=\"alignright size-medium wp-image-22304\" srcset=\"https:\/\/franziskanergymnasium-kreuzburg.de\/cms\/wp-content\/uploads\/2019\/06\/2019HessentagHerz-300x248.jpg 300w, https:\/\/franziskanergymnasium-kreuzburg.de\/cms\/wp-content\/uploads\/2019\/06\/2019HessentagHerz-768x636.jpg 768w, https:\/\/franziskanergymnasium-kreuzburg.de\/cms\/wp-content\/uploads\/2019\/06\/2019HessentagHerz-1024x848.jpg 1024w, https:\/\/franziskanergymnasium-kreuzburg.de\/cms\/wp-content\/uploads\/2019\/06\/2019HessentagHerz.jpg 1263w\" sizes=\"(max-width: 300px) 100vw, 300px\" \/><\/a><p>Unter dem Motto \u201eGeht ins Herz\u201c l\u00e4dt das Bistum Fulda auf den diesj\u00e4hrigen Hessentag 2019 ein. <\/p><p>Am Stand des Bistums Fulda zeigen sich unterschiedliche Organisationen. <a attid=\"22302\"  href=\"https:\/\/franziskanergymnasium-kreuzburg.de\/cms\/wp-content\/uploads\/2019\/06\/2019Hessentag.jpg\" rel=\"lightbox[22301]\"><img loading=\"lazy\" decoding=\"async\" src=\"https:\/\/franziskanergymnasium-kreuzburg.de\/cms\/wp-content\/uploads\/2019\/06\/2019Hessentag-300x225.jpg\" alt=\"\" width=\"300\" height=\"225\" class=\"alignleft size-medium wp-image-22302\" srcset=\"https:\/\/franziskanergymnasium-kreuzburg.de\/cms\/wp-content\/uploads\/2019\/06\/2019Hessentag-300x225.jpg 300w, https:\/\/franziskanergymnasium-kreuzburg.de\/cms\/wp-content\/uploads\/2019\/06\/2019Hessentag-768x576.jpg 768w, https:\/\/franziskanergymnasium-kreuzburg.de\/cms\/wp-content\/uploads\/2019\/06\/2019Hessentag-1024x768.jpg 1024w, https:\/\/franziskanergymnasium-kreuzburg.de\/cms\/wp-content\/uploads\/2019\/06\/2019Hessentag-440x330.jpg 440w, https:\/\/franziskanergymnasium-kreuzburg.de\/cms\/wp-content\/uploads\/2019\/06\/2019Hessentag.jpg 1200w\" sizes=\"auto, (max-width: 300px) 100vw, 300px\" \/><\/a>Zur Er\u00f6ffnung des Hessentages am Freitag, den 7. Juni 2019, wird der Informationsstand durch die erweiterte Schulleitung unserer Schule pr\u00e4sentiert. Die Besucher k\u00f6nnen ins Gespr\u00e4ch kommen und sich \u00fcber die abwechslungsreichen Angebote informieren. <p><\/p>Au\u00dferdem gibt es eine interaktive Bistumskarte, mit deren Hilfe der Besucher das Bistum Fulda virtuell kennenlernen kann. <\/p>","protected":false},"excerpt":{"rendered":"Unter dem Motto \u201eGeht ins Herz\u201c l\u00e4dt das Bistum Fulda auf den diesj\u00e4hrigen Hessentag 2019 ein. Am Stand des Bistums Fulda zeigen sich unterschiedliche Organisationen. Zur Er\u00f6ffnung des Hessentages am Freitag, den 7. Juni 2019, wird der Informationsstand durch die erweiterte Schulleitung unserer Schule pr\u00e4sentiert. Die Besucher k\u00f6nnen ins Gespr\u00e4ch kommen und sich \u00fcber die abwechslungsreichen Angebote informieren. Au\u00dferdem gibt es eine interaktive Bistumskarte, mit deren Hilfe der Besucher das Bistum Fulda virtuell kennenlernen kann.","protected":false},"author":3,"featured_media":22302,"comment_status":"closed","ping_status":"closed","sticky":false,"template":"","format":"standard","meta":{"ngg_post_thumbnail":0,"footnotes":""},"categories":[1],"tags":[],"class_list":["post-22301","post","type-post","status-publish","format-standard","has-post-thumbnail","hentry","category-allgemein"],"publishpress_future_action":{"enabled":false,"date":"2026-05-02 11:26:09","action":"change-status","newStatus":"draft","terms":[],"taxonomy":"category","extraData":[]},"publishpress_future_workflow_manual_trigger":{"enabledWorkflows":[]},"_links":{"self":[{"href":"https:\/\/franziskanergymnasium-kreuzburg.de\/cms\/wp-json\/wp\/v2\/posts\/22301","targetHints":{"allow":["GET"]}}],"collection":[{"href":"https:\/\/franziskanergymnasium-kreuzburg.de\/cms\/wp-json\/wp\/v2\/posts"}],"about":[{"href":"https:\/\/franziskanergymnasium-kreuzburg.de\/cms\/wp-json\/wp\/v2\/types\/post"}],"author":[{"embeddable":true,"href":"https:\/\/franziskanergymnasium-kreuzburg.de\/cms\/wp-json\/wp\/v2\/users\/3"}],"replies":[{"embeddable":true,"href":"https:\/\/franziskanergymnasium-kreuzburg.de\/cms\/wp-json\/wp\/v2\/comments?post=22301"}],"version-history":[{"count":7,"href":"https:\/\/franziskanergymnasium-kreuzburg.de\/cms\/wp-json\/wp\/v2\/posts\/22301\/revisions"}],"predecessor-version":[{"id":22323,"href":"https:\/\/franziskanergymnasium-kreuzburg.de\/cms\/wp-json\/wp\/v2\/posts\/22301\/revisions\/22323"}],"wp:featuredmedia":[{"embeddable":true,"href":"https:\/\/franziskanergymnasium-kreuzburg.de\/cms\/wp-json\/wp\/v2\/media\/22302"}],"wp:attachment":[{"href":"https:\/\/franziskanergymnasium-kreuzburg.de\/cms\/wp-json\/wp\/v2\/media?parent=22301"}],"wp:term":[{"taxonomy":"category","embeddable":true,"href":"https:\/\/franziskanergymnasium-kreuzburg.de\/cms\/wp-json\/wp\/v2\/categories?post=22301"},{"taxonomy":"post_tag","embeddable":true,"href":"https:\/\/franziskanergymnasium-kreuzburg.de\/cms\/wp-json\/wp\/v2\/tags?post=22301"}],"curies":[{"name":"wp","href":"https:\/\/api.w.org\/{rel}","templated":true}]}}