{"id":22741,"date":"2019-07-18T22:20:48","date_gmt":"2019-07-18T20:20:48","guid":{"rendered":"https:\/\/franziskanergymnasium-kreuzburg.de\/cms\/?p=22741"},"modified":"2019-07-20T22:22:44","modified_gmt":"2019-07-20T20:22:44","slug":"von-kaengruruspruengen-in-mathematik-bis-zu-tanzfiguren","status":"publish","type":"post","link":"https:\/\/franziskanergymnasium-kreuzburg.de\/cms\/von-kaengruruspruengen-in-mathematik-bis-zu-tanzfiguren\/","title":{"rendered":"Von K\u00e4ngruruspr\u00fcngen in Mathematik bis zu Tanzfiguren"},"content":{"rendered":"<h2>Ehrungen in den verschiedensten Bereichen.<\/h2>\r\n<a attid=\"22759\"  href=\"https:\/\/franziskanergymnasium-kreuzburg.de\/cms\/wp-content\/uploads\/2019\/07\/2019EhrungenAlle.jpg\" rel=\"lightbox[22741]\"><img loading=\"lazy\" decoding=\"async\" src=\"https:\/\/franziskanergymnasium-kreuzburg.de\/cms\/wp-content\/uploads\/2019\/07\/2019EhrungenAlle-300x169.jpg\" alt=\"\" width=\"300\" height=\"169\" class=\"alignright size-medium wp-image-22759\" srcset=\"https:\/\/franziskanergymnasium-kreuzburg.de\/cms\/wp-content\/uploads\/2019\/07\/2019EhrungenAlle-300x169.jpg 300w, https:\/\/franziskanergymnasium-kreuzburg.de\/cms\/wp-content\/uploads\/2019\/07\/2019EhrungenAlle-768x432.jpg 768w, https:\/\/franziskanergymnasium-kreuzburg.de\/cms\/wp-content\/uploads\/2019\/07\/2019EhrungenAlle-1024x576.jpg 1024w, https:\/\/franziskanergymnasium-kreuzburg.de\/cms\/wp-content\/uploads\/2019\/07\/2019EhrungenAlle.jpg 1300w\" sizes=\"auto, (max-width: 300px) 100vw, 300px\" \/><\/a>Hervorragende Leistungen zum Teil \u00fcber die Schule hinaus haben Sch\u00fclerinnen und Sch\u00fcler des Franziskanergymnasiums Kreuzburg im vergangenen Schulhalbjahr in den verschiedensten Bereichen von Erdkunde \u00fcber Sprachen und Mathematik bis zu Sport erbracht. Schulleiter Thomas Wolf wollte diesen Kindern und Jugendlichen vor Schuljahresende noch zu ihren Erfolgen gratulieren und lud daher etwa 70 Sch\u00fclerinnen und Sch\u00fcler zusammen mit ihren betreuenden Lehrkr\u00e4ften zu einer kleinen Ehrungsfeier in die Bibliothek der Schule ein.\r\n<table style=\"border-collapse: collapse; width: 100%;\">\r\n<tbody>\r\n<tr>\r\n<td style=\"width: 50%; vertical-align: top;\">Gestartet wurde mit den Gratulationen im k\u00fcnstlerischen Bereich. Im vergangenen Jahr hatte die Schulentwicklungsgruppe aufgerufen Entw\u00fcrfe f\u00fcr die Titelbl\u00e4tter der Vertretungshefte der Jahrgangsstufen 7 und 8 zu entwerfen. Vier Zeichnungen wurden ausgew\u00e4hlt und die Designer k\u00f6nnen stolz darauf sein, dass ihre Produkte nun die Vorder- und R\u00fcckseiten der Vertretungshefte schm\u00fccken.<\/td>\r\n<td style=\"width: 50%;\"><a href=\"https:\/\/franziskanergymnasium-kreuzburg.de\/cms\/wp-content\/uploads\/2019\/07\/TitelVertretungshefte.jpg\" rel=\"lightbox[22741]\"><img loading=\"lazy\" decoding=\"async\" class=\"aligncenter size-medium wp-image-22743\" src=\"https:\/\/franziskanergymnasium-kreuzburg.de\/cms\/wp-content\/uploads\/2019\/07\/TitelVertretungshefte-300x169.jpg\" alt=\"\" width=\"300\" height=\"169\" srcset=\"https:\/\/franziskanergymnasium-kreuzburg.de\/cms\/wp-content\/uploads\/2019\/07\/TitelVertretungshefte-300x169.jpg 300w, https:\/\/franziskanergymnasium-kreuzburg.de\/cms\/wp-content\/uploads\/2019\/07\/TitelVertretungshefte-768x432.jpg 768w, https:\/\/franziskanergymnasium-kreuzburg.de\/cms\/wp-content\/uploads\/2019\/07\/TitelVertretungshefte-1024x576.jpg 1024w, https:\/\/franziskanergymnasium-kreuzburg.de\/cms\/wp-content\/uploads\/2019\/07\/TitelVertretungshefte.jpg 1280w\" sizes=\"auto, (max-width: 300px) 100vw, 300px\" \/><\/a><a href=\"https:\/\/franziskanergymnasium-kreuzburg.de\/cms\/wp-content\/uploads\/2019\/07\/2019Vertretungshefte.jpg\" rel=\"lightbox[22741]\"><img loading=\"lazy\" decoding=\"async\" class=\"aligncenter size-medium wp-image-22742\" src=\"https:\/\/franziskanergymnasium-kreuzburg.de\/cms\/wp-content\/uploads\/2019\/07\/2019Vertretungshefte-300x209.jpg\" alt=\"\" width=\"300\" height=\"209\" srcset=\"https:\/\/franziskanergymnasium-kreuzburg.de\/cms\/wp-content\/uploads\/2019\/07\/2019Vertretungshefte-300x209.jpg 300w, https:\/\/franziskanergymnasium-kreuzburg.de\/cms\/wp-content\/uploads\/2019\/07\/2019Vertretungshefte-768x534.jpg 768w, https:\/\/franziskanergymnasium-kreuzburg.de\/cms\/wp-content\/uploads\/2019\/07\/2019Vertretungshefte-1024x713.jpg 1024w, https:\/\/franziskanergymnasium-kreuzburg.de\/cms\/wp-content\/uploads\/2019\/07\/2019Vertretungshefte.jpg 1200w\" sizes=\"auto, (max-width: 300px) 100vw, 300px\" \/><\/a><\/td>\r\n<\/tr>\r\n<tr>\r\n<td style=\"width: 50%;\"><a href=\"https:\/\/franziskanergymnasium-kreuzburg.de\/cms\/wp-content\/uploads\/2019\/07\/2019Erdkunde.jpg\" rel=\"lightbox[22741]\"><img loading=\"lazy\" decoding=\"async\" class=\"aligncenter size-medium wp-image-22744\" src=\"https:\/\/franziskanergymnasium-kreuzburg.de\/cms\/wp-content\/uploads\/2019\/07\/2019Erdkunde-300x171.jpg\" alt=\"\" width=\"300\" height=\"171\" srcset=\"https:\/\/franziskanergymnasium-kreuzburg.de\/cms\/wp-content\/uploads\/2019\/07\/2019Erdkunde-300x171.jpg 300w, https:\/\/franziskanergymnasium-kreuzburg.de\/cms\/wp-content\/uploads\/2019\/07\/2019Erdkunde.jpg 628w\" sizes=\"auto, (max-width: 300px) 100vw, 300px\" \/><\/a><\/td>\r\n<td style=\"width: 50%; vertical-align: top;\">Im Fach Erdkunde wird in den Klassen 6 und 9 der Diercke-Test durchgef\u00fchrt. Er fragt altersgem\u00e4\u00df geographische Grundkenntnisse ab, die h\u00e4ufig nicht Gegenstand des Unterrichts waren. Geehrt wurden hier die Klassen- und Jahrgangssieger.<\/td>\r\n<\/tr>\r\n<tr>\r\n<td style=\"width: 50%; vertical-align: top;\">Traditionell nimmt die Kreuzburg an verschiedenen Mathematikwettbewerben teil. Dabei umfasst das Teilnehmerfeld \u00fcber 400 Sch\u00fclerinnen und Sch\u00fcler aus der Sekundarstufe I. W\u00e4hrend der Jahrgang 6 um den gr\u00f6\u00dften Sprung im K\u00e4nguruwettbewerb k\u00e4mpft, versuchen die Achtkl\u00e4ssler beim Mathematikwettbewerb des Landes Hessen weiterzukommen. In den zehnten Klassen ist Teamwork beim Wettbewerb \u201aMathematik ohne Grenzen\u2018 angesagt. Besonders erfolgreich waren in diesem Jahr die Achtkl\u00e4ssler. So qualifizierten sich Eva W. und Leonie R. als Jahrgangsbeste zum diesj\u00e4hrigen Kreisentscheid. Bei diesem wiederum konnte sich Eva als beste Mathematikerin des Landkreises zum Landesfinale qualifizieren. Auch Leonie wurde f\u00fcr ihre Leistungen beim Kreisentscheid mit einem dritten Platz belohnt. Die Klasse 10E wurde bei ihrem Teamwettbewerb zwar landesweit nur Elfter, konnte das schulinterne Rennen aber f\u00fcr sich entscheiden und erhielt hierf\u00fcr auch eine kleine Anerkennung.<\/td>\r\n<td style=\"width: 50%;\"><a href=\"https:\/\/franziskanergymnasium-kreuzburg.de\/cms\/wp-content\/uploads\/2019\/07\/2019K\u00e4nguru.jpg\" rel=\"lightbox[22741]\"><img loading=\"lazy\" decoding=\"async\" class=\"aligncenter size-medium wp-image-22746\" src=\"https:\/\/franziskanergymnasium-kreuzburg.de\/cms\/wp-content\/uploads\/2019\/07\/2019K\u00e4nguru-300x200.jpg\" alt=\"\" width=\"300\" height=\"200\" srcset=\"https:\/\/franziskanergymnasium-kreuzburg.de\/cms\/wp-content\/uploads\/2019\/07\/2019K\u00e4nguru-300x200.jpg 300w, https:\/\/franziskanergymnasium-kreuzburg.de\/cms\/wp-content\/uploads\/2019\/07\/2019K\u00e4nguru-768x512.jpg 768w, https:\/\/franziskanergymnasium-kreuzburg.de\/cms\/wp-content\/uploads\/2019\/07\/2019K\u00e4nguru-1024x683.jpg 1024w, https:\/\/franziskanergymnasium-kreuzburg.de\/cms\/wp-content\/uploads\/2019\/07\/2019K\u00e4nguru.jpg 1300w\" sizes=\"auto, (max-width: 300px) 100vw, 300px\" \/><\/a><a href=\"https:\/\/franziskanergymnasium-kreuzburg.de\/cms\/wp-content\/uploads\/2019\/07\/2019Mathe.jpg\" rel=\"lightbox[22741]\"><img loading=\"lazy\" decoding=\"async\" class=\"aligncenter size-medium wp-image-22747\" src=\"https:\/\/franziskanergymnasium-kreuzburg.de\/cms\/wp-content\/uploads\/2019\/07\/2019Mathe-300x200.jpg\" alt=\"\" width=\"300\" height=\"200\" srcset=\"https:\/\/franziskanergymnasium-kreuzburg.de\/cms\/wp-content\/uploads\/2019\/07\/2019Mathe-300x200.jpg 300w, https:\/\/franziskanergymnasium-kreuzburg.de\/cms\/wp-content\/uploads\/2019\/07\/2019Mathe-768x512.jpg 768w, https:\/\/franziskanergymnasium-kreuzburg.de\/cms\/wp-content\/uploads\/2019\/07\/2019Mathe-1024x683.jpg 1024w, https:\/\/franziskanergymnasium-kreuzburg.de\/cms\/wp-content\/uploads\/2019\/07\/2019Mathe.jpg 1300w\" sizes=\"auto, (max-width: 300px) 100vw, 300px\" \/><\/a><\/td>\r\n<\/tr>\r\n<tr>\r\n<td style=\"width: 50%;\"><a href=\"https:\/\/franziskanergymnasium-kreuzburg.de\/cms\/wp-content\/uploads\/2019\/07\/2019BigChallenge.jpg\" rel=\"lightbox[22741]\"><img loading=\"lazy\" decoding=\"async\" class=\"aligncenter size-medium wp-image-22749\" src=\"https:\/\/franziskanergymnasium-kreuzburg.de\/cms\/wp-content\/uploads\/2019\/07\/2019BigChallenge-300x210.jpg\" alt=\"\" width=\"300\" height=\"210\" srcset=\"https:\/\/franziskanergymnasium-kreuzburg.de\/cms\/wp-content\/uploads\/2019\/07\/2019BigChallenge-300x210.jpg 300w, https:\/\/franziskanergymnasium-kreuzburg.de\/cms\/wp-content\/uploads\/2019\/07\/2019BigChallenge-768x538.jpg 768w, https:\/\/franziskanergymnasium-kreuzburg.de\/cms\/wp-content\/uploads\/2019\/07\/2019BigChallenge-1024x718.jpg 1024w, https:\/\/franziskanergymnasium-kreuzburg.de\/cms\/wp-content\/uploads\/2019\/07\/2019BigChallenge.jpg 1200w\" sizes=\"auto, (max-width: 300px) 100vw, 300px\" \/><\/a><\/td>\r\n<td style=\"width: 50%; vertical-align: top;\">F\u00fcr die Englisch-Klassen der 6. Jahrgangsstufe stand im Mai wieder traditionell der englische Sprachwettbewerb \u201eBig Challenge\u201c auf dem Programm. Dies ist ein bundesweiter Wettbewerb mit Fragen zu Wortschatz, Phonetik, Grammatik und Landeskunde. In diesem Jahr erreichten Julia M. und Lauren M. aus der Klasse 6d den sensationellen 4. Platz unter 3.071 Sch\u00fclern in dieser Wettbewerbsklasse im Land Hessen und sind gleichzeitig die Jahrgangsbesten der Schule.<\/td>\r\n<\/tr>\r\n<tr>\r\n<td style=\"width: 50%; vertical-align: top;\">Im Fach Latein nahmen drei Sch\u00fcler der Klasse 9a am Bundeswettbewerb Fremdsprachen Latein teil. Maike V. erhielt f\u00fcr ihr erfolgreiches Abschneiden einen 3. Preis.<\/td>\r\n<td style=\"width: 50%;\"><a href=\"https:\/\/franziskanergymnasium-kreuzburg.de\/cms\/wp-content\/uploads\/2019\/07\/2019Latein.jpg\" rel=\"lightbox[22741]\"><img loading=\"lazy\" decoding=\"async\" class=\"aligncenter size-medium wp-image-22750\" src=\"https:\/\/franziskanergymnasium-kreuzburg.de\/cms\/wp-content\/uploads\/2019\/07\/2019Latein-300x164.jpg\" alt=\"\" width=\"300\" height=\"164\" srcset=\"https:\/\/franziskanergymnasium-kreuzburg.de\/cms\/wp-content\/uploads\/2019\/07\/2019Latein-300x164.jpg 300w, https:\/\/franziskanergymnasium-kreuzburg.de\/cms\/wp-content\/uploads\/2019\/07\/2019Latein-768x420.jpg 768w, https:\/\/franziskanergymnasium-kreuzburg.de\/cms\/wp-content\/uploads\/2019\/07\/2019Latein-1024x560.jpg 1024w, https:\/\/franziskanergymnasium-kreuzburg.de\/cms\/wp-content\/uploads\/2019\/07\/2019Latein.jpg 1400w\" sizes=\"auto, (max-width: 300px) 100vw, 300px\" \/><\/a><\/td>\r\n<\/tr>\r\n<\/tbody>\r\n<\/table>\r\nIm Sport gab es zahlreiche besondere Verdienste bei \u201eJugend trainiert f\u00fcr Olympia\u201c zu verzeichnen:\r\n<table style=\"border-collapse: collapse; width: 100%;\">\r\n<tbody>\r\n<tr>\r\n<td style=\"width: 50%; vertical-align: top;\">Acht Sch\u00fclerinnen erreichten beim Ger\u00e4tturnen in der Wettkampfklasse II M\u00e4dchen den 4. Platz im Landesentscheid. Die letztj\u00e4hrigen Vizehessemeisterinnen waren damit dieses Jahr erneut erfolgreich.<\/td>\r\n<td style=\"width: 50%;\"><a href=\"https:\/\/franziskanergymnasium-kreuzburg.de\/cms\/wp-content\/uploads\/2019\/07\/2019Turnen.jpg\" rel=\"lightbox[22741]\"><img loading=\"lazy\" decoding=\"async\" class=\"aligncenter size-medium wp-image-22751\" src=\"https:\/\/franziskanergymnasium-kreuzburg.de\/cms\/wp-content\/uploads\/2019\/07\/2019Turnen-300x210.jpg\" alt=\"\" width=\"300\" height=\"210\" srcset=\"https:\/\/franziskanergymnasium-kreuzburg.de\/cms\/wp-content\/uploads\/2019\/07\/2019Turnen-300x210.jpg 300w, https:\/\/franziskanergymnasium-kreuzburg.de\/cms\/wp-content\/uploads\/2019\/07\/2019Turnen-768x538.jpg 768w, https:\/\/franziskanergymnasium-kreuzburg.de\/cms\/wp-content\/uploads\/2019\/07\/2019Turnen-1024x718.jpg 1024w, https:\/\/franziskanergymnasium-kreuzburg.de\/cms\/wp-content\/uploads\/2019\/07\/2019Turnen.jpg 1300w\" sizes=\"auto, (max-width: 300px) 100vw, 300px\" \/><\/a><\/td>\r\n<\/tr>\r\n<tr>\r\n<td style=\"width: 50%;\"><a href=\"https:\/\/franziskanergymnasium-kreuzburg.de\/cms\/wp-content\/uploads\/2019\/07\/2019HanballJungen.jpg\" rel=\"lightbox[22741]\"><img loading=\"lazy\" decoding=\"async\" class=\"aligncenter size-medium wp-image-22752\" src=\"https:\/\/franziskanergymnasium-kreuzburg.de\/cms\/wp-content\/uploads\/2019\/07\/2019HanballJungen-300x200.jpg\" alt=\"\" width=\"300\" height=\"200\" srcset=\"https:\/\/franziskanergymnasium-kreuzburg.de\/cms\/wp-content\/uploads\/2019\/07\/2019HanballJungen-300x200.jpg 300w, https:\/\/franziskanergymnasium-kreuzburg.de\/cms\/wp-content\/uploads\/2019\/07\/2019HanballJungen-768x512.jpg 768w, https:\/\/franziskanergymnasium-kreuzburg.de\/cms\/wp-content\/uploads\/2019\/07\/2019HanballJungen-1024x683.jpg 1024w, https:\/\/franziskanergymnasium-kreuzburg.de\/cms\/wp-content\/uploads\/2019\/07\/2019HanballJungen.jpg 1200w\" sizes=\"auto, (max-width: 300px) 100vw, 300px\" \/><\/a><\/td>\r\n<td style=\"width: 50%; vertical-align: top;\">Die letztj\u00e4hrigen Teilnehmer am Bundesfinale im Handball in Berlin, damals aber noch Wettkampfklasse III Jungen, schafften es auch in der im Schnitt ein Jahr \u00e4lteren Gruppe der neuen Wettkampfklasse II in den Landesentscheid. Hier endete aber diesmal der Wettkampf mit dem 7. Platz. Im n\u00e4chsten Jahr stehen die Chancen sicher wieder besser.<\/td>\r\n<\/tr>\r\n<tr>\r\n<td style=\"width: 50%; vertical-align: top;\">Die Handballgruppe der M\u00e4dchen der gleichen Wettkampfklasse war noch siegreicher. Das Team, das im letzten Jahr den Wettkampf als Vizehessenmeister abschloss, erreichte in diesem Jahr den Hessenmeisterinnentitel und somit auch den Einzug ins Bundesfinale in Berlin. Dort war verletzungsbedingt leider nicht mehr als der hart erk\u00e4mpfte 13. Platz m\u00f6glich.<\/td>\r\n<td style=\"width: 50%;\"><a href=\"https:\/\/franziskanergymnasium-kreuzburg.de\/cms\/wp-content\/uploads\/2019\/07\/2019Handball.jpg\" rel=\"lightbox[22741]\"><img loading=\"lazy\" decoding=\"async\" class=\"aligncenter size-medium wp-image-22753\" src=\"https:\/\/franziskanergymnasium-kreuzburg.de\/cms\/wp-content\/uploads\/2019\/07\/2019Handball-300x205.jpg\" alt=\"\" width=\"300\" height=\"205\" srcset=\"https:\/\/franziskanergymnasium-kreuzburg.de\/cms\/wp-content\/uploads\/2019\/07\/2019Handball-300x205.jpg 300w, https:\/\/franziskanergymnasium-kreuzburg.de\/cms\/wp-content\/uploads\/2019\/07\/2019Handball-768x526.jpg 768w, https:\/\/franziskanergymnasium-kreuzburg.de\/cms\/wp-content\/uploads\/2019\/07\/2019Handball-1024x701.jpg 1024w, https:\/\/franziskanergymnasium-kreuzburg.de\/cms\/wp-content\/uploads\/2019\/07\/2019Handball.jpg 1300w\" sizes=\"auto, (max-width: 300px) 100vw, 300px\" \/><\/a><\/td>\r\n<\/tr>\r\n<tr>\r\n<td style=\"width: 50%;\"><a href=\"https:\/\/franziskanergymnasium-kreuzburg.de\/cms\/wp-content\/uploads\/2019\/07\/2019Tanzen-JtfO.jpg\" rel=\"lightbox[22741]\"><img loading=\"lazy\" decoding=\"async\" class=\"aligncenter size-medium wp-image-22754\" src=\"https:\/\/franziskanergymnasium-kreuzburg.de\/cms\/wp-content\/uploads\/2019\/07\/2019Tanzen-JtfO-300x180.jpg\" alt=\"\" width=\"300\" height=\"180\" srcset=\"https:\/\/franziskanergymnasium-kreuzburg.de\/cms\/wp-content\/uploads\/2019\/07\/2019Tanzen-JtfO-300x180.jpg 300w, https:\/\/franziskanergymnasium-kreuzburg.de\/cms\/wp-content\/uploads\/2019\/07\/2019Tanzen-JtfO-768x462.jpg 768w, https:\/\/franziskanergymnasium-kreuzburg.de\/cms\/wp-content\/uploads\/2019\/07\/2019Tanzen-JtfO-1024x616.jpg 1024w, https:\/\/franziskanergymnasium-kreuzburg.de\/cms\/wp-content\/uploads\/2019\/07\/2019Tanzen-JtfO.jpg 1300w\" sizes=\"auto, (max-width: 300px) 100vw, 300px\" \/><\/a> <a href=\"https:\/\/franziskanergymnasium-kreuzburg.de\/cms\/wp-content\/uploads\/2019\/07\/2019Tanzen-JtfO1.jpg\" rel=\"lightbox[22741]\"><img loading=\"lazy\" decoding=\"async\" class=\"aligncenter size-medium wp-image-22755\" src=\"https:\/\/franziskanergymnasium-kreuzburg.de\/cms\/wp-content\/uploads\/2019\/07\/2019Tanzen-JtfO1-300x200.jpg\" alt=\"\" width=\"300\" height=\"200\" srcset=\"https:\/\/franziskanergymnasium-kreuzburg.de\/cms\/wp-content\/uploads\/2019\/07\/2019Tanzen-JtfO1-300x200.jpg 300w, https:\/\/franziskanergymnasium-kreuzburg.de\/cms\/wp-content\/uploads\/2019\/07\/2019Tanzen-JtfO1-768x512.jpg 768w, https:\/\/franziskanergymnasium-kreuzburg.de\/cms\/wp-content\/uploads\/2019\/07\/2019Tanzen-JtfO1-1024x682.jpg 1024w, https:\/\/franziskanergymnasium-kreuzburg.de\/cms\/wp-content\/uploads\/2019\/07\/2019Tanzen-JtfO1.jpg 1400w\" sizes=\"auto, (max-width: 300px) 100vw, 300px\" \/><\/a> <a href=\"https:\/\/franziskanergymnasium-kreuzburg.de\/cms\/wp-content\/uploads\/2019\/07\/2019Tanzsport.jpg\" rel=\"lightbox[22741]\"><img loading=\"lazy\" decoding=\"async\" class=\"aligncenter size-medium wp-image-22756\" src=\"https:\/\/franziskanergymnasium-kreuzburg.de\/cms\/wp-content\/uploads\/2019\/07\/2019Tanzsport-300x200.jpg\" alt=\"\" width=\"300\" height=\"200\" srcset=\"https:\/\/franziskanergymnasium-kreuzburg.de\/cms\/wp-content\/uploads\/2019\/07\/2019Tanzsport-300x200.jpg 300w, https:\/\/franziskanergymnasium-kreuzburg.de\/cms\/wp-content\/uploads\/2019\/07\/2019Tanzsport-768x512.jpg 768w, https:\/\/franziskanergymnasium-kreuzburg.de\/cms\/wp-content\/uploads\/2019\/07\/2019Tanzsport-1024x683.jpg 1024w, https:\/\/franziskanergymnasium-kreuzburg.de\/cms\/wp-content\/uploads\/2019\/07\/2019Tanzsport.jpg 1200w\" sizes=\"auto, (max-width: 300px) 100vw, 300px\" \/><\/a><\/td>\r\n<td style=\"width: 50%; vertical-align: top;\">Eine weitere sportliche Auszeichnung anderer Art wurde ebenfalls bei dieser Ehrungsfeier verliehen: das Deutsche Tanzsportabzeichen (DTSA). Karlheinz Haag vom Deutschen Tanzsportverband nahm die Pr\u00fcfung in diesem Jahr im Franziskanergymnasium ab. Bewertet wurden Takt, Rhythmus, Fu\u00dfarbeit und die Bewegungsabl\u00e4ufe.\r\nDas DTSA in Bronze, bei dem drei T\u00e4nze mit jeweils vier Figuren bewertet werden, erhielten zw\u00f6lf Sch\u00fclerinnen und ein Sch\u00fcler. Das silberne DTSA ertanzten sich drei Sch\u00fclerinnen mit vier T\u00e4nzen mit sechs Figuren und zehn Sch\u00fclerinnen schafften Gold durch f\u00fcnf T\u00e4nze mit acht Figuren.<\/td>\r\n<\/tr>\r\n<\/tbody>\r\n<\/table>\r\n&nbsp;","protected":false},"excerpt":{"rendered":"Ehrungen in den verschiedensten Bereichen. Hervorragende Leistungen zum Teil \u00fcber die Schule hinaus haben Sch\u00fclerinnen und Sch\u00fcler des Franziskanergymnasiums Kreuzburg im vergangenen Schulhalbjahr in den verschiedensten Bereichen von Erdkunde \u00fcber Sprachen und Mathematik bis zu Sport erbracht. Schulleiter Thomas Wolf wollte diesen Kindern und Jugendlichen vor Schuljahresende noch zu ihren Erfolgen gratulieren und lud daher etwa 70 Sch\u00fclerinnen und Sch\u00fcler zusammen mit ihren betreuenden Lehrkr\u00e4ften zu einer kleinen Ehrungsfeier in die Bibliothek der Schule ein. Gestartet wurde mit den Gratulationen im k\u00fcnstlerischen Bereich. Im vergangenen Jahr hatte die Schulentwicklungsgruppe aufgerufen Entw\u00fcrfe f\u00fcr die Titelbl\u00e4tter der Vertretungshefte der Jahrgangsstufen 7 und 8 zu entwerfen. Vier Zeichnungen wurden ausgew\u00e4hlt und die Designer k\u00f6nnen stolz darauf sein, dass ihre Produkte nun die Vorder- und R\u00fcckseiten der Vertretungshefte schm\u00fccken. Im Fach Erdkunde wird in den Klassen 6 und 9 der Diercke-Test durchgef\u00fchrt. Er fragt altersgem\u00e4\u00df geographische Grundkenntnisse ab, die h\u00e4ufig nicht Gegenstand des Unterrichts waren. Geehrt wurden hier die Klassen- und Jahrgangssieger. Traditionell nimmt die Kreuzburg an verschiedenen Mathematikwettbewerben teil. Dabei umfasst das Teilnehmerfeld \u00fcber 400 Sch\u00fclerinnen und Sch\u00fcler aus der Sekundarstufe I. W\u00e4hrend der Jahrgang 6 um den gr\u00f6\u00dften Sprung im K\u00e4nguruwettbewerb k\u00e4mpft, versuchen die Achtkl\u00e4ssler beim Mathematikwettbewerb des Landes Hessen weiterzukommen. In den zehnten Klassen ist Teamwork beim Wettbewerb \u201aMathematik ohne Grenzen\u2018 angesagt. Besonders erfolgreich waren in diesem Jahr die Achtkl\u00e4ssler. So qualifizierten sich Eva W. und Leonie R. als Jahrgangsbeste zum diesj\u00e4hrigen Kreisentscheid. Bei diesem wiederum konnte sich Eva als beste Mathematikerin des Landkreises zum Landesfinale qualifizieren. Auch Leonie wurde f\u00fcr ihre Leistungen beim Kreisentscheid mit einem dritten Platz belohnt. Die Klasse 10E wurde bei ihrem Teamwettbewerb zwar landesweit nur Elfter, konnte das schulinterne Rennen aber f\u00fcr sich entscheiden und erhielt hierf\u00fcr auch eine kleine Anerkennung. F\u00fcr die Englisch-Klassen der 6. Jahrgangsstufe stand im Mai wieder traditionell der englische Sprachwettbewerb \u201eBig Challenge\u201c auf dem Programm. Dies ist ein bundesweiter Wettbewerb mit Fragen zu Wortschatz, Phonetik, Grammatik und Landeskunde. In diesem Jahr erreichten Julia M. und Lauren M. aus der Klasse 6d den sensationellen 4. Platz unter 3.071 Sch\u00fclern in dieser Wettbewerbsklasse im Land Hessen und sind gleichzeitig die Jahrgangsbesten der Schule. Im Fach Latein nahmen drei Sch\u00fcler der Klasse 9a am Bundeswettbewerb Fremdsprachen Latein teil. Maike V. erhielt f\u00fcr ihr erfolgreiches Abschneiden einen 3. Preis. Im Sport gab es zahlreiche besondere Verdienste bei \u201eJugend trainiert f\u00fcr Olympia\u201c zu verzeichnen: Acht Sch\u00fclerinnen erreichten beim Ger\u00e4tturnen in der Wettkampfklasse II M\u00e4dchen den 4. Platz im Landesentscheid. Die letztj\u00e4hrigen Vizehessemeisterinnen waren damit dieses Jahr erneut erfolgreich. Die letztj\u00e4hrigen Teilnehmer am Bundesfinale im Handball in Berlin, damals aber noch Wettkampfklasse III Jungen, schafften es auch in der im Schnitt ein Jahr \u00e4lteren Gruppe der neuen Wettkampfklasse II in den Landesentscheid. Hier endete aber diesmal der Wettkampf mit dem 7. Platz. Im n\u00e4chsten Jahr stehen die Chancen sicher wieder besser. Die Handballgruppe der M\u00e4dchen der gleichen Wettkampfklasse war noch siegreicher. Das Team, das im letzten Jahr den Wettkampf als Vizehessenmeister abschloss, erreichte in diesem Jahr den Hessenmeisterinnentitel und somit auch den Einzug ins Bundesfinale in Berlin. Dort war verletzungsbedingt leider nicht mehr als der hart erk\u00e4mpfte 13. Platz m\u00f6glich. Eine weitere sportliche Auszeichnung anderer Art wurde ebenfalls bei dieser Ehrungsfeier verliehen: das Deutsche Tanzsportabzeichen (DTSA). Karlheinz Haag vom Deutschen Tanzsportverband nahm die Pr\u00fcfung in diesem Jahr im Franziskanergymnasium ab. Bewertet wurden Takt, Rhythmus, Fu\u00dfarbeit und die Bewegungsabl\u00e4ufe. Das DTSA in Bronze, bei dem drei T\u00e4nze mit jeweils vier Figuren bewertet werden, erhielten zw\u00f6lf Sch\u00fclerinnen und ein Sch\u00fcler. Das silberne DTSA ertanzten sich drei Sch\u00fclerinnen mit vier T\u00e4nzen mit sechs Figuren und zehn Sch\u00fclerinnen schafften Gold durch f\u00fcnf T\u00e4nze mit acht Figuren. &nbsp;","protected":false},"author":3,"featured_media":22759,"comment_status":"closed","ping_status":"closed","sticky":false,"template":"","format":"standard","meta":{"ngg_post_thumbnail":0,"footnotes":""},"categories":[252,253,251,254],"tags":[305,380],"class_list":["post-22741","post","type-post","status-publish","format-standard","has-post-thumbnail","hentry","category-fachbereich-1","category-fachbereich-2","category-fachbereich-3","category-fachbereich-sport","tag-jtfo","tag-mint"],"publishpress_future_action":{"enabled":false,"date":"2026-05-04 19:38:07","action":"change-status","newStatus":"draft","terms":[],"taxonomy":"category","extraData":[]},"publishpress_future_workflow_manual_trigger":{"enabledWorkflows":[]},"_links":{"self":[{"href":"https:\/\/franziskanergymnasium-kreuzburg.de\/cms\/wp-json\/wp\/v2\/posts\/22741","targetHints":{"allow":["GET"]}}],"collection":[{"href":"https:\/\/franziskanergymnasium-kreuzburg.de\/cms\/wp-json\/wp\/v2\/posts"}],"about":[{"href":"https:\/\/franziskanergymnasium-kreuzburg.de\/cms\/wp-json\/wp\/v2\/types\/post"}],"author":[{"embeddable":true,"href":"https:\/\/franziskanergymnasium-kreuzburg.de\/cms\/wp-json\/wp\/v2\/users\/3"}],"replies":[{"embeddable":true,"href":"https:\/\/franziskanergymnasium-kreuzburg.de\/cms\/wp-json\/wp\/v2\/comments?post=22741"}],"version-history":[{"count":6,"href":"https:\/\/franziskanergymnasium-kreuzburg.de\/cms\/wp-json\/wp\/v2\/posts\/22741\/revisions"}],"predecessor-version":[{"id":22761,"href":"https:\/\/franziskanergymnasium-kreuzburg.de\/cms\/wp-json\/wp\/v2\/posts\/22741\/revisions\/22761"}],"wp:featuredmedia":[{"embeddable":true,"href":"https:\/\/franziskanergymnasium-kreuzburg.de\/cms\/wp-json\/wp\/v2\/media\/22759"}],"wp:attachment":[{"href":"https:\/\/franziskanergymnasium-kreuzburg.de\/cms\/wp-json\/wp\/v2\/media?parent=22741"}],"wp:term":[{"taxonomy":"category","embeddable":true,"href":"https:\/\/franziskanergymnasium-kreuzburg.de\/cms\/wp-json\/wp\/v2\/categories?post=22741"},{"taxonomy":"post_tag","embeddable":true,"href":"https:\/\/franziskanergymnasium-kreuzburg.de\/cms\/wp-json\/wp\/v2\/tags?post=22741"}],"curies":[{"name":"wp","href":"https:\/\/api.w.org\/{rel}","templated":true}]}}