{"id":22909,"date":"2019-08-29T16:54:27","date_gmt":"2019-08-29T14:54:27","guid":{"rendered":"https:\/\/franziskanergymnasium-kreuzburg.de\/cms\/?p=22909"},"modified":"2020-06-05T13:47:19","modified_gmt":"2020-06-05T11:47:19","slug":"flug-des-wetterballons-in-die-stratosphaere-geglueckt","status":"publish","type":"post","link":"https:\/\/franziskanergymnasium-kreuzburg.de\/cms\/flug-des-wetterballons-in-die-stratosphaere-geglueckt\/","title":{"rendered":"Flug des Wetterballons in die Stratosph\u00e4re gegl\u00fcckt"},"content":{"rendered":"<a attid=\"23046\"  href=\"https:\/\/franziskanergymnasium-kreuzburg.de\/cms\/wp-content\/uploads\/2019\/08\/2019_08_20Stratoflug11.jpg\" rel=\"lightbox[22909]\"><img loading=\"lazy\" decoding=\"async\" src=\"https:\/\/franziskanergymnasium-kreuzburg.de\/cms\/wp-content\/uploads\/2019\/08\/2019_08_20Stratoflug11-300x169.jpg\" alt=\"\" width=\"300\" height=\"169\" class=\"alignright size-medium wp-image-23046\" srcset=\"https:\/\/franziskanergymnasium-kreuzburg.de\/cms\/wp-content\/uploads\/2019\/08\/2019_08_20Stratoflug11-300x169.jpg 300w, https:\/\/franziskanergymnasium-kreuzburg.de\/cms\/wp-content\/uploads\/2019\/08\/2019_08_20Stratoflug11-768x432.jpg 768w, https:\/\/franziskanergymnasium-kreuzburg.de\/cms\/wp-content\/uploads\/2019\/08\/2019_08_20Stratoflug11-1024x576.jpg 1024w\" sizes=\"auto, (max-width: 300px) 100vw, 300px\" \/><\/a><p>Getreu dem Motto \u201aZwischen Himmel und Erde\u2018 ist es der MINT-AG am Dienstag, den 20.08.2019 gelungen, einen Wetterballon vom Sportplatz der Kreuzburg in die Stratosph\u00e4re zu schicken. Nicht nur der Start gestaltete sich als Herausforderung, sondern nat\u00fcrlich auch die Landung sowie Bergung an einem unbekannten Ort. Die von den MINT-begeisterten Lernenden selbst gebaute Sonde wurde von einem mit \u00fcber 3.000 l Ballongas gef\u00fcllten Wetterballon auf \u00fcber 10.000 m H\u00f6he getragen bis dieser platze und die Sonde mit einem Fallschirm sicher zur\u00fcck zur Erde segelte. An Board der Sonde befanden sich eine Kamera, ein GPS-Tracker und ein Wetterdatenstick \u2013 alle Ger\u00e4te sollten den Flug aufzeichnen und spannende Informationen zur Erde mitbringen. Der Flug der Sonde ist im Wesentlichen vom S\u00fcdwestwind gepr\u00e4gt gewesen, sodass die Sonde \u00fcber das Kinzigtal hinweg bin in die Rh\u00f6n geweht wurde. Nach einer Stunde und 90 km Flugl\u00e4nge landetet die Sonde schlie\u00dflich unversehrt auf einer Schafsweide im th\u00fcringischen Spahl, sodass diese mitsamt aller Wetterdaten sicher wieder zur Kreuzburg zur\u00fcckgeholt werden konnte. Wetterdaten, Flugroute und ein paar erste Bilder sind der untenstehenden Galerie zu entnehmen. Ein ausf\u00fchrliches Video folgt.<\/p>\r\n\r\nngg_shortcode_0_placeholder","protected":false},"excerpt":{"rendered":"Getreu dem Motto \u201aZwischen Himmel und Erde\u2018 ist es der MINT-AG am Dienstag, den 20.08.2019 gelungen, einen Wetterballon vom Sportplatz der Kreuzburg in die Stratosph\u00e4re zu schicken. Nicht nur der Start gestaltete sich als Herausforderung, sondern nat\u00fcrlich auch die Landung sowie Bergung an einem unbekannten Ort. Die von den MINT-begeisterten Lernenden selbst gebaute Sonde wurde von einem mit \u00fcber 3.000 l Ballongas gef\u00fcllten Wetterballon auf \u00fcber 10.000 m H\u00f6he getragen bis dieser platze und die Sonde mit einem Fallschirm sicher zur\u00fcck zur Erde segelte. An Board der Sonde befanden sich eine Kamera, ein GPS-Tracker und ein Wetterdatenstick \u2013 alle Ger\u00e4te sollten den Flug aufzeichnen und spannende Informationen zur Erde mitbringen. Der Flug der Sonde ist im Wesentlichen vom S\u00fcdwestwind gepr\u00e4gt gewesen, sodass die Sonde \u00fcber das Kinzigtal hinweg bin in die Rh\u00f6n geweht wurde. Nach einer Stunde und 90 km Flugl\u00e4nge landetet die Sonde schlie\u00dflich unversehrt auf einer Schafsweide im th\u00fcringischen Spahl, sodass diese mitsamt aller Wetterdaten sicher wieder zur Kreuzburg zur\u00fcckgeholt werden konnte. Wetterdaten, Flugroute und ein paar erste Bilder sind der untenstehenden Galerie zu entnehmen. Ein ausf\u00fchrliches Video folgt.","protected":false},"author":3,"featured_media":22910,"comment_status":"closed","ping_status":"closed","sticky":false,"template":"","format":"standard","meta":{"ngg_post_thumbnail":0,"footnotes":""},"categories":[1,251],"tags":[380,439],"class_list":["post-22909","post","type-post","status-publish","format-standard","has-post-thumbnail","hentry","category-allgemein","category-fachbereich-3","tag-mint","tag-physik"],"publishpress_future_action":{"enabled":false,"date":"2026-05-06 13:01:28","action":"change-status","newStatus":"draft","terms":[],"taxonomy":"category","extraData":[]},"publishpress_future_workflow_manual_trigger":{"enabledWorkflows":[]},"_links":{"self":[{"href":"https:\/\/franziskanergymnasium-kreuzburg.de\/cms\/wp-json\/wp\/v2\/posts\/22909","targetHints":{"allow":["GET"]}}],"collection":[{"href":"https:\/\/franziskanergymnasium-kreuzburg.de\/cms\/wp-json\/wp\/v2\/posts"}],"about":[{"href":"https:\/\/franziskanergymnasium-kreuzburg.de\/cms\/wp-json\/wp\/v2\/types\/post"}],"author":[{"embeddable":true,"href":"https:\/\/franziskanergymnasium-kreuzburg.de\/cms\/wp-json\/wp\/v2\/users\/3"}],"replies":[{"embeddable":true,"href":"https:\/\/franziskanergymnasium-kreuzburg.de\/cms\/wp-json\/wp\/v2\/comments?post=22909"}],"version-history":[{"count":4,"href":"https:\/\/franziskanergymnasium-kreuzburg.de\/cms\/wp-json\/wp\/v2\/posts\/22909\/revisions"}],"predecessor-version":[{"id":23047,"href":"https:\/\/franziskanergymnasium-kreuzburg.de\/cms\/wp-json\/wp\/v2\/posts\/22909\/revisions\/23047"}],"wp:featuredmedia":[{"embeddable":true,"href":"https:\/\/franziskanergymnasium-kreuzburg.de\/cms\/wp-json\/wp\/v2\/media\/22910"}],"wp:attachment":[{"href":"https:\/\/franziskanergymnasium-kreuzburg.de\/cms\/wp-json\/wp\/v2\/media?parent=22909"}],"wp:term":[{"taxonomy":"category","embeddable":true,"href":"https:\/\/franziskanergymnasium-kreuzburg.de\/cms\/wp-json\/wp\/v2\/categories?post=22909"},{"taxonomy":"post_tag","embeddable":true,"href":"https:\/\/franziskanergymnasium-kreuzburg.de\/cms\/wp-json\/wp\/v2\/tags?post=22909"}],"curies":[{"name":"wp","href":"https:\/\/api.w.org\/{rel}","templated":true}]}}