{"id":22942,"date":"2019-09-07T19:28:29","date_gmt":"2019-09-07T17:28:29","guid":{"rendered":"https:\/\/franziskanergymnasium-kreuzburg.de\/cms\/?p=22942"},"modified":"2019-09-08T16:54:01","modified_gmt":"2019-09-08T14:54:01","slug":"neue-lehrer-zum-neuen-schuljahr","status":"publish","type":"post","link":"https:\/\/franziskanergymnasium-kreuzburg.de\/cms\/neue-lehrer-zum-neuen-schuljahr\/","title":{"rendered":"Neue Lehrer zum neuen Schuljahr"},"content":{"rendered":"<p>Zum neuen Schuljahr konnten zw\u00f6lf neue Lehrer sowie eine neue Schulpsychologin an unserer Schule begr\u00fc\u00dft werden.\r\n<ul><a attid=\"22946\"  href=\"https:\/\/franziskanergymnasium-kreuzburg.de\/cms\/wp-content\/uploads\/2019\/08\/2019_08_07-Neue-Kollegen7.jpg\" rel=\"lightbox[22942]\"><img loading=\"lazy\" decoding=\"async\" src=\"https:\/\/franziskanergymnasium-kreuzburg.de\/cms\/wp-content\/uploads\/2019\/08\/2019_08_07-Neue-Kollegen7-225x300.jpg\" alt=\"\" width=\"225\" height=\"300\" class=\"alignright size-medium wp-image-22946\" srcset=\"https:\/\/franziskanergymnasium-kreuzburg.de\/cms\/wp-content\/uploads\/2019\/08\/2019_08_07-Neue-Kollegen7-225x300.jpg 225w, https:\/\/franziskanergymnasium-kreuzburg.de\/cms\/wp-content\/uploads\/2019\/08\/2019_08_07-Neue-Kollegen7-768x1024.jpg 768w, https:\/\/franziskanergymnasium-kreuzburg.de\/cms\/wp-content\/uploads\/2019\/08\/2019_08_07-Neue-Kollegen7.jpg 900w\" sizes=\"auto, (max-width: 225px) 100vw, 225px\" \/><\/a>\r\n \t<li>Thomas Becker mit den F\u00e4chern Mathematik und Erdkunde,<\/li>\r\n        <li>Lena Christ mit den F\u00e4chern Biologie und Sport,<\/li>\r\n \t<li>Stella-Maria Dillenseger mit den  F\u00e4chern Englisch, kath. Religion und Sport,<\/li>\r\n \t<li>Verena Fischer mit den F\u00e4chern Deutsch und Geschichte,<\/li>\r\n \t<li>Anna-Lena Meininger mit den F\u00e4chern Latein und kath. Religion,<\/li>\r\n \t<li>Sanja Rei\u00df mit den F\u00e4chern Englisch und Deutsch,<\/li>\r\n \t<li>Theresa Riehn mit den F\u00e4chern Deutsch, Geschichte und Darstellendes Spiel,<\/li>\r\n        <li>Sabine Rosenberger mit den F\u00e4chern Mathematik und Physik,<\/li>\r\n \t<li>Andreas Schreck mit dem Fach Musik,<\/li>\r\n \t<li>Lisa Marie Sensel mit den F\u00e4chern Deutsch, Geschichte und ev. Religion sowie<\/li>\r\n \t<li>Jacob Walzer mit den F\u00e4chern Englisch, Geschichte und PoWi.<\/li>\r\n<\/ul><\/p>\r\nZusammen mit Anna Christina Becker, die unsere Bibliothekskr\u00e4fte ab 1. Oktober 2019 unterst\u00fctzen wird, und den derzeitigen Referendaren an unserer Schule, stimmten sie sich bereits in den Sommerferien in einem Einf\u00fchrungsseminar auf die Arbeit an der Kreuzburg ein.<\/p><p>\r\n\r\nNeben einem gegenseitigen Kennenlernen und Austausch diente das Seminar einer ersten Einf\u00fchrung in den franziskanischen Kontext der Schule. Die Teilnehmer erhielten zudem zahlreiche Informationen zu den schulischen Abl\u00e4ufen und Gegebenheiten.<\/p><p>\r\n\r\n<a attid=\"22945\"  href=\"https:\/\/franziskanergymnasium-kreuzburg.de\/cms\/wp-content\/uploads\/2019\/08\/2019_08_08-Neue-Kollegen.jpg\" rel=\"lightbox[22942]\"><img loading=\"lazy\" decoding=\"async\" src=\"https:\/\/franziskanergymnasium-kreuzburg.de\/cms\/wp-content\/uploads\/2019\/08\/2019_08_08-Neue-Kollegen-225x300.jpg\" alt=\"\" width=\"225\" height=\"300\" class=\"alignright size-medium wp-image-22945\" srcset=\"https:\/\/franziskanergymnasium-kreuzburg.de\/cms\/wp-content\/uploads\/2019\/08\/2019_08_08-Neue-Kollegen-225x300.jpg 225w, https:\/\/franziskanergymnasium-kreuzburg.de\/cms\/wp-content\/uploads\/2019\/08\/2019_08_08-Neue-Kollegen-768x1024.jpg 768w, https:\/\/franziskanergymnasium-kreuzburg.de\/cms\/wp-content\/uploads\/2019\/08\/2019_08_08-Neue-Kollegen.jpg 1050w\" sizes=\"auto, (max-width: 225px) 100vw, 225px\" \/><\/a>\r\n\r\n<a attid=\"22943\"  href=\"https:\/\/franziskanergymnasium-kreuzburg.de\/cms\/wp-content\/uploads\/2019\/08\/2019_08_08-Neue-Kollegen2.jpg\" rel=\"lightbox[22942]\"><img loading=\"lazy\" decoding=\"async\" src=\"https:\/\/franziskanergymnasium-kreuzburg.de\/cms\/wp-content\/uploads\/2019\/08\/2019_08_08-Neue-Kollegen2-225x300.jpg\" alt=\"\" width=\"225\" height=\"300\" class=\"alignright size-medium wp-image-22943\" srcset=\"https:\/\/franziskanergymnasium-kreuzburg.de\/cms\/wp-content\/uploads\/2019\/08\/2019_08_08-Neue-Kollegen2-225x300.jpg 225w, https:\/\/franziskanergymnasium-kreuzburg.de\/cms\/wp-content\/uploads\/2019\/08\/2019_08_08-Neue-Kollegen2-768x1024.jpg 768w, https:\/\/franziskanergymnasium-kreuzburg.de\/cms\/wp-content\/uploads\/2019\/08\/2019_08_08-Neue-Kollegen2.jpg 900w\" sizes=\"auto, (max-width: 225px) 100vw, 225px\" \/><\/a>Die \u00dcbernachtung im Kloster w\u00e4hrend dieser Zeit erm\u00f6glichte einen kleinen Einblick in das Konventsleben und ein gem\u00fctliches Miteinander mit Vertretern der Schule am Abend.<\/p><p>\r\n\r\n","protected":false},"excerpt":{"rendered":"Zum neuen Schuljahr konnten zw\u00f6lf neue Lehrer sowie eine neue Schulpsychologin an unserer Schule begr\u00fc\u00dft werden. Thomas Becker mit den F\u00e4chern Mathematik und Erdkunde, Lena Christ mit den F\u00e4chern Biologie und Sport, Stella-Maria Dillenseger mit den F\u00e4chern Englisch, kath. Religion und Sport, Verena Fischer mit den F\u00e4chern Deutsch und Geschichte, Anna-Lena Meininger mit den F\u00e4chern Latein und kath. Religion, Sanja Rei\u00df mit den F\u00e4chern Englisch und Deutsch, Theresa Riehn mit den F\u00e4chern Deutsch, Geschichte und Darstellendes Spiel, Sabine Rosenberger mit den F\u00e4chern Mathematik und Physik, Andreas Schreck mit dem Fach Musik, Lisa Marie Sensel mit den F\u00e4chern Deutsch, Geschichte und ev. Religion sowie Jacob Walzer mit den F\u00e4chern Englisch, Geschichte und PoWi. Zusammen mit Anna Christina Becker, die unsere Bibliothekskr\u00e4fte ab 1. Oktober 2019 unterst\u00fctzen wird, und den derzeitigen Referendaren an unserer Schule, stimmten sie sich bereits in den Sommerferien in einem Einf\u00fchrungsseminar auf die Arbeit an der Kreuzburg ein. Neben einem gegenseitigen Kennenlernen und Austausch diente das Seminar einer ersten Einf\u00fchrung in den franziskanischen Kontext der Schule. Die Teilnehmer erhielten zudem zahlreiche Informationen zu den schulischen Abl\u00e4ufen und Gegebenheiten. Die \u00dcbernachtung im Kloster w\u00e4hrend dieser Zeit erm\u00f6glichte einen kleinen Einblick in das Konventsleben und ein gem\u00fctliches Miteinander mit Vertretern der Schule am Abend.","protected":false},"author":3,"featured_media":22944,"comment_status":"closed","ping_status":"closed","sticky":false,"template":"","format":"standard","meta":{"ngg_post_thumbnail":0,"footnotes":""},"categories":[1],"tags":[],"class_list":["post-22942","post","type-post","status-publish","format-standard","has-post-thumbnail","hentry","category-allgemein"],"publishpress_future_action":{"enabled":false,"date":"2026-05-02 10:12:34","action":"change-status","newStatus":"draft","terms":[],"taxonomy":"category","extraData":[]},"publishpress_future_workflow_manual_trigger":{"enabledWorkflows":[]},"_links":{"self":[{"href":"https:\/\/franziskanergymnasium-kreuzburg.de\/cms\/wp-json\/wp\/v2\/posts\/22942","targetHints":{"allow":["GET"]}}],"collection":[{"href":"https:\/\/franziskanergymnasium-kreuzburg.de\/cms\/wp-json\/wp\/v2\/posts"}],"about":[{"href":"https:\/\/franziskanergymnasium-kreuzburg.de\/cms\/wp-json\/wp\/v2\/types\/post"}],"author":[{"embeddable":true,"href":"https:\/\/franziskanergymnasium-kreuzburg.de\/cms\/wp-json\/wp\/v2\/users\/3"}],"replies":[{"embeddable":true,"href":"https:\/\/franziskanergymnasium-kreuzburg.de\/cms\/wp-json\/wp\/v2\/comments?post=22942"}],"version-history":[{"count":8,"href":"https:\/\/franziskanergymnasium-kreuzburg.de\/cms\/wp-json\/wp\/v2\/posts\/22942\/revisions"}],"predecessor-version":[{"id":23174,"href":"https:\/\/franziskanergymnasium-kreuzburg.de\/cms\/wp-json\/wp\/v2\/posts\/22942\/revisions\/23174"}],"wp:featuredmedia":[{"embeddable":true,"href":"https:\/\/franziskanergymnasium-kreuzburg.de\/cms\/wp-json\/wp\/v2\/media\/22944"}],"wp:attachment":[{"href":"https:\/\/franziskanergymnasium-kreuzburg.de\/cms\/wp-json\/wp\/v2\/media?parent=22942"}],"wp:term":[{"taxonomy":"category","embeddable":true,"href":"https:\/\/franziskanergymnasium-kreuzburg.de\/cms\/wp-json\/wp\/v2\/categories?post=22942"},{"taxonomy":"post_tag","embeddable":true,"href":"https:\/\/franziskanergymnasium-kreuzburg.de\/cms\/wp-json\/wp\/v2\/tags?post=22942"}],"curies":[{"name":"wp","href":"https:\/\/api.w.org\/{rel}","templated":true}]}}