{"id":24147,"date":"2019-11-11T08:38:32","date_gmt":"2019-11-11T07:38:32","guid":{"rendered":"https:\/\/franziskanergymnasium-kreuzburg.de\/cms\/?p=24147"},"modified":"2019-11-11T08:44:30","modified_gmt":"2019-11-11T07:44:30","slug":"adventsbasar-2019-alle-sind-herzlich-eingeladen","status":"publish","type":"post","link":"https:\/\/franziskanergymnasium-kreuzburg.de\/cms\/adventsbasar-2019-alle-sind-herzlich-eingeladen\/","title":{"rendered":"Adventsbasar 2019 \u2013 Alle sind herzlich eingeladen!"},"content":{"rendered":"<a attid=\"24226\"  href=\"https:\/\/franziskanergymnasium-kreuzburg.de\/cms\/wp-content\/uploads\/2019\/11\/Adventskranz-einzeln.png\" rel=\"lightbox[24147]\"><img loading=\"lazy\" decoding=\"async\" src=\"https:\/\/franziskanergymnasium-kreuzburg.de\/cms\/wp-content\/uploads\/2019\/11\/Adventskranz-einzeln-210x300.png\" alt=\"\" width=\"210\" height=\"300\" class=\"alignright size-medium wp-image-24226\" srcset=\"https:\/\/franziskanergymnasium-kreuzburg.de\/cms\/wp-content\/uploads\/2019\/11\/Adventskranz-einzeln-210x300.png 210w, https:\/\/franziskanergymnasium-kreuzburg.de\/cms\/wp-content\/uploads\/2019\/11\/Adventskranz-einzeln.png 223w\" sizes=\"auto, (max-width: 210px) 100vw, 210px\" \/><\/a><p>Am Freitag, dem 29.11.2019 von 13.30 bis 16.30 Uhr bieten die Sch\u00fclerinnen und Sch\u00fcler unserer Schule wieder vielf\u00e4ltige M\u00f6glichkeiten, weihnachtliche Dekorationen oder Geschenke f\u00fcr die Liebsten zu erwerben, an. Nat\u00fcrlich kommt auch das leibliche Wohl nicht zu kurz: Ob s\u00fc\u00df oder deftig, hei\u00df oder kalt \u2013 das Angebot an Speisen und Getr\u00e4nken ist gro\u00df und abwechslungsreich, reicht von Grillw\u00fcrstchen \u00fcber multikulturelle K\u00fcche bis hin zu S\u00fc\u00dfem in Form von Waffeln, Crepes oder Fruchtspie\u00dfen. <\/p><p>Um 15.30 Uhr bietet Bruder Michael in Zusammenarbeit mit der Sacro-Pop-AG als \u201eInsel der Ruhe\u201c eine Andacht in der Kapelle an.<\/p><p>\r\nDer Erl\u00f6s des Adventsbasars wird zu 50 % unseren Partnerprojekten in Brasilien (Manoel Monteiro-Schule), Bolivien (Guarayos-Projekt) und \u00c4thiopien (Schulprojekt) zu Gute kommen. Mit den anderen 50 % werden schulinterne Projekte unterst\u00fctzt.<\/p><p>\r\nKommen Sie beim Adventsbasar auch in das \u201eEine-Welt-Caf\u00e9\u201c hinter dem Tiermuseum. Hier geht es bei Kaffee und Kuchen in besonderer Weise um unsere brasilianischen Beziehungen und Neuigkeiten von unserem Partnerprojekt, der Manoel Monteiro-Schule. <\/p><p>\r\n\r\nDa unsere Parkm\u00f6glichkeiten begrenzt sind, bitten wir darum, m\u00f6glichst zu Fu\u00df, mit dem Fahrrad oder \u00f6ffentlichen Verkehrsmitteln zu kommen. Falls Sie mit dem Auto anreisen, beachten Sie bitte Folgendes:<ol>\r\n\t<li>Parken Sie bitte auf keinen Fall in der Niederwaldstra\u00dfe, hier herrscht Halteverbot, um die Zufahrt f\u00fcr Rettungskr\u00e4fte freizuhalten.<\/li>\r\n\t<li>\r\nNutzen Sie bitte den gro\u00dfen Parkplatz an der Turnhalle.<\/li>\r\n\t<li>\r\nIst dieser belegt, werden Sie bereits am Eingang zur Niederwaldstra\u00dfe von unserem Parkplatzdienst hierauf aufmerksam gemacht. Bitte nutzen Sie in diesem Fall den Parkplatz am See. Hier steht ein Shuttle-Service bereit, der im 10-Minuten-Takt die Kreuzburg anf\u00e4hrt.\t<\/li>\r\n<\/ol>\r\n  \r\n<p>Wir hoffen auf ihr Verst\u00e4ndnis und w\u00fcnschen allen Beteiligten einen besinnlichen Adventsbasar 2019.<\/p>\r\n","protected":false},"excerpt":{"rendered":"Am Freitag, dem 29.11.2019 von 13.30 bis 16.30 Uhr bieten die Sch\u00fclerinnen und Sch\u00fcler unserer Schule wieder vielf\u00e4ltige M\u00f6glichkeiten, weihnachtliche Dekorationen oder Geschenke f\u00fcr die Liebsten zu erwerben, an. Nat\u00fcrlich kommt auch das leibliche Wohl nicht zu kurz: Ob s\u00fc\u00df oder deftig, hei\u00df oder kalt \u2013 das Angebot an Speisen und Getr\u00e4nken ist gro\u00df und abwechslungsreich, reicht von Grillw\u00fcrstchen \u00fcber multikulturelle K\u00fcche bis hin zu S\u00fc\u00dfem in Form von Waffeln, Crepes oder Fruchtspie\u00dfen. Um 15.30 Uhr bietet Bruder Michael in Zusammenarbeit mit der Sacro-Pop-AG als \u201eInsel der Ruhe\u201c eine Andacht in der Kapelle an. Der Erl\u00f6s des Adventsbasars wird zu 50 % unseren Partnerprojekten in Brasilien (Manoel Monteiro-Schule), Bolivien (Guarayos-Projekt) und \u00c4thiopien (Schulprojekt) zu Gute kommen. Mit den anderen 50 % werden schulinterne Projekte unterst\u00fctzt. Kommen Sie beim Adventsbasar auch in das \u201eEine-Welt-Caf\u00e9\u201c hinter dem Tiermuseum. Hier geht es bei Kaffee und Kuchen in besonderer Weise um unsere brasilianischen Beziehungen und Neuigkeiten von unserem Partnerprojekt, der Manoel Monteiro-Schule. Da unsere Parkm\u00f6glichkeiten begrenzt sind, bitten wir darum, m\u00f6glichst zu Fu\u00df, mit dem Fahrrad oder \u00f6ffentlichen Verkehrsmitteln zu kommen. Falls Sie mit dem Auto anreisen, beachten Sie bitte Folgendes: Parken Sie bitte auf keinen Fall in der Niederwaldstra\u00dfe, hier herrscht Halteverbot, um die Zufahrt f\u00fcr Rettungskr\u00e4fte freizuhalten. Nutzen Sie bitte den gro\u00dfen Parkplatz an der Turnhalle. Ist dieser belegt, werden Sie bereits am Eingang zur Niederwaldstra\u00dfe von unserem Parkplatzdienst hierauf aufmerksam gemacht. Bitte nutzen Sie in diesem Fall den Parkplatz am See. Hier steht ein Shuttle-Service bereit, der im 10-Minuten-Takt die Kreuzburg anf\u00e4hrt. Wir hoffen auf ihr Verst\u00e4ndnis und w\u00fcnschen allen Beteiligten einen besinnlichen Adventsbasar 2019.","protected":false},"author":3,"featured_media":24223,"comment_status":"closed","ping_status":"closed","sticky":false,"template":"","format":"standard","meta":{"ngg_post_thumbnail":0,"footnotes":""},"categories":[1],"tags":[],"class_list":["post-24147","post","type-post","status-publish","format-standard","has-post-thumbnail","hentry","category-allgemein"],"publishpress_future_action":{"enabled":false,"date":"2026-05-06 11:32:20","action":"change-status","newStatus":"draft","terms":[],"taxonomy":"category","extraData":[]},"publishpress_future_workflow_manual_trigger":{"enabledWorkflows":[]},"_links":{"self":[{"href":"https:\/\/franziskanergymnasium-kreuzburg.de\/cms\/wp-json\/wp\/v2\/posts\/24147","targetHints":{"allow":["GET"]}}],"collection":[{"href":"https:\/\/franziskanergymnasium-kreuzburg.de\/cms\/wp-json\/wp\/v2\/posts"}],"about":[{"href":"https:\/\/franziskanergymnasium-kreuzburg.de\/cms\/wp-json\/wp\/v2\/types\/post"}],"author":[{"embeddable":true,"href":"https:\/\/franziskanergymnasium-kreuzburg.de\/cms\/wp-json\/wp\/v2\/users\/3"}],"replies":[{"embeddable":true,"href":"https:\/\/franziskanergymnasium-kreuzburg.de\/cms\/wp-json\/wp\/v2\/comments?post=24147"}],"version-history":[{"count":9,"href":"https:\/\/franziskanergymnasium-kreuzburg.de\/cms\/wp-json\/wp\/v2\/posts\/24147\/revisions"}],"predecessor-version":[{"id":24227,"href":"https:\/\/franziskanergymnasium-kreuzburg.de\/cms\/wp-json\/wp\/v2\/posts\/24147\/revisions\/24227"}],"wp:featuredmedia":[{"embeddable":true,"href":"https:\/\/franziskanergymnasium-kreuzburg.de\/cms\/wp-json\/wp\/v2\/media\/24223"}],"wp:attachment":[{"href":"https:\/\/franziskanergymnasium-kreuzburg.de\/cms\/wp-json\/wp\/v2\/media?parent=24147"}],"wp:term":[{"taxonomy":"category","embeddable":true,"href":"https:\/\/franziskanergymnasium-kreuzburg.de\/cms\/wp-json\/wp\/v2\/categories?post=24147"},{"taxonomy":"post_tag","embeddable":true,"href":"https:\/\/franziskanergymnasium-kreuzburg.de\/cms\/wp-json\/wp\/v2\/tags?post=24147"}],"curies":[{"name":"wp","href":"https:\/\/api.w.org\/{rel}","templated":true}]}}