{"id":24250,"date":"2019-11-20T08:27:15","date_gmt":"2019-11-20T07:27:15","guid":{"rendered":"https:\/\/franziskanergymnasium-kreuzburg.de\/cms\/?p=24250"},"modified":"2019-11-20T08:27:15","modified_gmt":"2019-11-20T07:27:15","slug":"neue-kolleginnen-2","status":"publish","type":"post","link":"https:\/\/franziskanergymnasium-kreuzburg.de\/cms\/neue-kolleginnen-2\/","title":{"rendered":"Neue Kolleginnen"},"content":{"rendered":"<a attid=\"24252\"  href=\"https:\/\/franziskanergymnasium-kreuzburg.de\/cms\/wp-content\/uploads\/2019\/11\/2019_11Livs.jpg\" rel=\"lightbox[24250]\"><img loading=\"lazy\" decoding=\"async\" src=\"https:\/\/franziskanergymnasium-kreuzburg.de\/cms\/wp-content\/uploads\/2019\/11\/2019_11Livs-300x154.jpg\" alt=\"\" width=\"300\" height=\"154\" class=\"alignright size-medium wp-image-24252\" srcset=\"https:\/\/franziskanergymnasium-kreuzburg.de\/cms\/wp-content\/uploads\/2019\/11\/2019_11Livs-300x154.jpg 300w, https:\/\/franziskanergymnasium-kreuzburg.de\/cms\/wp-content\/uploads\/2019\/11\/2019_11Livs-768x395.jpg 768w, https:\/\/franziskanergymnasium-kreuzburg.de\/cms\/wp-content\/uploads\/2019\/11\/2019_11Livs-1024x527.jpg 1024w, https:\/\/franziskanergymnasium-kreuzburg.de\/cms\/wp-content\/uploads\/2019\/11\/2019_11Livs.jpg 1400w\" sizes=\"auto, (max-width: 300px) 100vw, 300px\" \/><\/a>Drei neue Lehrerinnen im Vorbereitungsdienst (LiVs) traten Anfang November ihre Ausbildung an der Kreuzburg an. Katharina Eicker strebt das 2. Staatsexamen in den F\u00e4chern Chemie und Mathematik an, Katharina Haberkorn in den F\u00e4chern Franz\u00f6sisch und katholische Religion, und Chiara Raab m\u00f6chte in den F\u00e4chern Mathematik und Spanisch abschlie\u00dfen.\r\n","protected":false},"excerpt":{"rendered":"Drei neue Lehrerinnen im Vorbereitungsdienst (LiVs) traten Anfang November ihre Ausbildung an der Kreuzburg an. Katharina Eicker strebt das 2. Staatsexamen in den F\u00e4chern Chemie und Mathematik an, Katharina Haberkorn in den F\u00e4chern Franz\u00f6sisch und katholische Religion, und Chiara Raab m\u00f6chte in den F\u00e4chern Mathematik und Spanisch abschlie\u00dfen.","protected":false},"author":3,"featured_media":24252,"comment_status":"closed","ping_status":"closed","sticky":false,"template":"","format":"standard","meta":{"ngg_post_thumbnail":0,"footnotes":""},"categories":[1],"tags":[],"class_list":["post-24250","post","type-post","status-publish","format-standard","has-post-thumbnail","hentry","category-allgemein"],"publishpress_future_action":{"enabled":false,"date":"2026-05-08 10:19:09","action":"change-status","newStatus":"draft","terms":[],"taxonomy":"category","extraData":[]},"publishpress_future_workflow_manual_trigger":{"enabledWorkflows":[]},"_links":{"self":[{"href":"https:\/\/franziskanergymnasium-kreuzburg.de\/cms\/wp-json\/wp\/v2\/posts\/24250","targetHints":{"allow":["GET"]}}],"collection":[{"href":"https:\/\/franziskanergymnasium-kreuzburg.de\/cms\/wp-json\/wp\/v2\/posts"}],"about":[{"href":"https:\/\/franziskanergymnasium-kreuzburg.de\/cms\/wp-json\/wp\/v2\/types\/post"}],"author":[{"embeddable":true,"href":"https:\/\/franziskanergymnasium-kreuzburg.de\/cms\/wp-json\/wp\/v2\/users\/3"}],"replies":[{"embeddable":true,"href":"https:\/\/franziskanergymnasium-kreuzburg.de\/cms\/wp-json\/wp\/v2\/comments?post=24250"}],"version-history":[{"count":4,"href":"https:\/\/franziskanergymnasium-kreuzburg.de\/cms\/wp-json\/wp\/v2\/posts\/24250\/revisions"}],"predecessor-version":[{"id":24255,"href":"https:\/\/franziskanergymnasium-kreuzburg.de\/cms\/wp-json\/wp\/v2\/posts\/24250\/revisions\/24255"}],"wp:featuredmedia":[{"embeddable":true,"href":"https:\/\/franziskanergymnasium-kreuzburg.de\/cms\/wp-json\/wp\/v2\/media\/24252"}],"wp:attachment":[{"href":"https:\/\/franziskanergymnasium-kreuzburg.de\/cms\/wp-json\/wp\/v2\/media?parent=24250"}],"wp:term":[{"taxonomy":"category","embeddable":true,"href":"https:\/\/franziskanergymnasium-kreuzburg.de\/cms\/wp-json\/wp\/v2\/categories?post=24250"},{"taxonomy":"post_tag","embeddable":true,"href":"https:\/\/franziskanergymnasium-kreuzburg.de\/cms\/wp-json\/wp\/v2\/tags?post=24250"}],"curies":[{"name":"wp","href":"https:\/\/api.w.org\/{rel}","templated":true}]}}