{"id":24290,"date":"2019-12-02T07:25:53","date_gmt":"2019-12-02T06:25:53","guid":{"rendered":"https:\/\/franziskanergymnasium-kreuzburg.de\/cms\/?p=24290"},"modified":"2019-12-02T08:00:33","modified_gmt":"2019-12-02T07:00:33","slug":"montagsimpuls-in-der-1-adventswoche","status":"publish","type":"post","link":"https:\/\/franziskanergymnasium-kreuzburg.de\/cms\/montagsimpuls-in-der-1-adventswoche\/","title":{"rendered":"Montagsimpuls in der 1. Adventswoche"},"content":{"rendered":"<a attid=\"24262\"  href=\"https:\/\/franziskanergymnasium-kreuzburg.de\/cms\/wp-content\/uploads\/2019\/11\/01.jpg\" rel=\"lightbox[24290]\"><img loading=\"lazy\" decoding=\"async\" src=\"https:\/\/franziskanergymnasium-kreuzburg.de\/cms\/wp-content\/uploads\/2019\/11\/01-300x225.jpg\" alt=\"\" width=\"300\" height=\"225\" class=\"alignright size-medium wp-image-24262\" srcset=\"https:\/\/franziskanergymnasium-kreuzburg.de\/cms\/wp-content\/uploads\/2019\/11\/01-300x225.jpg 300w, https:\/\/franziskanergymnasium-kreuzburg.de\/cms\/wp-content\/uploads\/2019\/11\/01-768x576.jpg 768w, https:\/\/franziskanergymnasium-kreuzburg.de\/cms\/wp-content\/uploads\/2019\/11\/01-1024x768.jpg 1024w, https:\/\/franziskanergymnasium-kreuzburg.de\/cms\/wp-content\/uploads\/2019\/11\/01.jpg 1200w\" sizes=\"auto, (max-width: 300px) 100vw, 300px\" \/><\/a><h2>\u201e\u2026 machet dem Herrn die Wege bereit\u201c &#8211; (sich) vorbereiten<\/h2>\r\n\r\n<h4>Lied: \u201eWir sagen euch an den lieben Advent\u201c Str. 1<\/H4>\r\n\r\n<h4>Geschichte<\/h4><p>\r\nEin Mann erfuhr, dass Gott zu ihm kommen wollte. \u201eZu mir?&#8220;, schrie er entsetzt, \u201ein mein Haus?&#8220; Er rannte durch alle Zimmer, lief die Treppen auf und ab, kletterte zum Dachboden hinauf, stieg in den Keller hinunter. Er sah sein Haus mit anderen Augen. \u201eUnm\u00f6glich!&#8220;, schrie er. \u201eIn diesem Dreckstall kann man keinen Besuch empfangen. Alles ist schmutzig, alles voller Ger\u00fcmpel, kein Platz zum Ausruhen, keine Luft zum Atmen.&#8220;<br>\r\nDer Mann riss Fenster und T\u00fcren auf. \u201eFreunde! Nachbarn!&#8220;, rief er, \u201ehelft mir aufr\u00e4umen &#8211; irgendwer! Aber schnell!&#8220; Er begann sein Haus zu kehren. Durch dicke Staubwolken sah er, dass ihm einer zu Hilfe gekommen war. Zu zweit schleppten sie das Ger\u00fcmpel vors Haus, schlugen es klein und verbrannten es. Sie schrubbten Stiegen und B\u00f6den. Sie brauchten viele Eimer Wasser, um die Fenster zu putzen. Aber immer noch klebte der Dreck an allen Ecken und Enden. \u201eDas schaffen wir nie!&#8220;, schnaufte der Mann. \u201eDoch, das schaffen wir!&#8220;, sagte der andere. Sie plagten sich den ganzen Tag.<br>\r\nAls es Abend geworden war, gingen sie in die K\u00fcche und deckten den Tisch. \u201eSo&#8220;, sagte der Mann, \u201ejetzt kann er kommen, mein Besuch! Jetzt kann Gott kommen. Wo er nur bleibt?&#8220; \u201eAber ich bin ja da!&#8220;, sagte der andere und setzte sich an den Tisch. \u201eKomm und iss mit mir!&#8220;<br>\r\n\r\n<em>(nach: Willi Hoffs\u00fcmmer: Kurzgeschichten 4 (1991), S. 16)<\/em><\/p>\r\n\r\n<h4>Gedanken<\/h4><p>\r\nWenn wir eine Klausur schreiben, bereiten wir uns normalerweise vor. Wenn wir Freunde besuchen und mehr noch, wenn wir selber G\u00e4ste bekommen, braucht es Vorbereitungszeiten. Wenn wir ein Fest ausrichten, dann r\u00e4umen wir auf, putzen vielleicht durch und kaufen ein. Das sind die \u00e4u\u00dferen Vorarbeiten.<br>\r\nMit Weihnachten ist es nicht anders. Wir \u00fcberlegen uns Geschenke. Wir dekorieren die Wohnung. Mit diesem Tun stimmen wir uns aber auch innerlich auf das Kommende ein \u2013 so ganz nebenbei. Das finde ich sch\u00f6n.<\/p>\r\n\r\n<h4>Impuls<\/h4><p>\r\nWir w\u00e4re es, wenn wir in der kommenden Woche auch unsere Schule \u00e4u\u00dferlich f\u00fcr die Adventswochen schm\u00fccken? Die Klassen mit \u201eSchaufenster\u201c k\u00f6nnen diese adventlich gestalten. Auch die anderen Klassen- und Kursr\u00e4ume k\u00f6nnt Ihr verzieren mit Sternen oder Lichtern, die Ihr mitbringt. Nat\u00fcrlich achten wir dabei darauf, keine offenen Flammen aufzustellen. <br>\r\nWie sch\u00f6n w\u00e4re es, wenn unsere Schule die n\u00e4chsten Tage im Licht des Advents erstrahlen w\u00fcrde! Macht einfach mit!<\/p>\r\n\r\n<h4>Vater unser<\/h4><h4>\r\n\r\nSegen<\/h4><p>\r\n\r\nSegne du meine Tage<br>\r\nund wecke in mir zu jeder Zeit neu<br>\r\ndie wachsame Erwartung deines Kommens,<br>\r\ndamit ich mit allen Sinnen<br>\r\nausgerichtet bleibe auf DICH.<br>\r\n\r\n<em>aus: Hannelore Bares<\/em><br>\r\n<em>(auf: https:\/\/www.spurensuche.de)<\/em><\/p>\r\n","protected":false},"excerpt":{"rendered":"\u201e\u2026 machet dem Herrn die Wege bereit\u201c &#8211; (sich) vorbereiten Lied: \u201eWir sagen euch an den lieben Advent\u201c Str. 1 Geschichte Ein Mann erfuhr, dass Gott zu ihm kommen wollte. \u201eZu mir?&#8220;, schrie er entsetzt, \u201ein mein Haus?&#8220; Er rannte durch alle Zimmer, lief die Treppen auf und ab, kletterte zum Dachboden hinauf, stieg in den Keller hinunter. Er sah sein Haus mit anderen Augen. \u201eUnm\u00f6glich!&#8220;, schrie er. \u201eIn diesem Dreckstall kann man keinen Besuch empfangen. Alles ist schmutzig, alles voller Ger\u00fcmpel, kein Platz zum Ausruhen, keine Luft zum Atmen.&#8220; Der Mann riss Fenster und T\u00fcren auf. \u201eFreunde! Nachbarn!&#8220;, rief er, \u201ehelft mir aufr\u00e4umen &#8211; irgendwer! Aber schnell!&#8220; Er begann sein Haus zu kehren. Durch dicke Staubwolken sah er, dass ihm einer zu Hilfe gekommen war. Zu zweit schleppten sie das Ger\u00fcmpel vors Haus, schlugen es klein und verbrannten es. Sie schrubbten Stiegen und B\u00f6den. Sie brauchten viele Eimer Wasser, um die Fenster zu putzen. Aber immer noch klebte der Dreck an allen Ecken und Enden. \u201eDas schaffen wir nie!&#8220;, schnaufte der Mann. \u201eDoch, das schaffen wir!&#8220;, sagte der andere. Sie plagten sich den ganzen Tag. Als es Abend geworden war, gingen sie in die K\u00fcche und deckten den Tisch. \u201eSo&#8220;, sagte der Mann, \u201ejetzt kann er kommen, mein Besuch! Jetzt kann Gott kommen. Wo er nur bleibt?&#8220; \u201eAber ich bin ja da!&#8220;, sagte der andere und setzte sich an den Tisch. \u201eKomm und iss mit mir!&#8220; (nach: Willi Hoffs\u00fcmmer: Kurzgeschichten 4 (1991), S. 16) Gedanken Wenn wir eine Klausur schreiben, bereiten wir uns normalerweise vor. Wenn wir Freunde besuchen und mehr noch, wenn wir selber G\u00e4ste bekommen, braucht es Vorbereitungszeiten. Wenn wir ein Fest ausrichten, dann r\u00e4umen wir auf, putzen vielleicht durch und kaufen ein. Das sind die \u00e4u\u00dferen Vorarbeiten. Mit Weihnachten ist es nicht anders. Wir \u00fcberlegen uns Geschenke. Wir dekorieren die Wohnung. Mit diesem Tun stimmen wir uns aber auch innerlich auf das Kommende ein \u2013 so ganz nebenbei. Das finde ich sch\u00f6n. Impuls Wir w\u00e4re es, wenn wir in der kommenden Woche auch unsere Schule \u00e4u\u00dferlich f\u00fcr die Adventswochen schm\u00fccken? Die Klassen mit \u201eSchaufenster\u201c k\u00f6nnen diese adventlich gestalten. Auch die anderen Klassen- und Kursr\u00e4ume k\u00f6nnt Ihr verzieren mit Sternen oder Lichtern, die Ihr mitbringt. Nat\u00fcrlich achten wir dabei darauf, keine offenen Flammen aufzustellen. Wie sch\u00f6n w\u00e4re es, wenn unsere Schule die n\u00e4chsten Tage im Licht des Advents erstrahlen w\u00fcrde! Macht einfach mit! Vater unser Segen Segne du meine Tage und wecke in mir zu jeder Zeit neu die wachsame Erwartung deines Kommens, damit ich mit allen Sinnen ausgerichtet bleibe auf DICH. aus: Hannelore Bares (auf: https:\/\/www.spurensuche.de)","protected":false},"author":3,"featured_media":24261,"comment_status":"closed","ping_status":"closed","sticky":false,"template":"","format":"standard","meta":{"ngg_post_thumbnail":0,"footnotes":""},"categories":[1],"tags":[],"class_list":["post-24290","post","type-post","status-publish","format-standard","has-post-thumbnail","hentry","category-allgemein"],"publishpress_future_action":{"enabled":false,"date":"2026-05-06 11:30:23","action":"change-status","newStatus":"draft","terms":[],"taxonomy":"category","extraData":[]},"publishpress_future_workflow_manual_trigger":{"enabledWorkflows":[]},"_links":{"self":[{"href":"https:\/\/franziskanergymnasium-kreuzburg.de\/cms\/wp-json\/wp\/v2\/posts\/24290","targetHints":{"allow":["GET"]}}],"collection":[{"href":"https:\/\/franziskanergymnasium-kreuzburg.de\/cms\/wp-json\/wp\/v2\/posts"}],"about":[{"href":"https:\/\/franziskanergymnasium-kreuzburg.de\/cms\/wp-json\/wp\/v2\/types\/post"}],"author":[{"embeddable":true,"href":"https:\/\/franziskanergymnasium-kreuzburg.de\/cms\/wp-json\/wp\/v2\/users\/3"}],"replies":[{"embeddable":true,"href":"https:\/\/franziskanergymnasium-kreuzburg.de\/cms\/wp-json\/wp\/v2\/comments?post=24290"}],"version-history":[{"count":3,"href":"https:\/\/franziskanergymnasium-kreuzburg.de\/cms\/wp-json\/wp\/v2\/posts\/24290\/revisions"}],"predecessor-version":[{"id":24295,"href":"https:\/\/franziskanergymnasium-kreuzburg.de\/cms\/wp-json\/wp\/v2\/posts\/24290\/revisions\/24295"}],"wp:featuredmedia":[{"embeddable":true,"href":"https:\/\/franziskanergymnasium-kreuzburg.de\/cms\/wp-json\/wp\/v2\/media\/24261"}],"wp:attachment":[{"href":"https:\/\/franziskanergymnasium-kreuzburg.de\/cms\/wp-json\/wp\/v2\/media?parent=24290"}],"wp:term":[{"taxonomy":"category","embeddable":true,"href":"https:\/\/franziskanergymnasium-kreuzburg.de\/cms\/wp-json\/wp\/v2\/categories?post=24290"},{"taxonomy":"post_tag","embeddable":true,"href":"https:\/\/franziskanergymnasium-kreuzburg.de\/cms\/wp-json\/wp\/v2\/tags?post=24290"}],"curies":[{"name":"wp","href":"https:\/\/api.w.org\/{rel}","templated":true}]}}