{"id":24562,"date":"2019-12-02T07:18:28","date_gmt":"2019-12-02T06:18:28","guid":{"rendered":"https:\/\/franziskanergymnasium-kreuzburg.de\/cms\/?p=24562"},"modified":"2019-12-02T08:03:04","modified_gmt":"2019-12-02T07:03:04","slug":"adventsbasar-2019","status":"publish","type":"post","link":"https:\/\/franziskanergymnasium-kreuzburg.de\/cms\/adventsbasar-2019\/","title":{"rendered":"Adventsbasar 2019"},"content":{"rendered":"Der Duft nach Tannennadeln und vielf\u00e4ltigen kulinarischen Gen\u00fcssen durchstr\u00f6mte w\u00e4hrend des allj\u00e4hrlichen Adventsbasars wieder die Kreuzburg. Die Sch\u00fclerinnen und Sch\u00fcler der Foto-AG von Oliver B\u00fcttner waren an diesem Nachmittag unterwegs, um etwas von der vorweihnachtlichen Stimmung in ihren Bildern einzufangen.\r\n\r\nngg_shortcode_0_placeholder","protected":false},"excerpt":{"rendered":"Der Duft nach Tannennadeln und vielf\u00e4ltigen kulinarischen Gen\u00fcssen durchstr\u00f6mte w\u00e4hrend des allj\u00e4hrlichen Adventsbasars wieder die Kreuzburg. Die Sch\u00fclerinnen und Sch\u00fcler der Foto-AG von Oliver B\u00fcttner waren an diesem Nachmittag unterwegs, um etwas von der vorweihnachtlichen Stimmung in ihren Bildern einzufangen.","protected":false},"author":3,"featured_media":24568,"comment_status":"closed","ping_status":"closed","sticky":false,"template":"","format":"standard","meta":{"ngg_post_thumbnail":0,"footnotes":""},"categories":[1],"tags":[],"class_list":["post-24562","post","type-post","status-publish","format-standard","has-post-thumbnail","hentry","category-allgemein"],"publishpress_future_action":{"enabled":false,"date":"2026-05-06 11:25:34","action":"change-status","newStatus":"draft","terms":[],"taxonomy":"category","extraData":[]},"publishpress_future_workflow_manual_trigger":{"enabledWorkflows":[]},"_links":{"self":[{"href":"https:\/\/franziskanergymnasium-kreuzburg.de\/cms\/wp-json\/wp\/v2\/posts\/24562","targetHints":{"allow":["GET"]}}],"collection":[{"href":"https:\/\/franziskanergymnasium-kreuzburg.de\/cms\/wp-json\/wp\/v2\/posts"}],"about":[{"href":"https:\/\/franziskanergymnasium-kreuzburg.de\/cms\/wp-json\/wp\/v2\/types\/post"}],"author":[{"embeddable":true,"href":"https:\/\/franziskanergymnasium-kreuzburg.de\/cms\/wp-json\/wp\/v2\/users\/3"}],"replies":[{"embeddable":true,"href":"https:\/\/franziskanergymnasium-kreuzburg.de\/cms\/wp-json\/wp\/v2\/comments?post=24562"}],"version-history":[{"count":3,"href":"https:\/\/franziskanergymnasium-kreuzburg.de\/cms\/wp-json\/wp\/v2\/posts\/24562\/revisions"}],"predecessor-version":[{"id":24567,"href":"https:\/\/franziskanergymnasium-kreuzburg.de\/cms\/wp-json\/wp\/v2\/posts\/24562\/revisions\/24567"}],"wp:featuredmedia":[{"embeddable":true,"href":"https:\/\/franziskanergymnasium-kreuzburg.de\/cms\/wp-json\/wp\/v2\/media\/24568"}],"wp:attachment":[{"href":"https:\/\/franziskanergymnasium-kreuzburg.de\/cms\/wp-json\/wp\/v2\/media?parent=24562"}],"wp:term":[{"taxonomy":"category","embeddable":true,"href":"https:\/\/franziskanergymnasium-kreuzburg.de\/cms\/wp-json\/wp\/v2\/categories?post=24562"},{"taxonomy":"post_tag","embeddable":true,"href":"https:\/\/franziskanergymnasium-kreuzburg.de\/cms\/wp-json\/wp\/v2\/tags?post=24562"}],"curies":[{"name":"wp","href":"https:\/\/api.w.org\/{rel}","templated":true}]}}