{"id":24584,"date":"2019-12-03T08:11:14","date_gmt":"2019-12-03T07:11:14","guid":{"rendered":"https:\/\/franziskanergymnasium-kreuzburg.de\/cms\/?p=24584"},"modified":"2019-12-03T10:56:28","modified_gmt":"2019-12-03T09:56:28","slug":"fruehschichten-im-advent-4","status":"publish","type":"post","link":"https:\/\/franziskanergymnasium-kreuzburg.de\/cms\/fruehschichten-im-advent-4\/","title":{"rendered":"Fr\u00fchschichten im Advent"},"content":{"rendered":"<a attid=\"24586\"  href=\"https:\/\/franziskanergymnasium-kreuzburg.de\/cms\/wp-content\/uploads\/2019\/12\/plakat-fr\u00fchschicht-2019.jpg\" rel=\"lightbox[24584]\"><img decoding=\"async\" src=\"https:\/\/franziskanergymnasium-kreuzburg.de\/cms\/wp-content\/uploads\/2019\/12\/plakat-fr\u00fchschicht-2019-724x1024.jpg\" alt=\"\" width=\"224\"  class=\"alignright size-large wp-image-24586\" srcset=\"https:\/\/franziskanergymnasium-kreuzburg.de\/cms\/wp-content\/uploads\/2019\/12\/plakat-fr\u00fchschicht-2019-724x1024.jpg 724w, https:\/\/franziskanergymnasium-kreuzburg.de\/cms\/wp-content\/uploads\/2019\/12\/plakat-fr\u00fchschicht-2019-212x300.jpg 212w, https:\/\/franziskanergymnasium-kreuzburg.de\/cms\/wp-content\/uploads\/2019\/12\/plakat-fr\u00fchschicht-2019-768x1086.jpg 768w\" sizes=\"(max-width: 724px) 100vw, 724px\" \/><\/a>Herzliche Einladung zu den Fr\u00fchschichten mit dem Thema &#8222;Kommt und seht!&#8220; w\u00e4hrend der Adventszeit jeweils am Donnerstagmorgen um 6.30 Uhr im Meditationsraum. Anschlie\u00dfend besteht das Angebot zu einem gemeinsamen Fr\u00fchst\u00fcck im FBW.","protected":false},"excerpt":{"rendered":"Herzliche Einladung zu den Fr\u00fchschichten mit dem Thema &#8222;Kommt und seht!&#8220; w\u00e4hrend der Adventszeit jeweils am Donnerstagmorgen um 6.30 Uhr im Meditationsraum. Anschlie\u00dfend besteht das Angebot zu einem gemeinsamen Fr\u00fchst\u00fcck im FBW.","protected":false},"author":3,"featured_media":24585,"comment_status":"closed","ping_status":"closed","sticky":false,"template":"","format":"standard","meta":{"ngg_post_thumbnail":0,"footnotes":""},"categories":[1],"tags":[],"class_list":["post-24584","post","type-post","status-publish","format-standard","has-post-thumbnail","hentry","category-allgemein"],"publishpress_future_action":{"enabled":false,"date":"2026-05-03 12:28:37","action":"change-status","newStatus":"draft","terms":[],"taxonomy":"category","extraData":[]},"publishpress_future_workflow_manual_trigger":{"enabledWorkflows":[]},"_links":{"self":[{"href":"https:\/\/franziskanergymnasium-kreuzburg.de\/cms\/wp-json\/wp\/v2\/posts\/24584","targetHints":{"allow":["GET"]}}],"collection":[{"href":"https:\/\/franziskanergymnasium-kreuzburg.de\/cms\/wp-json\/wp\/v2\/posts"}],"about":[{"href":"https:\/\/franziskanergymnasium-kreuzburg.de\/cms\/wp-json\/wp\/v2\/types\/post"}],"author":[{"embeddable":true,"href":"https:\/\/franziskanergymnasium-kreuzburg.de\/cms\/wp-json\/wp\/v2\/users\/3"}],"replies":[{"embeddable":true,"href":"https:\/\/franziskanergymnasium-kreuzburg.de\/cms\/wp-json\/wp\/v2\/comments?post=24584"}],"version-history":[{"count":7,"href":"https:\/\/franziskanergymnasium-kreuzburg.de\/cms\/wp-json\/wp\/v2\/posts\/24584\/revisions"}],"predecessor-version":[{"id":24592,"href":"https:\/\/franziskanergymnasium-kreuzburg.de\/cms\/wp-json\/wp\/v2\/posts\/24584\/revisions\/24592"}],"wp:featuredmedia":[{"embeddable":true,"href":"https:\/\/franziskanergymnasium-kreuzburg.de\/cms\/wp-json\/wp\/v2\/media\/24585"}],"wp:attachment":[{"href":"https:\/\/franziskanergymnasium-kreuzburg.de\/cms\/wp-json\/wp\/v2\/media?parent=24584"}],"wp:term":[{"taxonomy":"category","embeddable":true,"href":"https:\/\/franziskanergymnasium-kreuzburg.de\/cms\/wp-json\/wp\/v2\/categories?post=24584"},{"taxonomy":"post_tag","embeddable":true,"href":"https:\/\/franziskanergymnasium-kreuzburg.de\/cms\/wp-json\/wp\/v2\/tags?post=24584"}],"curies":[{"name":"wp","href":"https:\/\/api.w.org\/{rel}","templated":true}]}}