{"id":24696,"date":"2019-12-19T13:15:55","date_gmt":"2019-12-19T12:15:55","guid":{"rendered":"https:\/\/franziskanergymnasium-kreuzburg.de\/cms\/?p=24696"},"modified":"2023-01-16T08:26:28","modified_gmt":"2023-01-16T07:26:28","slug":"austausch-mit-brasilien-weihnachten-und-mehr-in-deutschland","status":"publish","type":"post","link":"https:\/\/franziskanergymnasium-kreuzburg.de\/cms\/austausch-mit-brasilien-weihnachten-und-mehr-in-deutschland\/","title":{"rendered":"Austausch mit Brasilien: Weihnachten und mehr in Deutschland"},"content":{"rendered":"<a attid=\"24697\"  href=\"https:\/\/franziskanergymnasium-kreuzburg.de\/cms\/wp-content\/uploads\/2019\/12\/2019_12Brasilienaustausch.jpg\" rel=\"lightbox[24696]\"><img loading=\"lazy\" decoding=\"async\" src=\"https:\/\/franziskanergymnasium-kreuzburg.de\/cms\/wp-content\/uploads\/2019\/12\/2019_12Brasilienaustausch-300x170.jpg\" alt=\"\" width=\"300\" height=\"170\" class=\"alignright size-medium wp-image-24697\" srcset=\"https:\/\/franziskanergymnasium-kreuzburg.de\/cms\/wp-content\/uploads\/2019\/12\/2019_12Brasilienaustausch-300x170.jpg 300w, https:\/\/franziskanergymnasium-kreuzburg.de\/cms\/wp-content\/uploads\/2019\/12\/2019_12Brasilienaustausch-768x436.jpg 768w, https:\/\/franziskanergymnasium-kreuzburg.de\/cms\/wp-content\/uploads\/2019\/12\/2019_12Brasilienaustausch-1024x581.jpg 1024w, https:\/\/franziskanergymnasium-kreuzburg.de\/cms\/wp-content\/uploads\/2019\/12\/2019_12Brasilienaustausch.jpg 1600w\" sizes=\"auto, (max-width: 300px) 100vw, 300px\" \/><\/a><p>Seit dem 15.12. haben wir bis zum 21.1.20 24 Sch\u00fclerinnen und Sch\u00fcler aus der Partnerschule Col\u00e9gio Visconde de Porto Seguro bei uns an der Kreuzburg und in den Familien der Austauschpartner zu Gast. Die Ankunft gestaltete sich aufgrund organisatorischer Defizite am Z\u00fcricher Flughafen etwas holprig: 10 Sch\u00fclerinnen und Sch\u00fcler inclusive Begleitlehrerin Lu\u00edsa Klaesner warteten am rotierenden Gep\u00e4ckband vergeblich auf ihre Koffer, die in den Folgetagen peu \u00e1 peu an unsere Schule geliefert wurden, der letzte traf 3 Tage sp\u00e4ter ein&#8230;<\/p><p>\r\nDie gute Stimmung litt und leidet darunter erfreulicherweise nicht: In den letzten Tagen gab es mit dem Kennenlernen in den Gastfamilien, der Schulf\u00fchrung inclusive Begr\u00fc\u00dfungsgespr\u00e4ch mit Thomas Wolf, einem Sport- und einem Bowlingnachmittag, dem Ausflug nach W\u00fcrzburg zur Neuen Residenz und dem Besuch des Weihnachtsmarktes ein abwechslungsreiches Programm, viele fr\u00f6hliche Gesichter, Lachen und regen freundschaftlichen Austausch. Ein Besuch im Kletterpark &#8211; man nennt das jetzt wohl: Bouldern &#8211; in Aschaffenburg und das Miterleben des stimmungsvollen Adventskonzertes an unserer Schule sind f\u00fcr Donnerstag geplant. Nach den Weihnachtsferien, die von den Gastgeberfamilien nat\u00fcrlich individuell gestaltet werden &#8211; der eine oder andere der brasilianischen G\u00e4ste sehnt sich schon dem Erlebnis \u201eErster Schnee\u201c im Winterurlaub entgegen &#8211; geht es dann in der letzten Woche des Austauschs in die Hauptstadt Berlin. Und um die Schwere des Abschieds am Abflugtag abzupuffern, der unsere G\u00e4ste wieder in den brasilianischen Sommer entl\u00e4sst, ist f\u00fcr den letzten Abend noch f\u00fcr alle ein z\u00fcnftiges \u201eOktoberfest im Januar\u201c in Dirndl und Lederhosen geplant. Nach 6 Monaten treffen sich unsere Austauschpartner dann im &#8211; deutlich w\u00e4rmeren &#8211; brasilianischen Winter in Sao Paulo wieder und werden f\u00fcr weitere 5 Wochen ihre Beziehungen und ihre Landeskenntnis an vielen atemberaubenden Orten auf dem anderen Kontinent vertiefen. Viva o interc\u00e2mbio &#8211; es lebe der Austausch! <\/p>\r\n","protected":false},"excerpt":{"rendered":"Seit dem 15.12. haben wir bis zum 21.1.20 24 Sch\u00fclerinnen und Sch\u00fcler aus der Partnerschule Col\u00e9gio Visconde de Porto Seguro bei uns an der Kreuzburg und in den Familien der Austauschpartner zu Gast. Die Ankunft gestaltete sich aufgrund organisatorischer Defizite am Z\u00fcricher Flughafen etwas holprig: 10 Sch\u00fclerinnen und Sch\u00fcler inclusive Begleitlehrerin Lu\u00edsa Klaesner warteten am rotierenden Gep\u00e4ckband vergeblich auf ihre Koffer, die in den Folgetagen peu \u00e1 peu an unsere Schule geliefert wurden, der letzte traf 3 Tage sp\u00e4ter ein&#8230; Die gute Stimmung litt und leidet darunter erfreulicherweise nicht: In den letzten Tagen gab es mit dem Kennenlernen in den Gastfamilien, der Schulf\u00fchrung inclusive Begr\u00fc\u00dfungsgespr\u00e4ch mit Thomas Wolf, einem Sport- und einem Bowlingnachmittag, dem Ausflug nach W\u00fcrzburg zur Neuen Residenz und dem Besuch des Weihnachtsmarktes ein abwechslungsreiches Programm, viele fr\u00f6hliche Gesichter, Lachen und regen freundschaftlichen Austausch. Ein Besuch im Kletterpark &#8211; man nennt das jetzt wohl: Bouldern &#8211; in Aschaffenburg und das Miterleben des stimmungsvollen Adventskonzertes an unserer Schule sind f\u00fcr Donnerstag geplant. Nach den Weihnachtsferien, die von den Gastgeberfamilien nat\u00fcrlich individuell gestaltet werden &#8211; der eine oder andere der brasilianischen G\u00e4ste sehnt sich schon dem Erlebnis \u201eErster Schnee\u201c im Winterurlaub entgegen &#8211; geht es dann in der letzten Woche des Austauschs in die Hauptstadt Berlin. Und um die Schwere des Abschieds am Abflugtag abzupuffern, der unsere G\u00e4ste wieder in den brasilianischen Sommer entl\u00e4sst, ist f\u00fcr den letzten Abend noch f\u00fcr alle ein z\u00fcnftiges \u201eOktoberfest im Januar\u201c in Dirndl und Lederhosen geplant. Nach 6 Monaten treffen sich unsere Austauschpartner dann im &#8211; deutlich w\u00e4rmeren &#8211; brasilianischen Winter in Sao Paulo wieder und werden f\u00fcr weitere 5 Wochen ihre Beziehungen und ihre Landeskenntnis an vielen atemberaubenden Orten auf dem anderen Kontinent vertiefen. Viva o interc\u00e2mbio &#8211; es lebe der Austausch!","protected":false},"author":3,"featured_media":24697,"comment_status":"closed","ping_status":"closed","sticky":false,"template":"","format":"standard","meta":{"ngg_post_thumbnail":0,"footnotes":""},"categories":[1],"tags":[],"class_list":["post-24696","post","type-post","status-publish","format-standard","has-post-thumbnail","hentry","category-allgemein"],"publishpress_future_action":{"enabled":false,"date":"2026-05-05 10:06:32","action":"change-status","newStatus":"draft","terms":[],"taxonomy":"category","extraData":[]},"publishpress_future_workflow_manual_trigger":{"enabledWorkflows":[]},"_links":{"self":[{"href":"https:\/\/franziskanergymnasium-kreuzburg.de\/cms\/wp-json\/wp\/v2\/posts\/24696","targetHints":{"allow":["GET"]}}],"collection":[{"href":"https:\/\/franziskanergymnasium-kreuzburg.de\/cms\/wp-json\/wp\/v2\/posts"}],"about":[{"href":"https:\/\/franziskanergymnasium-kreuzburg.de\/cms\/wp-json\/wp\/v2\/types\/post"}],"author":[{"embeddable":true,"href":"https:\/\/franziskanergymnasium-kreuzburg.de\/cms\/wp-json\/wp\/v2\/users\/3"}],"replies":[{"embeddable":true,"href":"https:\/\/franziskanergymnasium-kreuzburg.de\/cms\/wp-json\/wp\/v2\/comments?post=24696"}],"version-history":[{"count":3,"href":"https:\/\/franziskanergymnasium-kreuzburg.de\/cms\/wp-json\/wp\/v2\/posts\/24696\/revisions"}],"predecessor-version":[{"id":35077,"href":"https:\/\/franziskanergymnasium-kreuzburg.de\/cms\/wp-json\/wp\/v2\/posts\/24696\/revisions\/35077"}],"wp:featuredmedia":[{"embeddable":true,"href":"https:\/\/franziskanergymnasium-kreuzburg.de\/cms\/wp-json\/wp\/v2\/media\/24697"}],"wp:attachment":[{"href":"https:\/\/franziskanergymnasium-kreuzburg.de\/cms\/wp-json\/wp\/v2\/media?parent=24696"}],"wp:term":[{"taxonomy":"category","embeddable":true,"href":"https:\/\/franziskanergymnasium-kreuzburg.de\/cms\/wp-json\/wp\/v2\/categories?post=24696"},{"taxonomy":"post_tag","embeddable":true,"href":"https:\/\/franziskanergymnasium-kreuzburg.de\/cms\/wp-json\/wp\/v2\/tags?post=24696"}],"curies":[{"name":"wp","href":"https:\/\/api.w.org\/{rel}","templated":true}]}}