{"id":24700,"date":"2019-12-21T16:35:00","date_gmt":"2019-12-21T15:35:00","guid":{"rendered":"https:\/\/franziskanergymnasium-kreuzburg.de\/cms\/?p=24700"},"modified":"2019-12-21T21:52:47","modified_gmt":"2019-12-21T20:52:47","slug":"einstimmung-auf-weihnachten-adventskonzerte-2019","status":"publish","type":"post","link":"https:\/\/franziskanergymnasium-kreuzburg.de\/cms\/einstimmung-auf-weihnachten-adventskonzerte-2019\/","title":{"rendered":"Einstimmung auf Weihnachten  &#8211;  Adventskonzerte 2019"},"content":{"rendered":"<p>Traditionell stimmten die Ch\u00f6re und Orchester der Kreuzburg mit einem bunten Programm bei ihren Adventskonzerten das Publikum in der vollbesetzten Aula auf Weihnachten ein.<\/p>\r\n\r\n<h3>Programm:<\/h3>\r\n\r\n<h4>Kleines Orchester<\/h4>\r\n<table><tr><td ><strong>Hle Hle,  T\u00e1mhle v Betl\u00e9me<br>\r\nZdrav Bud, Jezisku Maly<\/strong><\/td><td>\r\n<strong>Zwei Tschechische Weihnachtslieder<\/strong>\r\n(arr.: Jiri Teml)<\/td><\/tr><tr><td colspan=2>\r\n<a attid=\"24710\"  href=\"https:\/\/franziskanergymnasium-kreuzburg.de\/cms\/wp-content\/uploads\/2019\/12\/2019_12Adventskonzerte001.jpg\" rel=\"lightbox[24700]\"><img decoding=\"async\" src=\"https:\/\/franziskanergymnasium-kreuzburg.de\/cms\/wp-content\/uploads\/2019\/12\/2019_12Adventskonzerte001-300x174.jpg\" alt=\"\" width=\"180\"class=\"alignnone size-medium wp-image-24710\" srcset=\"https:\/\/franziskanergymnasium-kreuzburg.de\/cms\/wp-content\/uploads\/2019\/12\/2019_12Adventskonzerte001-300x174.jpg 300w, https:\/\/franziskanergymnasium-kreuzburg.de\/cms\/wp-content\/uploads\/2019\/12\/2019_12Adventskonzerte001-768x446.jpg 768w, https:\/\/franziskanergymnasium-kreuzburg.de\/cms\/wp-content\/uploads\/2019\/12\/2019_12Adventskonzerte001-1024x595.jpg 1024w\" sizes=\"(max-width: 300px) 100vw, 300px\" \/><\/a>\r\n\r\n<a attid=\"24711\"  href=\"https:\/\/franziskanergymnasium-kreuzburg.de\/cms\/wp-content\/uploads\/2019\/12\/2019_12Adventskonzerte002.jpg\" rel=\"lightbox[24700]\"><img decoding=\"async\" src=\"https:\/\/franziskanergymnasium-kreuzburg.de\/cms\/wp-content\/uploads\/2019\/12\/2019_12Adventskonzerte002-300x180.jpg\" alt=\"\" width=\"180\" class=\"alignnone size-medium wp-image-24711\" srcset=\"https:\/\/franziskanergymnasium-kreuzburg.de\/cms\/wp-content\/uploads\/2019\/12\/2019_12Adventskonzerte002-300x180.jpg 300w, https:\/\/franziskanergymnasium-kreuzburg.de\/cms\/wp-content\/uploads\/2019\/12\/2019_12Adventskonzerte002-768x460.jpg 768w, https:\/\/franziskanergymnasium-kreuzburg.de\/cms\/wp-content\/uploads\/2019\/12\/2019_12Adventskonzerte002-1024x613.jpg 1024w\" sizes=\"(max-width: 300px) 100vw, 300px\" \/><\/a>\r\n\r\n<a attid=\"24712\"  href=\"https:\/\/franziskanergymnasium-kreuzburg.de\/cms\/wp-content\/uploads\/2019\/12\/2019_12Adventskonzerte003.jpg\" rel=\"lightbox[24700]\"><img decoding=\"async\" src=\"https:\/\/franziskanergymnasium-kreuzburg.de\/cms\/wp-content\/uploads\/2019\/12\/2019_12Adventskonzerte003-300x191.jpg\" alt=\"\" width=\"180\" class=\"alignnone size-medium wp-image-24712\" srcset=\"https:\/\/franziskanergymnasium-kreuzburg.de\/cms\/wp-content\/uploads\/2019\/12\/2019_12Adventskonzerte003-300x191.jpg 300w, https:\/\/franziskanergymnasium-kreuzburg.de\/cms\/wp-content\/uploads\/2019\/12\/2019_12Adventskonzerte003-768x489.jpg 768w, https:\/\/franziskanergymnasium-kreuzburg.de\/cms\/wp-content\/uploads\/2019\/12\/2019_12Adventskonzerte003-1024x652.jpg 1024w\" sizes=\"(max-width: 300px) 100vw, 300px\" \/><\/a>\r\n\r\n<a attid=\"24806\"  href=\"https:\/\/franziskanergymnasium-kreuzburg.de\/cms\/wp-content\/uploads\/2019\/12\/2019_12AdventskonzerteDo002-scaled.jpg\" rel=\"lightbox[24700]\"><img decoding=\"async\" src=\"https:\/\/franziskanergymnasium-kreuzburg.de\/cms\/wp-content\/uploads\/2019\/12\/2019_12AdventskonzerteDo002-300x200.jpg\" alt=\"\" width=\"180\"  class=\"alignnone size-medium wp-image-24806\" srcset=\"https:\/\/franziskanergymnasium-kreuzburg.de\/cms\/wp-content\/uploads\/2019\/12\/2019_12AdventskonzerteDo002-300x200.jpg 300w, https:\/\/franziskanergymnasium-kreuzburg.de\/cms\/wp-content\/uploads\/2019\/12\/2019_12AdventskonzerteDo002-1024x683.jpg 1024w, https:\/\/franziskanergymnasium-kreuzburg.de\/cms\/wp-content\/uploads\/2019\/12\/2019_12AdventskonzerteDo002-768x512.jpg 768w, https:\/\/franziskanergymnasium-kreuzburg.de\/cms\/wp-content\/uploads\/2019\/12\/2019_12AdventskonzerteDo002-1536x1024.jpg 1536w, https:\/\/franziskanergymnasium-kreuzburg.de\/cms\/wp-content\/uploads\/2019\/12\/2019_12AdventskonzerteDo002-2048x1365.jpg 2048w\" sizes=\"(max-width: 300px) 100vw, 300px\" \/><\/a>\r\n\r\n<a attid=\"24807\"  href=\"https:\/\/franziskanergymnasium-kreuzburg.de\/cms\/wp-content\/uploads\/2019\/12\/2019_12AdventskonzerteDo003-scaled.jpg\" rel=\"lightbox[24700]\"><img decoding=\"async\" src=\"https:\/\/franziskanergymnasium-kreuzburg.de\/cms\/wp-content\/uploads\/2019\/12\/2019_12AdventskonzerteDo003-300x200.jpg\" alt=\"\" width=\"180\"  class=\"alignnone size-medium wp-image-24807\" srcset=\"https:\/\/franziskanergymnasium-kreuzburg.de\/cms\/wp-content\/uploads\/2019\/12\/2019_12AdventskonzerteDo003-300x200.jpg 300w, https:\/\/franziskanergymnasium-kreuzburg.de\/cms\/wp-content\/uploads\/2019\/12\/2019_12AdventskonzerteDo003-1024x683.jpg 1024w, https:\/\/franziskanergymnasium-kreuzburg.de\/cms\/wp-content\/uploads\/2019\/12\/2019_12AdventskonzerteDo003-768x512.jpg 768w, https:\/\/franziskanergymnasium-kreuzburg.de\/cms\/wp-content\/uploads\/2019\/12\/2019_12AdventskonzerteDo003-1536x1024.jpg 1536w, https:\/\/franziskanergymnasium-kreuzburg.de\/cms\/wp-content\/uploads\/2019\/12\/2019_12AdventskonzerteDo003-2048x1365.jpg 2048w\" sizes=\"(max-width: 300px) 100vw, 300px\" \/><\/a>\r\n<\/td><\/tr><\/table>\r\n\r\n<br><h4>Kleine Bigband<\/h4>\r\n\r\n<table><tr><td><strong>Good King Wenceslas <\/strong>\r\n\r\n<\/td><td>\r\n<strong>Aus England<\/strong>\r\n<\/td><\/tr>\r\n<tr><td><strong>Rudolph the rednosed Reindeer <\/strong>\r\n\r\n<\/td><td>\r\n<strong>Johnny Marks<\/strong>(1909 \u2013 1985)<br>\r\n(arr. Peter Loschert)\r\n\r\n<\/td><\/tr>\r\n<tr><td colspan=2>\r\n\r\n\r\n<a attid=\"24737\"  href=\"https:\/\/franziskanergymnasium-kreuzburg.de\/cms\/wp-content\/uploads\/2019\/12\/2019_12Adventskonzerte005.jpg\" rel=\"lightbox[24700]\"><img decoding=\"async\" src=\"https:\/\/franziskanergymnasium-kreuzburg.de\/cms\/wp-content\/uploads\/2019\/12\/2019_12Adventskonzerte005-300x225.jpg\" alt=\"\" width=\"170\" class=\"alignnone size-medium wp-image-24737\" srcset=\"https:\/\/franziskanergymnasium-kreuzburg.de\/cms\/wp-content\/uploads\/2019\/12\/2019_12Adventskonzerte005-300x225.jpg 300w, https:\/\/franziskanergymnasium-kreuzburg.de\/cms\/wp-content\/uploads\/2019\/12\/2019_12Adventskonzerte005-768x576.jpg 768w, https:\/\/franziskanergymnasium-kreuzburg.de\/cms\/wp-content\/uploads\/2019\/12\/2019_12Adventskonzerte005-1024x768.jpg 1024w\" sizes=\"(max-width: 300px) 100vw, 300px\" \/><\/a>\r\n\r\n<a attid=\"24738\"  href=\"https:\/\/franziskanergymnasium-kreuzburg.de\/cms\/wp-content\/uploads\/2019\/12\/2019_12Adventskonzerte006.jpg\" rel=\"lightbox[24700]\"><img decoding=\"async\" src=\"https:\/\/franziskanergymnasium-kreuzburg.de\/cms\/wp-content\/uploads\/2019\/12\/2019_12Adventskonzerte006-300x203.jpg\" alt=\"\" width=\"180\"class=\"alignnone size-medium wp-image-24738\" srcset=\"https:\/\/franziskanergymnasium-kreuzburg.de\/cms\/wp-content\/uploads\/2019\/12\/2019_12Adventskonzerte006-300x203.jpg 300w, https:\/\/franziskanergymnasium-kreuzburg.de\/cms\/wp-content\/uploads\/2019\/12\/2019_12Adventskonzerte006-768x520.jpg 768w, https:\/\/franziskanergymnasium-kreuzburg.de\/cms\/wp-content\/uploads\/2019\/12\/2019_12Adventskonzerte006-1024x694.jpg 1024w\" sizes=\"(max-width: 300px) 100vw, 300px\" \/><\/a>\r\n\r\n<a attid=\"24739\"  href=\"https:\/\/franziskanergymnasium-kreuzburg.de\/cms\/wp-content\/uploads\/2019\/12\/2019_12Adventskonzerte007.jpg\" rel=\"lightbox[24700]\"><img decoding=\"async\" src=\"https:\/\/franziskanergymnasium-kreuzburg.de\/cms\/wp-content\/uploads\/2019\/12\/2019_12Adventskonzerte007-300x156.jpg\" alt=\"\" width=\"210\" class=\"alignnone size-medium wp-image-24739\" srcset=\"https:\/\/franziskanergymnasium-kreuzburg.de\/cms\/wp-content\/uploads\/2019\/12\/2019_12Adventskonzerte007-300x156.jpg 300w, https:\/\/franziskanergymnasium-kreuzburg.de\/cms\/wp-content\/uploads\/2019\/12\/2019_12Adventskonzerte007-768x400.jpg 768w, https:\/\/franziskanergymnasium-kreuzburg.de\/cms\/wp-content\/uploads\/2019\/12\/2019_12Adventskonzerte007-1024x534.jpg 1024w\" sizes=\"(max-width: 300px) 100vw, 300px\" \/><\/a>\r\n\r\n<a attid=\"24808\"  href=\"https:\/\/franziskanergymnasium-kreuzburg.de\/cms\/wp-content\/uploads\/2019\/12\/2019_12AdventskonzerteDo004-scaled.jpg\" rel=\"lightbox[24700]\"><img decoding=\"async\" src=\"https:\/\/franziskanergymnasium-kreuzburg.de\/cms\/wp-content\/uploads\/2019\/12\/2019_12AdventskonzerteDo004-300x200.jpg\" alt=\"\" width=\"180\"  class=\"alignnone size-medium wp-image-24808\" srcset=\"https:\/\/franziskanergymnasium-kreuzburg.de\/cms\/wp-content\/uploads\/2019\/12\/2019_12AdventskonzerteDo004-300x200.jpg 300w, https:\/\/franziskanergymnasium-kreuzburg.de\/cms\/wp-content\/uploads\/2019\/12\/2019_12AdventskonzerteDo004-1024x683.jpg 1024w, https:\/\/franziskanergymnasium-kreuzburg.de\/cms\/wp-content\/uploads\/2019\/12\/2019_12AdventskonzerteDo004-768x512.jpg 768w, https:\/\/franziskanergymnasium-kreuzburg.de\/cms\/wp-content\/uploads\/2019\/12\/2019_12AdventskonzerteDo004-1536x1024.jpg 1536w, https:\/\/franziskanergymnasium-kreuzburg.de\/cms\/wp-content\/uploads\/2019\/12\/2019_12AdventskonzerteDo004-2048x1365.jpg 2048w\" sizes=\"(max-width: 300px) 100vw, 300px\" \/><\/a>\r\n\r\n<a attid=\"24810\"  href=\"https:\/\/franziskanergymnasium-kreuzburg.de\/cms\/wp-content\/uploads\/2019\/12\/2019_12AdventskonzerteDo006-scaled.jpg\" rel=\"lightbox[24700]\"><img decoding=\"async\" src=\"https:\/\/franziskanergymnasium-kreuzburg.de\/cms\/wp-content\/uploads\/2019\/12\/2019_12AdventskonzerteDo006-200x300.jpg\" alt=\"\" width=\"120\"  class=\"alignnone size-medium wp-image-24810\" srcset=\"https:\/\/franziskanergymnasium-kreuzburg.de\/cms\/wp-content\/uploads\/2019\/12\/2019_12AdventskonzerteDo006-200x300.jpg 200w, https:\/\/franziskanergymnasium-kreuzburg.de\/cms\/wp-content\/uploads\/2019\/12\/2019_12AdventskonzerteDo006-683x1024.jpg 683w, https:\/\/franziskanergymnasium-kreuzburg.de\/cms\/wp-content\/uploads\/2019\/12\/2019_12AdventskonzerteDo006-768x1152.jpg 768w, https:\/\/franziskanergymnasium-kreuzburg.de\/cms\/wp-content\/uploads\/2019\/12\/2019_12AdventskonzerteDo006-1024x1536.jpg 1024w, https:\/\/franziskanergymnasium-kreuzburg.de\/cms\/wp-content\/uploads\/2019\/12\/2019_12AdventskonzerteDo006-1365x2048.jpg 1365w, https:\/\/franziskanergymnasium-kreuzburg.de\/cms\/wp-content\/uploads\/2019\/12\/2019_12AdventskonzerteDo006-scaled.jpg 1707w\" sizes=\"(max-width: 200px) 100vw, 200px\" \/><\/a>\r\n\r\n<a attid=\"24809\"  href=\"https:\/\/franziskanergymnasium-kreuzburg.de\/cms\/wp-content\/uploads\/2019\/12\/2019_12AdventskonzerteDo005-scaled.jpg\" rel=\"lightbox[24700]\"><img decoding=\"async\" src=\"https:\/\/franziskanergymnasium-kreuzburg.de\/cms\/wp-content\/uploads\/2019\/12\/2019_12AdventskonzerteDo005-300x200.jpg\" alt=\"\" width=\"180\"  class=\"alignnone size-medium wp-image-24809\" srcset=\"https:\/\/franziskanergymnasium-kreuzburg.de\/cms\/wp-content\/uploads\/2019\/12\/2019_12AdventskonzerteDo005-300x200.jpg 300w, https:\/\/franziskanergymnasium-kreuzburg.de\/cms\/wp-content\/uploads\/2019\/12\/2019_12AdventskonzerteDo005-1024x683.jpg 1024w, https:\/\/franziskanergymnasium-kreuzburg.de\/cms\/wp-content\/uploads\/2019\/12\/2019_12AdventskonzerteDo005-768x512.jpg 768w, https:\/\/franziskanergymnasium-kreuzburg.de\/cms\/wp-content\/uploads\/2019\/12\/2019_12AdventskonzerteDo005-1536x1024.jpg 1536w, https:\/\/franziskanergymnasium-kreuzburg.de\/cms\/wp-content\/uploads\/2019\/12\/2019_12AdventskonzerteDo005-2048x1365.jpg 2048w\" sizes=\"(max-width: 300px) 100vw, 300px\" \/><\/a>\r\n\r\n<\/td><\/tr>\r\n<\/table>\r\n\r\n<br><h4>5er Chor<\/h4><h6>Oboe: Silja W.<br>\r\nKlarinette: Verena Fischer<br>Klavier: Th. Wiegelmann<\/h6>\r\n\r\n<table><tr><td><strong>Du \u2013 ein Kind<\/strong>\r\n(Text: Eugen Eckert)\r\n<\/td><td>\r\n<strong>Robert Haas<\/strong>\r\n<\/td><\/tr>\r\n<tr><td><strong>Denn dein Licht kommt<\/strong>\r\n\r\n<\/td><td>\r\n<strong>Dietmar Fischenich<\/strong>\r\n<\/td><\/tr><tr><td><strong>Hirten gebt acht<\/strong>\r\n(Text: Eugen Eckert)\r\n<\/td><td>\r\n<strong>Horst Christill<\/strong>\r\n<\/td><\/tr>\r\n<tr><td colspan=2>\r\n<a attid=\"24726\"  href=\"https:\/\/franziskanergymnasium-kreuzburg.de\/cms\/wp-content\/uploads\/2019\/12\/2019_12Adventskonzerte008.jpg\" rel=\"lightbox[24700]\"><img decoding=\"async\" src=\"https:\/\/franziskanergymnasium-kreuzburg.de\/cms\/wp-content\/uploads\/2019\/12\/2019_12Adventskonzerte008-300x176.jpg\" alt=\"\" width=\"210\" class=\"alignnone size-medium wp-image-24726\" srcset=\"https:\/\/franziskanergymnasium-kreuzburg.de\/cms\/wp-content\/uploads\/2019\/12\/2019_12Adventskonzerte008-300x176.jpg 300w, https:\/\/franziskanergymnasium-kreuzburg.de\/cms\/wp-content\/uploads\/2019\/12\/2019_12Adventskonzerte008-768x452.jpg 768w, https:\/\/franziskanergymnasium-kreuzburg.de\/cms\/wp-content\/uploads\/2019\/12\/2019_12Adventskonzerte008-1024x602.jpg 1024w\" sizes=\"(max-width: 300px) 100vw, 300px\" \/><\/a>\r\n\r\n<a attid=\"24727\"  href=\"https:\/\/franziskanergymnasium-kreuzburg.de\/cms\/wp-content\/uploads\/2019\/12\/2019_12Adventskonzerte009.jpg\" rel=\"lightbox[24700]\"><img decoding=\"async\" src=\"https:\/\/franziskanergymnasium-kreuzburg.de\/cms\/wp-content\/uploads\/2019\/12\/2019_12Adventskonzerte009-300x225.jpg\" alt=\"\" width=\"170\" class=\"alignnone size-medium wp-image-24727\" srcset=\"https:\/\/franziskanergymnasium-kreuzburg.de\/cms\/wp-content\/uploads\/2019\/12\/2019_12Adventskonzerte009-300x225.jpg 300w, https:\/\/franziskanergymnasium-kreuzburg.de\/cms\/wp-content\/uploads\/2019\/12\/2019_12Adventskonzerte009-768x576.jpg 768w, https:\/\/franziskanergymnasium-kreuzburg.de\/cms\/wp-content\/uploads\/2019\/12\/2019_12Adventskonzerte009-1024x768.jpg 1024w\" sizes=\"(max-width: 300px) 100vw, 300px\" \/><\/a>\r\n\r\n<a attid=\"24728\"  href=\"https:\/\/franziskanergymnasium-kreuzburg.de\/cms\/wp-content\/uploads\/2019\/12\/2019_12Adventskonzerte010.jpg\" rel=\"lightbox[24700]\"><img decoding=\"async\" src=\"https:\/\/franziskanergymnasium-kreuzburg.de\/cms\/wp-content\/uploads\/2019\/12\/2019_12Adventskonzerte010-300x225.jpg\" alt=\"\" width=\"170\"  class=\"alignnone size-medium wp-image-24728\" srcset=\"https:\/\/franziskanergymnasium-kreuzburg.de\/cms\/wp-content\/uploads\/2019\/12\/2019_12Adventskonzerte010-300x225.jpg 300w, https:\/\/franziskanergymnasium-kreuzburg.de\/cms\/wp-content\/uploads\/2019\/12\/2019_12Adventskonzerte010-768x576.jpg 768w, https:\/\/franziskanergymnasium-kreuzburg.de\/cms\/wp-content\/uploads\/2019\/12\/2019_12Adventskonzerte010-1024x768.jpg 1024w\" sizes=\"(max-width: 300px) 100vw, 300px\" \/><\/a>\r\n\r\n<a attid=\"24811\"  href=\"https:\/\/franziskanergymnasium-kreuzburg.de\/cms\/wp-content\/uploads\/2019\/12\/2019_12AdventskonzerteDo007-scaled.jpg\" rel=\"lightbox[24700]\"><img decoding=\"async\" src=\"https:\/\/franziskanergymnasium-kreuzburg.de\/cms\/wp-content\/uploads\/2019\/12\/2019_12AdventskonzerteDo007-300x200.jpg\" alt=\"\" width=\"180\"  class=\"alignnone size-medium wp-image-24811\" srcset=\"https:\/\/franziskanergymnasium-kreuzburg.de\/cms\/wp-content\/uploads\/2019\/12\/2019_12AdventskonzerteDo007-300x200.jpg 300w, https:\/\/franziskanergymnasium-kreuzburg.de\/cms\/wp-content\/uploads\/2019\/12\/2019_12AdventskonzerteDo007-1024x683.jpg 1024w, https:\/\/franziskanergymnasium-kreuzburg.de\/cms\/wp-content\/uploads\/2019\/12\/2019_12AdventskonzerteDo007-768x512.jpg 768w, https:\/\/franziskanergymnasium-kreuzburg.de\/cms\/wp-content\/uploads\/2019\/12\/2019_12AdventskonzerteDo007-1536x1024.jpg 1536w, https:\/\/franziskanergymnasium-kreuzburg.de\/cms\/wp-content\/uploads\/2019\/12\/2019_12AdventskonzerteDo007-2048x1365.jpg 2048w\" sizes=\"(max-width: 300px) 100vw, 300px\" \/><\/a>\r\n\r\n<a attid=\"24813\"  href=\"https:\/\/franziskanergymnasium-kreuzburg.de\/cms\/wp-content\/uploads\/2019\/12\/2019_12AdventskonzerteDo009-scaled.jpg\" rel=\"lightbox[24700]\"><img decoding=\"async\" src=\"https:\/\/franziskanergymnasium-kreuzburg.de\/cms\/wp-content\/uploads\/2019\/12\/2019_12AdventskonzerteDo009-300x200.jpg\" alt=\"\" width=\"180\"  class=\"alignnone size-medium wp-image-24813\" srcset=\"https:\/\/franziskanergymnasium-kreuzburg.de\/cms\/wp-content\/uploads\/2019\/12\/2019_12AdventskonzerteDo009-300x200.jpg 300w, https:\/\/franziskanergymnasium-kreuzburg.de\/cms\/wp-content\/uploads\/2019\/12\/2019_12AdventskonzerteDo009-1024x683.jpg 1024w, https:\/\/franziskanergymnasium-kreuzburg.de\/cms\/wp-content\/uploads\/2019\/12\/2019_12AdventskonzerteDo009-768x512.jpg 768w, https:\/\/franziskanergymnasium-kreuzburg.de\/cms\/wp-content\/uploads\/2019\/12\/2019_12AdventskonzerteDo009-1536x1024.jpg 1536w, https:\/\/franziskanergymnasium-kreuzburg.de\/cms\/wp-content\/uploads\/2019\/12\/2019_12AdventskonzerteDo009-2048x1365.jpg 2048w\" sizes=\"(max-width: 300px) 100vw, 300px\" \/><\/a>\r\n\r\n<\/td><\/tr>\r\n<\/table>\r\n\r\n<br><h4>6er Chor<\/h4>\r\n\r\n<table><tr><td><strong>Es ist f\u00fcr uns eine Zeit angekommen <\/strong><br>\r\n(Worte und Weise: Sterndreherlied aus der Schweiz)\r\n<\/td><td>\r\n<strong>Trad.<\/strong>\r\n<\/td><\/tr>\r\n<tr><td><strong>Fr\u00f6hliche Weihnacht, \u00fcberall! <\/strong>\r\n\r\n<\/td><td>\r\n<strong>Trad.<\/strong>\r\n\r\n\r\n<\/td><\/tr>\r\n<tr><td><strong>Let It Snow! Let It Snow! Let It Snow!<\/strong>\r\n\r\n<\/td><td>\r\n<strong>Jule Styne<\/strong>(1905 \u2013 1994)<br>\r\n(arr.: Roger Emerson) \r\n\r\n<\/td><\/tr>\r\n\r\n<tr><td colspan=2>\r\n\r\n<a attid=\"24744\"  href=\"https:\/\/franziskanergymnasium-kreuzburg.de\/cms\/wp-content\/uploads\/2019\/12\/2019_12Adventskonzerte011.jpg\" rel=\"lightbox[24700]\"><img decoding=\"async\" src=\"https:\/\/franziskanergymnasium-kreuzburg.de\/cms\/wp-content\/uploads\/2019\/12\/2019_12Adventskonzerte011-300x151.jpg\" alt=\"\" width=\"220\" class=\"alignnone size-medium wp-image-24744\" srcset=\"https:\/\/franziskanergymnasium-kreuzburg.de\/cms\/wp-content\/uploads\/2019\/12\/2019_12Adventskonzerte011-300x151.jpg 300w, https:\/\/franziskanergymnasium-kreuzburg.de\/cms\/wp-content\/uploads\/2019\/12\/2019_12Adventskonzerte011-768x387.jpg 768w, https:\/\/franziskanergymnasium-kreuzburg.de\/cms\/wp-content\/uploads\/2019\/12\/2019_12Adventskonzerte011-1024x516.jpg 1024w\" sizes=\"(max-width: 300px) 100vw, 300px\" \/><\/a>\r\n\r\n\r\n<a attid=\"24746\"  href=\"https:\/\/franziskanergymnasium-kreuzburg.de\/cms\/wp-content\/uploads\/2019\/12\/2019_12Adventskonzerte013.jpg\" rel=\"lightbox[24700]\"><img decoding=\"async\" src=\"https:\/\/franziskanergymnasium-kreuzburg.de\/cms\/wp-content\/uploads\/2019\/12\/2019_12Adventskonzerte013-300x225.jpg\" alt=\"\" width=\"160\" class=\"alignnone size-medium wp-image-24746\" srcset=\"https:\/\/franziskanergymnasium-kreuzburg.de\/cms\/wp-content\/uploads\/2019\/12\/2019_12Adventskonzerte013-300x225.jpg 300w, https:\/\/franziskanergymnasium-kreuzburg.de\/cms\/wp-content\/uploads\/2019\/12\/2019_12Adventskonzerte013-768x576.jpg 768w, https:\/\/franziskanergymnasium-kreuzburg.de\/cms\/wp-content\/uploads\/2019\/12\/2019_12Adventskonzerte013-1024x768.jpg 1024w\" sizes=\"(max-width: 300px) 100vw, 300px\" \/><\/a>\r\n\r\n<a attid=\"24745\"  href=\"https:\/\/franziskanergymnasium-kreuzburg.de\/cms\/wp-content\/uploads\/2019\/12\/2019_12Adventskonzerte012.jpg\" rel=\"lightbox[24700]\"><img decoding=\"async\" src=\"https:\/\/franziskanergymnasium-kreuzburg.de\/cms\/wp-content\/uploads\/2019\/12\/2019_12Adventskonzerte012-300x200.jpg\" alt=\"\" width=\"180\" class=\"alignnone size-medium wp-image-24745\" srcset=\"https:\/\/franziskanergymnasium-kreuzburg.de\/cms\/wp-content\/uploads\/2019\/12\/2019_12Adventskonzerte012-300x200.jpg 300w, https:\/\/franziskanergymnasium-kreuzburg.de\/cms\/wp-content\/uploads\/2019\/12\/2019_12Adventskonzerte012-768x512.jpg 768w, https:\/\/franziskanergymnasium-kreuzburg.de\/cms\/wp-content\/uploads\/2019\/12\/2019_12Adventskonzerte012-1024x682.jpg 1024w\" sizes=\"(max-width: 300px) 100vw, 300px\" \/><\/a>\r\n\r\n<a attid=\"24814\"  href=\"https:\/\/franziskanergymnasium-kreuzburg.de\/cms\/wp-content\/uploads\/2019\/12\/2019_12AdventskonzerteDo010-scaled.jpg\" rel=\"lightbox[24700]\"><img decoding=\"async\" src=\"https:\/\/franziskanergymnasium-kreuzburg.de\/cms\/wp-content\/uploads\/2019\/12\/2019_12AdventskonzerteDo010-300x200.jpg\" alt=\"\" width=\"180\" class=\"alignnone size-medium wp-image-24814\" srcset=\"https:\/\/franziskanergymnasium-kreuzburg.de\/cms\/wp-content\/uploads\/2019\/12\/2019_12AdventskonzerteDo010-300x200.jpg 300w, https:\/\/franziskanergymnasium-kreuzburg.de\/cms\/wp-content\/uploads\/2019\/12\/2019_12AdventskonzerteDo010-1024x683.jpg 1024w, https:\/\/franziskanergymnasium-kreuzburg.de\/cms\/wp-content\/uploads\/2019\/12\/2019_12AdventskonzerteDo010-768x512.jpg 768w, https:\/\/franziskanergymnasium-kreuzburg.de\/cms\/wp-content\/uploads\/2019\/12\/2019_12AdventskonzerteDo010-1536x1024.jpg 1536w, https:\/\/franziskanergymnasium-kreuzburg.de\/cms\/wp-content\/uploads\/2019\/12\/2019_12AdventskonzerteDo010-2048x1365.jpg 2048w\" sizes=\"(max-width: 300px) 100vw, 300px\" \/><\/a>\r\n\r\n<a attid=\"24815\"  href=\"https:\/\/franziskanergymnasium-kreuzburg.de\/cms\/wp-content\/uploads\/2019\/12\/2019_12AdventskonzerteDo011-scaled.jpg\" rel=\"lightbox[24700]\"><img decoding=\"async\" src=\"https:\/\/franziskanergymnasium-kreuzburg.de\/cms\/wp-content\/uploads\/2019\/12\/2019_12AdventskonzerteDo011-300x200.jpg\" alt=\"\" width=\"180\"  class=\"alignnone size-medium wp-image-24815\" srcset=\"https:\/\/franziskanergymnasium-kreuzburg.de\/cms\/wp-content\/uploads\/2019\/12\/2019_12AdventskonzerteDo011-300x200.jpg 300w, https:\/\/franziskanergymnasium-kreuzburg.de\/cms\/wp-content\/uploads\/2019\/12\/2019_12AdventskonzerteDo011-1024x683.jpg 1024w, https:\/\/franziskanergymnasium-kreuzburg.de\/cms\/wp-content\/uploads\/2019\/12\/2019_12AdventskonzerteDo011-768x512.jpg 768w, https:\/\/franziskanergymnasium-kreuzburg.de\/cms\/wp-content\/uploads\/2019\/12\/2019_12AdventskonzerteDo011-1536x1024.jpg 1536w, https:\/\/franziskanergymnasium-kreuzburg.de\/cms\/wp-content\/uploads\/2019\/12\/2019_12AdventskonzerteDo011-2048x1365.jpg 2048w\" sizes=\"(max-width: 300px) 100vw, 300px\" \/><\/a>\r\n\r\n<\/td><\/tr>\r\n<\/table>\r\n\r\n<br><h4>Jugendchor <\/h4>\r\n<h6>und Mitglieder \r\nder SacroPop-AG<br>Klavier: Merlind Kohlberger<\/h6>\r\n<br>\r\n<table><tr><td><strong>The Huron Carol<\/strong>\r\n(Trad. Kanada)\r\n<\/td><td>\r\n<strong>Arr.\r\nGwyn Arch\r\n<\/strong>\r\n<\/td><\/tr>\r\n<tr><td><strong>Mary had a baby <\/strong>\r\n\r\n<\/td><td>\r\n<strong>Spiritual<\/strong>\r\n\r\n\r\n<\/td><\/tr>\r\n\r\n\r\n<tr><td colspan=2>\r\n\r\n<a attid=\"24749\"  href=\"https:\/\/franziskanergymnasium-kreuzburg.de\/cms\/wp-content\/uploads\/2019\/12\/2019_12Adventskonzerte014.jpg\" rel=\"lightbox[24700]\"><img decoding=\"async\" src=\"https:\/\/franziskanergymnasium-kreuzburg.de\/cms\/wp-content\/uploads\/2019\/12\/2019_12Adventskonzerte014-300x184.jpg\" alt=\"\" width=\"200\" class=\"alignnone size-medium wp-image-24749\" srcset=\"https:\/\/franziskanergymnasium-kreuzburg.de\/cms\/wp-content\/uploads\/2019\/12\/2019_12Adventskonzerte014-300x184.jpg 300w, https:\/\/franziskanergymnasium-kreuzburg.de\/cms\/wp-content\/uploads\/2019\/12\/2019_12Adventskonzerte014-768x470.jpg 768w, https:\/\/franziskanergymnasium-kreuzburg.de\/cms\/wp-content\/uploads\/2019\/12\/2019_12Adventskonzerte014-1024x627.jpg 1024w\" sizes=\"(max-width: 300px) 100vw, 300px\" \/><\/a>\r\n\r\n<a attid=\"24750\"  href=\"https:\/\/franziskanergymnasium-kreuzburg.de\/cms\/wp-content\/uploads\/2019\/12\/2019_12Adventskonzerte015.jpg\" rel=\"lightbox[24700]\"><img decoding=\"async\" src=\"https:\/\/franziskanergymnasium-kreuzburg.de\/cms\/wp-content\/uploads\/2019\/12\/2019_12Adventskonzerte015-300x225.jpg\" alt=\"\" width=\"160\" class=\"alignnone size-medium wp-image-24750\" srcset=\"https:\/\/franziskanergymnasium-kreuzburg.de\/cms\/wp-content\/uploads\/2019\/12\/2019_12Adventskonzerte015-300x225.jpg 300w, https:\/\/franziskanergymnasium-kreuzburg.de\/cms\/wp-content\/uploads\/2019\/12\/2019_12Adventskonzerte015-768x576.jpg 768w, https:\/\/franziskanergymnasium-kreuzburg.de\/cms\/wp-content\/uploads\/2019\/12\/2019_12Adventskonzerte015-1024x768.jpg 1024w\" sizes=\"(max-width: 300px) 100vw, 300px\" \/><\/a>\r\n\r\n<a attid=\"24751\"  href=\"https:\/\/franziskanergymnasium-kreuzburg.de\/cms\/wp-content\/uploads\/2019\/12\/2019_12Adventskonzerte016.jpg\" rel=\"lightbox[24700]\"><img decoding=\"async\" src=\"https:\/\/franziskanergymnasium-kreuzburg.de\/cms\/wp-content\/uploads\/2019\/12\/2019_12Adventskonzerte016-300x225.jpg\" alt=\"\" width=\"160\" class=\"alignnone size-medium wp-image-24751\" srcset=\"https:\/\/franziskanergymnasium-kreuzburg.de\/cms\/wp-content\/uploads\/2019\/12\/2019_12Adventskonzerte016-300x225.jpg 300w, https:\/\/franziskanergymnasium-kreuzburg.de\/cms\/wp-content\/uploads\/2019\/12\/2019_12Adventskonzerte016-768x576.jpg 768w, https:\/\/franziskanergymnasium-kreuzburg.de\/cms\/wp-content\/uploads\/2019\/12\/2019_12Adventskonzerte016-1024x768.jpg 1024w\" sizes=\"(max-width: 300px) 100vw, 300px\" \/><\/a>\r\n\r\n<a attid=\"24752\"  href=\"https:\/\/franziskanergymnasium-kreuzburg.de\/cms\/wp-content\/uploads\/2019\/12\/2019_12Adventskonzerte017.jpg\" rel=\"lightbox[24700]\"><img decoding=\"async\" src=\"https:\/\/franziskanergymnasium-kreuzburg.de\/cms\/wp-content\/uploads\/2019\/12\/2019_12Adventskonzerte017-300x225.jpg\" alt=\"\" width=\"160\"  class=\"alignnone size-medium wp-image-24752\" srcset=\"https:\/\/franziskanergymnasium-kreuzburg.de\/cms\/wp-content\/uploads\/2019\/12\/2019_12Adventskonzerte017-300x225.jpg 300w, https:\/\/franziskanergymnasium-kreuzburg.de\/cms\/wp-content\/uploads\/2019\/12\/2019_12Adventskonzerte017-768x576.jpg 768w, https:\/\/franziskanergymnasium-kreuzburg.de\/cms\/wp-content\/uploads\/2019\/12\/2019_12Adventskonzerte017-1024x768.jpg 1024w\" sizes=\"(max-width: 300px) 100vw, 300px\" \/><\/a>\r\n\r\n<a attid=\"24819\"  href=\"https:\/\/franziskanergymnasium-kreuzburg.de\/cms\/wp-content\/uploads\/2019\/12\/2019_12AdventskonzerteDo015-scaled.jpg\" rel=\"lightbox[24700]\"><img decoding=\"async\" src=\"https:\/\/franziskanergymnasium-kreuzburg.de\/cms\/wp-content\/uploads\/2019\/12\/2019_12AdventskonzerteDo015-300x200.jpg\" alt=\"\" width=\"180\"  class=\"alignnone size-medium wp-image-24819\" srcset=\"https:\/\/franziskanergymnasium-kreuzburg.de\/cms\/wp-content\/uploads\/2019\/12\/2019_12AdventskonzerteDo015-300x200.jpg 300w, https:\/\/franziskanergymnasium-kreuzburg.de\/cms\/wp-content\/uploads\/2019\/12\/2019_12AdventskonzerteDo015-1024x683.jpg 1024w, https:\/\/franziskanergymnasium-kreuzburg.de\/cms\/wp-content\/uploads\/2019\/12\/2019_12AdventskonzerteDo015-768x512.jpg 768w, https:\/\/franziskanergymnasium-kreuzburg.de\/cms\/wp-content\/uploads\/2019\/12\/2019_12AdventskonzerteDo015-1536x1024.jpg 1536w, https:\/\/franziskanergymnasium-kreuzburg.de\/cms\/wp-content\/uploads\/2019\/12\/2019_12AdventskonzerteDo015-2048x1365.jpg 2048w\" sizes=\"(max-width: 300px) 100vw, 300px\" \/><\/a>\r\n\r\n<a attid=\"24817\"  href=\"https:\/\/franziskanergymnasium-kreuzburg.de\/cms\/wp-content\/uploads\/2019\/12\/2019_12AdventskonzerteDo013-scaled.jpg\" rel=\"lightbox[24700]\"><img decoding=\"async\" src=\"https:\/\/franziskanergymnasium-kreuzburg.de\/cms\/wp-content\/uploads\/2019\/12\/2019_12AdventskonzerteDo013-300x200.jpg\" alt=\"\" width=\"180\" class=\"alignnone size-medium wp-image-24817\" srcset=\"https:\/\/franziskanergymnasium-kreuzburg.de\/cms\/wp-content\/uploads\/2019\/12\/2019_12AdventskonzerteDo013-300x200.jpg 300w, https:\/\/franziskanergymnasium-kreuzburg.de\/cms\/wp-content\/uploads\/2019\/12\/2019_12AdventskonzerteDo013-1024x683.jpg 1024w, https:\/\/franziskanergymnasium-kreuzburg.de\/cms\/wp-content\/uploads\/2019\/12\/2019_12AdventskonzerteDo013-768x512.jpg 768w, https:\/\/franziskanergymnasium-kreuzburg.de\/cms\/wp-content\/uploads\/2019\/12\/2019_12AdventskonzerteDo013-1536x1024.jpg 1536w, https:\/\/franziskanergymnasium-kreuzburg.de\/cms\/wp-content\/uploads\/2019\/12\/2019_12AdventskonzerteDo013-2048x1365.jpg 2048w\" sizes=\"(max-width: 300px) 100vw, 300px\" \/><\/a>\r\n\r\n<\/td><\/tr>\r\n<\/table>\r\n\r\n<br><h4>Bigband<\/h4>\r\n\r\n<br>\r\n<table><tr><td><strong>Somewhere in my Memory<\/strong>\r\n\r\n<\/td><td>\r\n<strong>Arr.\r\nJohn Williams\r\n<\/strong>(arr. John Moss)\r\n<\/td><\/tr>\r\n<tr><td><strong>Christmas Delights <\/strong>\r\n\r\n<\/td><td>\r\n<strong>Gerald Oswald <\/strong>\r\n\r\n\r\n<\/td><\/tr>\r\n\r\n\r\n<tr><td colspan=2>\r\n\r\n<a attid=\"24754\"  href=\"https:\/\/franziskanergymnasium-kreuzburg.de\/cms\/wp-content\/uploads\/2019\/12\/2019_12Adventskonzerte018.jpg\" rel=\"lightbox[24700]\"><img decoding=\"async\" src=\"https:\/\/franziskanergymnasium-kreuzburg.de\/cms\/wp-content\/uploads\/2019\/12\/2019_12Adventskonzerte018-300x211.jpg\" alt=\"\" width=\"180\" class=\"alignnone size-medium wp-image-24754\" srcset=\"https:\/\/franziskanergymnasium-kreuzburg.de\/cms\/wp-content\/uploads\/2019\/12\/2019_12Adventskonzerte018-300x211.jpg 300w, https:\/\/franziskanergymnasium-kreuzburg.de\/cms\/wp-content\/uploads\/2019\/12\/2019_12Adventskonzerte018-768x539.jpg 768w, https:\/\/franziskanergymnasium-kreuzburg.de\/cms\/wp-content\/uploads\/2019\/12\/2019_12Adventskonzerte018-1024x719.jpg 1024w\" sizes=\"(max-width: 300px) 100vw, 300px\" \/><\/a>\r\n\r\n<a attid=\"24755\"  href=\"https:\/\/franziskanergymnasium-kreuzburg.de\/cms\/wp-content\/uploads\/2019\/12\/2019_12Adventskonzerte019.jpg\" rel=\"lightbox[24700]\"><img decoding=\"async\" src=\"https:\/\/franziskanergymnasium-kreuzburg.de\/cms\/wp-content\/uploads\/2019\/12\/2019_12Adventskonzerte019-300x225.jpg\" alt=\"\" width=\"170\" class=\"alignnone size-medium wp-image-24755\" srcset=\"https:\/\/franziskanergymnasium-kreuzburg.de\/cms\/wp-content\/uploads\/2019\/12\/2019_12Adventskonzerte019-300x225.jpg 300w, https:\/\/franziskanergymnasium-kreuzburg.de\/cms\/wp-content\/uploads\/2019\/12\/2019_12Adventskonzerte019-768x576.jpg 768w, https:\/\/franziskanergymnasium-kreuzburg.de\/cms\/wp-content\/uploads\/2019\/12\/2019_12Adventskonzerte019-1024x768.jpg 1024w\" sizes=\"(max-width: 300px) 100vw, 300px\" \/><\/a>\r\n\r\n<a attid=\"24756\"  href=\"https:\/\/franziskanergymnasium-kreuzburg.de\/cms\/wp-content\/uploads\/2019\/12\/2019_12Adventskonzerte020.jpg\" rel=\"lightbox[24700]\"><img decoding=\"async\" src=\"https:\/\/franziskanergymnasium-kreuzburg.de\/cms\/wp-content\/uploads\/2019\/12\/2019_12Adventskonzerte020-300x225.jpg\" alt=\"\" width=\"170\" class=\"alignnone size-medium wp-image-24756\" srcset=\"https:\/\/franziskanergymnasium-kreuzburg.de\/cms\/wp-content\/uploads\/2019\/12\/2019_12Adventskonzerte020-300x225.jpg 300w, https:\/\/franziskanergymnasium-kreuzburg.de\/cms\/wp-content\/uploads\/2019\/12\/2019_12Adventskonzerte020-768x576.jpg 768w, https:\/\/franziskanergymnasium-kreuzburg.de\/cms\/wp-content\/uploads\/2019\/12\/2019_12Adventskonzerte020-1024x768.jpg 1024w\" sizes=\"(max-width: 300px) 100vw, 300px\" \/><\/a>\r\n\r\n<a attid=\"24757\"  href=\"https:\/\/franziskanergymnasium-kreuzburg.de\/cms\/wp-content\/uploads\/2019\/12\/2019_12Adventskonzerte021.jpg\" rel=\"lightbox[24700]\"><img decoding=\"async\" src=\"https:\/\/franziskanergymnasium-kreuzburg.de\/cms\/wp-content\/uploads\/2019\/12\/2019_12Adventskonzerte021-300x225.jpg\" alt=\"\" width=\"160\" class=\"alignnone size-medium wp-image-24757\" srcset=\"https:\/\/franziskanergymnasium-kreuzburg.de\/cms\/wp-content\/uploads\/2019\/12\/2019_12Adventskonzerte021-300x225.jpg 300w, https:\/\/franziskanergymnasium-kreuzburg.de\/cms\/wp-content\/uploads\/2019\/12\/2019_12Adventskonzerte021-768x576.jpg 768w, https:\/\/franziskanergymnasium-kreuzburg.de\/cms\/wp-content\/uploads\/2019\/12\/2019_12Adventskonzerte021-1024x768.jpg 1024w\" sizes=\"(max-width: 300px) 100vw, 300px\" \/><\/a>\r\n\r\n<a attid=\"24758\"  href=\"https:\/\/franziskanergymnasium-kreuzburg.de\/cms\/wp-content\/uploads\/2019\/12\/2019_12Adventskonzerte022.jpg\" rel=\"lightbox[24700]\"><img decoding=\"async\" src=\"https:\/\/franziskanergymnasium-kreuzburg.de\/cms\/wp-content\/uploads\/2019\/12\/2019_12Adventskonzerte022-300x235.jpg\" alt=\"\" width=\"160\" class=\"alignnone size-medium wp-image-24758\" srcset=\"https:\/\/franziskanergymnasium-kreuzburg.de\/cms\/wp-content\/uploads\/2019\/12\/2019_12Adventskonzerte022-300x235.jpg 300w, https:\/\/franziskanergymnasium-kreuzburg.de\/cms\/wp-content\/uploads\/2019\/12\/2019_12Adventskonzerte022-768x601.jpg 768w, https:\/\/franziskanergymnasium-kreuzburg.de\/cms\/wp-content\/uploads\/2019\/12\/2019_12Adventskonzerte022-1024x801.jpg 1024w\" sizes=\"(max-width: 300px) 100vw, 300px\" \/><\/a>\r\n\r\n<a attid=\"24821\"  href=\"https:\/\/franziskanergymnasium-kreuzburg.de\/cms\/wp-content\/uploads\/2019\/12\/2019_12AdventskonzerteDo017-scaled.jpg\" rel=\"lightbox[24700]\"><img decoding=\"async\" src=\"https:\/\/franziskanergymnasium-kreuzburg.de\/cms\/wp-content\/uploads\/2019\/12\/2019_12AdventskonzerteDo017-300x200.jpg\" alt=\"\" width=\"180\" class=\"alignnone size-medium wp-image-24821\" srcset=\"https:\/\/franziskanergymnasium-kreuzburg.de\/cms\/wp-content\/uploads\/2019\/12\/2019_12AdventskonzerteDo017-300x200.jpg 300w, https:\/\/franziskanergymnasium-kreuzburg.de\/cms\/wp-content\/uploads\/2019\/12\/2019_12AdventskonzerteDo017-1024x683.jpg 1024w, https:\/\/franziskanergymnasium-kreuzburg.de\/cms\/wp-content\/uploads\/2019\/12\/2019_12AdventskonzerteDo017-768x512.jpg 768w, https:\/\/franziskanergymnasium-kreuzburg.de\/cms\/wp-content\/uploads\/2019\/12\/2019_12AdventskonzerteDo017-1536x1024.jpg 1536w, https:\/\/franziskanergymnasium-kreuzburg.de\/cms\/wp-content\/uploads\/2019\/12\/2019_12AdventskonzerteDo017-2048x1365.jpg 2048w\" sizes=\"(max-width: 300px) 100vw, 300px\" \/><\/a>\r\n\r\n<a attid=\"24822\"  href=\"https:\/\/franziskanergymnasium-kreuzburg.de\/cms\/wp-content\/uploads\/2019\/12\/2019_12AdventskonzerteDo018-scaled.jpg\" rel=\"lightbox[24700]\"><img decoding=\"async\" src=\"https:\/\/franziskanergymnasium-kreuzburg.de\/cms\/wp-content\/uploads\/2019\/12\/2019_12AdventskonzerteDo018-300x200.jpg\" alt=\"\" width=\"180\" class=\"alignnone size-medium wp-image-24822\" srcset=\"https:\/\/franziskanergymnasium-kreuzburg.de\/cms\/wp-content\/uploads\/2019\/12\/2019_12AdventskonzerteDo018-300x200.jpg 300w, https:\/\/franziskanergymnasium-kreuzburg.de\/cms\/wp-content\/uploads\/2019\/12\/2019_12AdventskonzerteDo018-1024x683.jpg 1024w, https:\/\/franziskanergymnasium-kreuzburg.de\/cms\/wp-content\/uploads\/2019\/12\/2019_12AdventskonzerteDo018-768x512.jpg 768w, https:\/\/franziskanergymnasium-kreuzburg.de\/cms\/wp-content\/uploads\/2019\/12\/2019_12AdventskonzerteDo018-1536x1024.jpg 1536w, https:\/\/franziskanergymnasium-kreuzburg.de\/cms\/wp-content\/uploads\/2019\/12\/2019_12AdventskonzerteDo018-2048x1365.jpg 2048w\" sizes=\"(max-width: 300px) 100vw, 300px\" \/><\/a>\r\n\r\n<a attid=\"24823\"  href=\"https:\/\/franziskanergymnasium-kreuzburg.de\/cms\/wp-content\/uploads\/2019\/12\/2019_12AdventskonzerteDo019-scaled.jpg\" rel=\"lightbox[24700]\"><img decoding=\"async\" src=\"https:\/\/franziskanergymnasium-kreuzburg.de\/cms\/wp-content\/uploads\/2019\/12\/2019_12AdventskonzerteDo019-300x200.jpg\" alt=\"\" width=\"180\"  class=\"alignnone size-medium wp-image-24823\" srcset=\"https:\/\/franziskanergymnasium-kreuzburg.de\/cms\/wp-content\/uploads\/2019\/12\/2019_12AdventskonzerteDo019-300x200.jpg 300w, https:\/\/franziskanergymnasium-kreuzburg.de\/cms\/wp-content\/uploads\/2019\/12\/2019_12AdventskonzerteDo019-1024x683.jpg 1024w, https:\/\/franziskanergymnasium-kreuzburg.de\/cms\/wp-content\/uploads\/2019\/12\/2019_12AdventskonzerteDo019-768x512.jpg 768w, https:\/\/franziskanergymnasium-kreuzburg.de\/cms\/wp-content\/uploads\/2019\/12\/2019_12AdventskonzerteDo019-1536x1024.jpg 1536w, https:\/\/franziskanergymnasium-kreuzburg.de\/cms\/wp-content\/uploads\/2019\/12\/2019_12AdventskonzerteDo019-2048x1365.jpg 2048w\" sizes=\"(max-width: 300px) 100vw, 300px\" \/><\/a>\r\n\r\n<\/td><\/tr>\r\n<\/table>\r\n\r\n<br><h4>Elternchor<\/h4>\r\n\r\n<br>\r\n<table><tr><td><strong>Dixit Maria<\/strong>\r\nMotette\r\n<\/td><td>\r\n<strong>Hans Leo Hassler \r\n<\/strong>(1546 &#8211; 1612) \r\n<\/td><\/tr>\r\n<tr><td><strong>Salmo 150 <\/strong>\r\n(Psalm 150)\r\n<\/td><td>\r\n<strong>Ernani Aguiar <\/strong>\r\n(geb. 1950) \r\n\r\n<\/td><\/tr>\r\n\r\n\r\n<tr><td colspan=2>\r\n\r\n<a attid=\"24759\"  href=\"https:\/\/franziskanergymnasium-kreuzburg.de\/cms\/wp-content\/uploads\/2019\/12\/2019_12Adventskonzerte023.jpg\" rel=\"lightbox[24700]\"><img decoding=\"async\" src=\"https:\/\/franziskanergymnasium-kreuzburg.de\/cms\/wp-content\/uploads\/2019\/12\/2019_12Adventskonzerte023-300x225.jpg\" alt=\"\" width=\"180\" class=\"alignnone size-medium wp-image-24759\" srcset=\"https:\/\/franziskanergymnasium-kreuzburg.de\/cms\/wp-content\/uploads\/2019\/12\/2019_12Adventskonzerte023-300x225.jpg 300w, https:\/\/franziskanergymnasium-kreuzburg.de\/cms\/wp-content\/uploads\/2019\/12\/2019_12Adventskonzerte023-768x576.jpg 768w, https:\/\/franziskanergymnasium-kreuzburg.de\/cms\/wp-content\/uploads\/2019\/12\/2019_12Adventskonzerte023-1024x768.jpg 1024w\" sizes=\"(max-width: 300px) 100vw, 300px\" \/><\/a>\r\n\r\n<a attid=\"24760\"  href=\"https:\/\/franziskanergymnasium-kreuzburg.de\/cms\/wp-content\/uploads\/2019\/12\/2019_12Adventskonzerte024.jpg\" rel=\"lightbox[24700]\"><img decoding=\"async\" src=\"https:\/\/franziskanergymnasium-kreuzburg.de\/cms\/wp-content\/uploads\/2019\/12\/2019_12Adventskonzerte024-300x225.jpg\" alt=\"\" width=\"180\"class=\"alignnone size-medium wp-image-24760\" srcset=\"https:\/\/franziskanergymnasium-kreuzburg.de\/cms\/wp-content\/uploads\/2019\/12\/2019_12Adventskonzerte024-300x225.jpg 300w, https:\/\/franziskanergymnasium-kreuzburg.de\/cms\/wp-content\/uploads\/2019\/12\/2019_12Adventskonzerte024-768x576.jpg 768w, https:\/\/franziskanergymnasium-kreuzburg.de\/cms\/wp-content\/uploads\/2019\/12\/2019_12Adventskonzerte024-1024x768.jpg 1024w\" sizes=\"(max-width: 300px) 100vw, 300px\" \/><\/a>\r\n\r\n<a attid=\"24761\"  href=\"https:\/\/franziskanergymnasium-kreuzburg.de\/cms\/wp-content\/uploads\/2019\/12\/2019_12Adventskonzerte025.jpg\" rel=\"lightbox[24700]\"><img decoding=\"async\" src=\"https:\/\/franziskanergymnasium-kreuzburg.de\/cms\/wp-content\/uploads\/2019\/12\/2019_12Adventskonzerte025-300x225.jpg\" alt=\"\" width=\"180\" class=\"alignnone size-medium wp-image-24761\" srcset=\"https:\/\/franziskanergymnasium-kreuzburg.de\/cms\/wp-content\/uploads\/2019\/12\/2019_12Adventskonzerte025-300x225.jpg 300w, https:\/\/franziskanergymnasium-kreuzburg.de\/cms\/wp-content\/uploads\/2019\/12\/2019_12Adventskonzerte025-768x576.jpg 768w, https:\/\/franziskanergymnasium-kreuzburg.de\/cms\/wp-content\/uploads\/2019\/12\/2019_12Adventskonzerte025-1024x768.jpg 1024w\" sizes=\"(max-width: 300px) 100vw, 300px\" \/><\/a>\r\n\r\n<a attid=\"24762\"  href=\"https:\/\/franziskanergymnasium-kreuzburg.de\/cms\/wp-content\/uploads\/2019\/12\/2019_12Adventskonzerte026.jpg\" rel=\"lightbox[24700]\"><img decoding=\"async\" src=\"https:\/\/franziskanergymnasium-kreuzburg.de\/cms\/wp-content\/uploads\/2019\/12\/2019_12Adventskonzerte026-300x225.jpg\" alt=\"\" width=\"180\" class=\"alignnone size-medium wp-image-24762\" srcset=\"https:\/\/franziskanergymnasium-kreuzburg.de\/cms\/wp-content\/uploads\/2019\/12\/2019_12Adventskonzerte026-300x225.jpg 300w, https:\/\/franziskanergymnasium-kreuzburg.de\/cms\/wp-content\/uploads\/2019\/12\/2019_12Adventskonzerte026-768x576.jpg 768w, https:\/\/franziskanergymnasium-kreuzburg.de\/cms\/wp-content\/uploads\/2019\/12\/2019_12Adventskonzerte026-1024x768.jpg 1024w\" sizes=\"(max-width: 300px) 100vw, 300px\" \/><\/a>\r\n\r\n<a attid=\"24824\"  href=\"https:\/\/franziskanergymnasium-kreuzburg.de\/cms\/wp-content\/uploads\/2019\/12\/2019_12AdventskonzerteDo020-scaled.jpg\" rel=\"lightbox[24700]\"><img decoding=\"async\" src=\"https:\/\/franziskanergymnasium-kreuzburg.de\/cms\/wp-content\/uploads\/2019\/12\/2019_12AdventskonzerteDo020-300x200.jpg\" alt=\"\" width=\"200\"  class=\"alignnone size-medium wp-image-24824\" srcset=\"https:\/\/franziskanergymnasium-kreuzburg.de\/cms\/wp-content\/uploads\/2019\/12\/2019_12AdventskonzerteDo020-300x200.jpg 300w, https:\/\/franziskanergymnasium-kreuzburg.de\/cms\/wp-content\/uploads\/2019\/12\/2019_12AdventskonzerteDo020-1024x683.jpg 1024w, https:\/\/franziskanergymnasium-kreuzburg.de\/cms\/wp-content\/uploads\/2019\/12\/2019_12AdventskonzerteDo020-768x512.jpg 768w, https:\/\/franziskanergymnasium-kreuzburg.de\/cms\/wp-content\/uploads\/2019\/12\/2019_12AdventskonzerteDo020-1536x1024.jpg 1536w, https:\/\/franziskanergymnasium-kreuzburg.de\/cms\/wp-content\/uploads\/2019\/12\/2019_12AdventskonzerteDo020-2048x1365.jpg 2048w\" sizes=\"(max-width: 300px) 100vw, 300px\" \/><\/a>\r\n<\/td><\/tr>\r\n<\/table>\r\n\r\n<br><h4>Kammerchor<\/h4>\r\n<h6>Klavier: Th. Wiegelmann<\/h6>\r\n<br>\r\n<table><tr><td><strong>If ye would hear the angels sing<\/strong>\r\n\r\n<\/td><td>\r\n<strong>Dora Greenwell \r\n<\/strong>(1821 &#8211; 1882) \/<br>\r\n<strong>Peter Tranchell<\/strong>\r\n(1922 \u2013 1993) \r\n\r\n<\/td><\/tr>\r\n<tr><td><strong>Song of Mary<\/strong>\r\n\r\n<\/td><td>\r\n<strong>Richard Shepard <\/strong>\r\n\r\n\r\n<\/td><\/tr>\r\n\r\n\r\n<tr><td colspan=2>\r\n\r\n<a attid=\"24763\"  href=\"https:\/\/franziskanergymnasium-kreuzburg.de\/cms\/wp-content\/uploads\/2019\/12\/2019_12Adventskonzerte027.jpg\" rel=\"lightbox[24700]\"><img decoding=\"async\" src=\"https:\/\/franziskanergymnasium-kreuzburg.de\/cms\/wp-content\/uploads\/2019\/12\/2019_12Adventskonzerte027-300x225.jpg\" alt=\"\" width=\"180\"  class=\"alignnone size-medium wp-image-24763\" srcset=\"https:\/\/franziskanergymnasium-kreuzburg.de\/cms\/wp-content\/uploads\/2019\/12\/2019_12Adventskonzerte027-300x225.jpg 300w, https:\/\/franziskanergymnasium-kreuzburg.de\/cms\/wp-content\/uploads\/2019\/12\/2019_12Adventskonzerte027-768x576.jpg 768w, https:\/\/franziskanergymnasium-kreuzburg.de\/cms\/wp-content\/uploads\/2019\/12\/2019_12Adventskonzerte027-1024x768.jpg 1024w\" sizes=\"(max-width: 300px) 100vw, 300px\" \/><\/a>\r\n\r\n<a attid=\"24764\"  href=\"https:\/\/franziskanergymnasium-kreuzburg.de\/cms\/wp-content\/uploads\/2019\/12\/2019_12Adventskonzerte028.jpg\" rel=\"lightbox[24700]\"><img decoding=\"async\" src=\"https:\/\/franziskanergymnasium-kreuzburg.de\/cms\/wp-content\/uploads\/2019\/12\/2019_12Adventskonzerte028-300x225.jpg\" alt=\"\" width=\"180\" class=\"alignnone size-medium wp-image-24764\" srcset=\"https:\/\/franziskanergymnasium-kreuzburg.de\/cms\/wp-content\/uploads\/2019\/12\/2019_12Adventskonzerte028-300x225.jpg 300w, https:\/\/franziskanergymnasium-kreuzburg.de\/cms\/wp-content\/uploads\/2019\/12\/2019_12Adventskonzerte028-768x576.jpg 768w, https:\/\/franziskanergymnasium-kreuzburg.de\/cms\/wp-content\/uploads\/2019\/12\/2019_12Adventskonzerte028-1024x768.jpg 1024w\" sizes=\"(max-width: 300px) 100vw, 300px\" \/><\/a>\r\n\r\n<a attid=\"24765\"  href=\"https:\/\/franziskanergymnasium-kreuzburg.de\/cms\/wp-content\/uploads\/2019\/12\/2019_12Adventskonzerte029.jpg\" rel=\"lightbox[24700]\"><img decoding=\"async\" src=\"https:\/\/franziskanergymnasium-kreuzburg.de\/cms\/wp-content\/uploads\/2019\/12\/2019_12Adventskonzerte029-300x225.jpg\" alt=\"\" width=\"180\" class=\"alignnone size-medium wp-image-24765\" srcset=\"https:\/\/franziskanergymnasium-kreuzburg.de\/cms\/wp-content\/uploads\/2019\/12\/2019_12Adventskonzerte029-300x225.jpg 300w, https:\/\/franziskanergymnasium-kreuzburg.de\/cms\/wp-content\/uploads\/2019\/12\/2019_12Adventskonzerte029-768x576.jpg 768w, https:\/\/franziskanergymnasium-kreuzburg.de\/cms\/wp-content\/uploads\/2019\/12\/2019_12Adventskonzerte029-1024x768.jpg 1024w\" sizes=\"(max-width: 300px) 100vw, 300px\" \/><\/a>\r\n\r\n<a attid=\"24766\"  href=\"https:\/\/franziskanergymnasium-kreuzburg.de\/cms\/wp-content\/uploads\/2019\/12\/2019_12Adventskonzerte030.jpg\" rel=\"lightbox[24700]\"><img decoding=\"async\" src=\"https:\/\/franziskanergymnasium-kreuzburg.de\/cms\/wp-content\/uploads\/2019\/12\/2019_12Adventskonzerte030-300x225.jpg\" alt=\"\" width=\"180\" class=\"alignnone size-medium wp-image-24766\" srcset=\"https:\/\/franziskanergymnasium-kreuzburg.de\/cms\/wp-content\/uploads\/2019\/12\/2019_12Adventskonzerte030-300x225.jpg 300w, https:\/\/franziskanergymnasium-kreuzburg.de\/cms\/wp-content\/uploads\/2019\/12\/2019_12Adventskonzerte030-768x576.jpg 768w, https:\/\/franziskanergymnasium-kreuzburg.de\/cms\/wp-content\/uploads\/2019\/12\/2019_12Adventskonzerte030-1024x768.jpg 1024w\" sizes=\"(max-width: 300px) 100vw, 300px\" \/><\/a>\r\n\r\n<a attid=\"24825\"  href=\"https:\/\/franziskanergymnasium-kreuzburg.de\/cms\/wp-content\/uploads\/2019\/12\/2019_12AdventskonzerteDo021-scaled.jpg\" rel=\"lightbox[24700]\"><img decoding=\"async\" src=\"https:\/\/franziskanergymnasium-kreuzburg.de\/cms\/wp-content\/uploads\/2019\/12\/2019_12AdventskonzerteDo021-300x200.jpg\" alt=\"\" width=\"200\"  class=\"alignnone size-medium wp-image-24825\" srcset=\"https:\/\/franziskanergymnasium-kreuzburg.de\/cms\/wp-content\/uploads\/2019\/12\/2019_12AdventskonzerteDo021-300x200.jpg 300w, https:\/\/franziskanergymnasium-kreuzburg.de\/cms\/wp-content\/uploads\/2019\/12\/2019_12AdventskonzerteDo021-1024x683.jpg 1024w, https:\/\/franziskanergymnasium-kreuzburg.de\/cms\/wp-content\/uploads\/2019\/12\/2019_12AdventskonzerteDo021-768x512.jpg 768w, https:\/\/franziskanergymnasium-kreuzburg.de\/cms\/wp-content\/uploads\/2019\/12\/2019_12AdventskonzerteDo021-1536x1024.jpg 1536w, https:\/\/franziskanergymnasium-kreuzburg.de\/cms\/wp-content\/uploads\/2019\/12\/2019_12AdventskonzerteDo021-2048x1365.jpg 2048w\" sizes=\"(max-width: 300px) 100vw, 300px\" \/><\/a>\r\n\r\n<a attid=\"24826\"  href=\"https:\/\/franziskanergymnasium-kreuzburg.de\/cms\/wp-content\/uploads\/2019\/12\/2019_12AdventskonzerteDo022-scaled.jpg\" rel=\"lightbox[24700]\"><img decoding=\"async\" src=\"https:\/\/franziskanergymnasium-kreuzburg.de\/cms\/wp-content\/uploads\/2019\/12\/2019_12AdventskonzerteDo022-300x200.jpg\" alt=\"\" width=\"200\" class=\"alignnone size-medium wp-image-24826\" srcset=\"https:\/\/franziskanergymnasium-kreuzburg.de\/cms\/wp-content\/uploads\/2019\/12\/2019_12AdventskonzerteDo022-300x200.jpg 300w, https:\/\/franziskanergymnasium-kreuzburg.de\/cms\/wp-content\/uploads\/2019\/12\/2019_12AdventskonzerteDo022-1024x683.jpg 1024w, https:\/\/franziskanergymnasium-kreuzburg.de\/cms\/wp-content\/uploads\/2019\/12\/2019_12AdventskonzerteDo022-768x512.jpg 768w, https:\/\/franziskanergymnasium-kreuzburg.de\/cms\/wp-content\/uploads\/2019\/12\/2019_12AdventskonzerteDo022-1536x1024.jpg 1536w, https:\/\/franziskanergymnasium-kreuzburg.de\/cms\/wp-content\/uploads\/2019\/12\/2019_12AdventskonzerteDo022-2048x1365.jpg 2048w\" sizes=\"(max-width: 300px) 100vw, 300px\" \/><\/a>\r\n\r\n<\/td><\/tr>\r\n<\/table>\r\n\r\n<br><h4>Kreuzburg-Orchester<\/h4>\r\n\r\n<br>\r\n<table><tr><td><strong>Pifa <\/strong><br>\r\naus dem Oratorium \u201eDer Messias\u201c \r\n<\/td><td>\r\n<strong>Georg Friedrich H\u00e4ndel\r\n<\/strong>(1685 &#8211; 1759)<br>\r\n\r\n\r\n\r\n\r\n\r\n<\/td><\/tr>\r\n\r\n\r\n<tr><td colspan=2>\r\n\r\n<a attid=\"24767\"  href=\"https:\/\/franziskanergymnasium-kreuzburg.de\/cms\/wp-content\/uploads\/2019\/12\/P1100779.jpg\" rel=\"lightbox[24700]\"><img decoding=\"async\" src=\"https:\/\/franziskanergymnasium-kreuzburg.de\/cms\/wp-content\/uploads\/2019\/12\/P1100779-300x225.jpg\" alt=\"\" width=\"180\"  class=\"alignnone size-medium wp-image-24767\" srcset=\"https:\/\/franziskanergymnasium-kreuzburg.de\/cms\/wp-content\/uploads\/2019\/12\/P1100779-300x225.jpg 300w, https:\/\/franziskanergymnasium-kreuzburg.de\/cms\/wp-content\/uploads\/2019\/12\/P1100779-768x576.jpg 768w, https:\/\/franziskanergymnasium-kreuzburg.de\/cms\/wp-content\/uploads\/2019\/12\/P1100779-1024x768.jpg 1024w\" sizes=\"(max-width: 300px) 100vw, 300px\" \/><\/a>\r\n\r\n<a attid=\"24768\"  href=\"https:\/\/franziskanergymnasium-kreuzburg.de\/cms\/wp-content\/uploads\/2019\/12\/P1100781.jpg\" rel=\"lightbox[24700]\"><img decoding=\"async\" src=\"https:\/\/franziskanergymnasium-kreuzburg.de\/cms\/wp-content\/uploads\/2019\/12\/P1100781-300x225.jpg\" alt=\"\" width=\"180\" class=\"alignnone size-medium wp-image-24768\" srcset=\"https:\/\/franziskanergymnasium-kreuzburg.de\/cms\/wp-content\/uploads\/2019\/12\/P1100781-300x225.jpg 300w, https:\/\/franziskanergymnasium-kreuzburg.de\/cms\/wp-content\/uploads\/2019\/12\/P1100781-768x576.jpg 768w, https:\/\/franziskanergymnasium-kreuzburg.de\/cms\/wp-content\/uploads\/2019\/12\/P1100781-1024x768.jpg 1024w\" sizes=\"(max-width: 300px) 100vw, 300px\" \/><\/a>\r\n\r\n<a attid=\"24769\"  href=\"https:\/\/franziskanergymnasium-kreuzburg.de\/cms\/wp-content\/uploads\/2019\/12\/P1100785.jpg\" rel=\"lightbox[24700]\"><img decoding=\"async\" src=\"https:\/\/franziskanergymnasium-kreuzburg.de\/cms\/wp-content\/uploads\/2019\/12\/P1100785-300x225.jpg\" alt=\"\" width=\"180\"  class=\"alignnone size-medium wp-image-24769\" srcset=\"https:\/\/franziskanergymnasium-kreuzburg.de\/cms\/wp-content\/uploads\/2019\/12\/P1100785-300x225.jpg 300w, https:\/\/franziskanergymnasium-kreuzburg.de\/cms\/wp-content\/uploads\/2019\/12\/P1100785-768x576.jpg 768w, https:\/\/franziskanergymnasium-kreuzburg.de\/cms\/wp-content\/uploads\/2019\/12\/P1100785-1024x768.jpg 1024w\" sizes=\"(max-width: 300px) 100vw, 300px\" \/><\/a>\r\n\r\n<a attid=\"24770\"  href=\"https:\/\/franziskanergymnasium-kreuzburg.de\/cms\/wp-content\/uploads\/2019\/12\/P1100786.jpg\" rel=\"lightbox[24700]\"><img decoding=\"async\" src=\"https:\/\/franziskanergymnasium-kreuzburg.de\/cms\/wp-content\/uploads\/2019\/12\/P1100786-300x225.jpg\" alt=\"\" width=\"180\"  class=\"alignnone size-medium wp-image-24770\" srcset=\"https:\/\/franziskanergymnasium-kreuzburg.de\/cms\/wp-content\/uploads\/2019\/12\/P1100786-300x225.jpg 300w, https:\/\/franziskanergymnasium-kreuzburg.de\/cms\/wp-content\/uploads\/2019\/12\/P1100786-768x576.jpg 768w, https:\/\/franziskanergymnasium-kreuzburg.de\/cms\/wp-content\/uploads\/2019\/12\/P1100786-1024x768.jpg 1024w\" sizes=\"(max-width: 300px) 100vw, 300px\" \/><\/a>\r\n\r\n<a attid=\"24827\"  href=\"https:\/\/franziskanergymnasium-kreuzburg.de\/cms\/wp-content\/uploads\/2019\/12\/2019_12AdventskonzerteDo023-scaled.jpg\" rel=\"lightbox[24700]\"><img decoding=\"async\" src=\"https:\/\/franziskanergymnasium-kreuzburg.de\/cms\/wp-content\/uploads\/2019\/12\/2019_12AdventskonzerteDo023-300x200.jpg\" alt=\"\" width=\"200\"  class=\"alignnone size-medium wp-image-24827\" srcset=\"https:\/\/franziskanergymnasium-kreuzburg.de\/cms\/wp-content\/uploads\/2019\/12\/2019_12AdventskonzerteDo023-300x200.jpg 300w, https:\/\/franziskanergymnasium-kreuzburg.de\/cms\/wp-content\/uploads\/2019\/12\/2019_12AdventskonzerteDo023-1024x683.jpg 1024w, https:\/\/franziskanergymnasium-kreuzburg.de\/cms\/wp-content\/uploads\/2019\/12\/2019_12AdventskonzerteDo023-768x512.jpg 768w, https:\/\/franziskanergymnasium-kreuzburg.de\/cms\/wp-content\/uploads\/2019\/12\/2019_12AdventskonzerteDo023-1536x1024.jpg 1536w, https:\/\/franziskanergymnasium-kreuzburg.de\/cms\/wp-content\/uploads\/2019\/12\/2019_12AdventskonzerteDo023-2048x1365.jpg 2048w\" sizes=\"(max-width: 300px) 100vw, 300px\" \/><\/a>\r\n\r\n<a attid=\"24828\"  href=\"https:\/\/franziskanergymnasium-kreuzburg.de\/cms\/wp-content\/uploads\/2019\/12\/2019_12AdventskonzerteDo024-scaled.jpg\" rel=\"lightbox[24700]\"><img decoding=\"async\" src=\"https:\/\/franziskanergymnasium-kreuzburg.de\/cms\/wp-content\/uploads\/2019\/12\/2019_12AdventskonzerteDo024-300x200.jpg\" alt=\"\" width=\"200\" class=\"alignnone size-medium wp-image-24828\" srcset=\"https:\/\/franziskanergymnasium-kreuzburg.de\/cms\/wp-content\/uploads\/2019\/12\/2019_12AdventskonzerteDo024-300x200.jpg 300w, https:\/\/franziskanergymnasium-kreuzburg.de\/cms\/wp-content\/uploads\/2019\/12\/2019_12AdventskonzerteDo024-1024x683.jpg 1024w, https:\/\/franziskanergymnasium-kreuzburg.de\/cms\/wp-content\/uploads\/2019\/12\/2019_12AdventskonzerteDo024-768x512.jpg 768w, https:\/\/franziskanergymnasium-kreuzburg.de\/cms\/wp-content\/uploads\/2019\/12\/2019_12AdventskonzerteDo024-1536x1024.jpg 1536w, https:\/\/franziskanergymnasium-kreuzburg.de\/cms\/wp-content\/uploads\/2019\/12\/2019_12AdventskonzerteDo024-2048x1365.jpg 2048w\" sizes=\"(max-width: 300px) 100vw, 300px\" \/><\/a>\r\n\r\n<\/td><\/tr>\r\n<\/table>\r\n\r\n<br><h4>Ch\u00f6re und Orchester des Musikseminars 2019 \/ Elternchor<\/h4>\r\n\r\n<br>\r\n<table><tr><td><strong>Willkommen Erl\u00f6ser<\/strong><br>\r\nWeihnachtskantate, 1. Coro\r\n<\/td><td>\r\n<strong>Johannes Jeremias\r\nDu Grain\r\n\r\n<\/strong>(ca 1700 &#8211; 1754)<br>\r\n(arr. Peter Loschert)\r\n<br>\r\n\r\n\r\n\r\n\r\n\r\n<\/td><\/tr>\r\n\r\n\r\n<tr><td colspan=2>\r\n\r\n<a attid=\"24771\"  href=\"https:\/\/franziskanergymnasium-kreuzburg.de\/cms\/wp-content\/uploads\/2019\/12\/P1100794.jpg\" rel=\"lightbox[24700]\"><img decoding=\"async\" src=\"https:\/\/franziskanergymnasium-kreuzburg.de\/cms\/wp-content\/uploads\/2019\/12\/P1100794-300x225.jpg\" alt=\"\" width=\"180\"  class=\"alignnone size-medium wp-image-24771\" srcset=\"https:\/\/franziskanergymnasium-kreuzburg.de\/cms\/wp-content\/uploads\/2019\/12\/P1100794-300x225.jpg 300w, https:\/\/franziskanergymnasium-kreuzburg.de\/cms\/wp-content\/uploads\/2019\/12\/P1100794-768x576.jpg 768w, https:\/\/franziskanergymnasium-kreuzburg.de\/cms\/wp-content\/uploads\/2019\/12\/P1100794-1024x768.jpg 1024w\" sizes=\"(max-width: 300px) 100vw, 300px\" \/><\/a>\r\n\r\n<a attid=\"24772\"  href=\"https:\/\/franziskanergymnasium-kreuzburg.de\/cms\/wp-content\/uploads\/2019\/12\/P1100796.jpg\" rel=\"lightbox[24700]\"><img decoding=\"async\" src=\"https:\/\/franziskanergymnasium-kreuzburg.de\/cms\/wp-content\/uploads\/2019\/12\/P1100796-300x225.jpg\" alt=\"\" width=\"180\"  class=\"alignnone size-medium wp-image-24772\" srcset=\"https:\/\/franziskanergymnasium-kreuzburg.de\/cms\/wp-content\/uploads\/2019\/12\/P1100796-300x225.jpg 300w, https:\/\/franziskanergymnasium-kreuzburg.de\/cms\/wp-content\/uploads\/2019\/12\/P1100796-768x576.jpg 768w, https:\/\/franziskanergymnasium-kreuzburg.de\/cms\/wp-content\/uploads\/2019\/12\/P1100796-1024x768.jpg 1024w\" sizes=\"(max-width: 300px) 100vw, 300px\" \/><\/a>\r\n\r\n<a attid=\"24773\"  href=\"https:\/\/franziskanergymnasium-kreuzburg.de\/cms\/wp-content\/uploads\/2019\/12\/P1100801.jpg\" rel=\"lightbox[24700]\"><img decoding=\"async\" src=\"https:\/\/franziskanergymnasium-kreuzburg.de\/cms\/wp-content\/uploads\/2019\/12\/P1100801-300x225.jpg\" alt=\"\" width=\"180\"  class=\"alignnone size-medium wp-image-24773\" srcset=\"https:\/\/franziskanergymnasium-kreuzburg.de\/cms\/wp-content\/uploads\/2019\/12\/P1100801-300x225.jpg 300w, https:\/\/franziskanergymnasium-kreuzburg.de\/cms\/wp-content\/uploads\/2019\/12\/P1100801-768x576.jpg 768w, https:\/\/franziskanergymnasium-kreuzburg.de\/cms\/wp-content\/uploads\/2019\/12\/P1100801-1024x768.jpg 1024w\" sizes=\"(max-width: 300px) 100vw, 300px\" \/><\/a>\r\n\r\n<a attid=\"24774\"  href=\"https:\/\/franziskanergymnasium-kreuzburg.de\/cms\/wp-content\/uploads\/2019\/12\/P1100803.jpg\" rel=\"lightbox[24700]\"><img decoding=\"async\" src=\"https:\/\/franziskanergymnasium-kreuzburg.de\/cms\/wp-content\/uploads\/2019\/12\/P1100803-300x225.jpg\" alt=\"\" width=\"180\" class=\"alignnone size-medium wp-image-24774\" srcset=\"https:\/\/franziskanergymnasium-kreuzburg.de\/cms\/wp-content\/uploads\/2019\/12\/P1100803-300x225.jpg 300w, https:\/\/franziskanergymnasium-kreuzburg.de\/cms\/wp-content\/uploads\/2019\/12\/P1100803-768x576.jpg 768w, https:\/\/franziskanergymnasium-kreuzburg.de\/cms\/wp-content\/uploads\/2019\/12\/P1100803-1024x768.jpg 1024w\" sizes=\"(max-width: 300px) 100vw, 300px\" \/><\/a>\r\n\r\n<a attid=\"24775\"  href=\"https:\/\/franziskanergymnasium-kreuzburg.de\/cms\/wp-content\/uploads\/2019\/12\/P1100807.jpg\" rel=\"lightbox[24700]\"><img decoding=\"async\" src=\"https:\/\/franziskanergymnasium-kreuzburg.de\/cms\/wp-content\/uploads\/2019\/12\/P1100807-300x225.jpg\" alt=\"\" width=\"180\"  class=\"alignnone size-medium wp-image-24775\" srcset=\"https:\/\/franziskanergymnasium-kreuzburg.de\/cms\/wp-content\/uploads\/2019\/12\/P1100807-300x225.jpg 300w, https:\/\/franziskanergymnasium-kreuzburg.de\/cms\/wp-content\/uploads\/2019\/12\/P1100807-768x576.jpg 768w, https:\/\/franziskanergymnasium-kreuzburg.de\/cms\/wp-content\/uploads\/2019\/12\/P1100807-1024x768.jpg 1024w\" sizes=\"(max-width: 300px) 100vw, 300px\" \/><\/a>\r\n\r\n<a attid=\"24776\"  href=\"https:\/\/franziskanergymnasium-kreuzburg.de\/cms\/wp-content\/uploads\/2019\/12\/P1100810.jpg\" rel=\"lightbox[24700]\"><img decoding=\"async\" src=\"https:\/\/franziskanergymnasium-kreuzburg.de\/cms\/wp-content\/uploads\/2019\/12\/P1100810-300x225.jpg\" alt=\"\" width=\"180\"  class=\"alignnone size-medium wp-image-24776\" srcset=\"https:\/\/franziskanergymnasium-kreuzburg.de\/cms\/wp-content\/uploads\/2019\/12\/P1100810-300x225.jpg 300w, https:\/\/franziskanergymnasium-kreuzburg.de\/cms\/wp-content\/uploads\/2019\/12\/P1100810-768x576.jpg 768w, https:\/\/franziskanergymnasium-kreuzburg.de\/cms\/wp-content\/uploads\/2019\/12\/P1100810-1024x768.jpg 1024w\" sizes=\"(max-width: 300px) 100vw, 300px\" \/><\/a>\r\n\r\n<a attid=\"24829\"  href=\"https:\/\/franziskanergymnasium-kreuzburg.de\/cms\/wp-content\/uploads\/2019\/12\/2019_12AdventskonzerteDo025-scaled.jpg\" rel=\"lightbox[24700]\"><img decoding=\"async\" src=\"https:\/\/franziskanergymnasium-kreuzburg.de\/cms\/wp-content\/uploads\/2019\/12\/2019_12AdventskonzerteDo025-300x200.jpg\" alt=\"\" width=\"180\"  class=\"alignnone size-medium wp-image-24829\" srcset=\"https:\/\/franziskanergymnasium-kreuzburg.de\/cms\/wp-content\/uploads\/2019\/12\/2019_12AdventskonzerteDo025-300x200.jpg 300w, https:\/\/franziskanergymnasium-kreuzburg.de\/cms\/wp-content\/uploads\/2019\/12\/2019_12AdventskonzerteDo025-1024x683.jpg 1024w, https:\/\/franziskanergymnasium-kreuzburg.de\/cms\/wp-content\/uploads\/2019\/12\/2019_12AdventskonzerteDo025-768x512.jpg 768w, https:\/\/franziskanergymnasium-kreuzburg.de\/cms\/wp-content\/uploads\/2019\/12\/2019_12AdventskonzerteDo025-1536x1024.jpg 1536w, https:\/\/franziskanergymnasium-kreuzburg.de\/cms\/wp-content\/uploads\/2019\/12\/2019_12AdventskonzerteDo025-2048x1365.jpg 2048w\" sizes=\"(max-width: 300px) 100vw, 300px\" \/><\/a>\r\n\r\n<a attid=\"24830\"  href=\"https:\/\/franziskanergymnasium-kreuzburg.de\/cms\/wp-content\/uploads\/2019\/12\/2019_12AdventskonzerteDo026-scaled.jpg\" rel=\"lightbox[24700]\"><img decoding=\"async\" src=\"https:\/\/franziskanergymnasium-kreuzburg.de\/cms\/wp-content\/uploads\/2019\/12\/2019_12AdventskonzerteDo026-300x200.jpg\" alt=\"\" width=\"180\"  class=\"alignnone size-medium wp-image-24830\" srcset=\"https:\/\/franziskanergymnasium-kreuzburg.de\/cms\/wp-content\/uploads\/2019\/12\/2019_12AdventskonzerteDo026-300x200.jpg 300w, https:\/\/franziskanergymnasium-kreuzburg.de\/cms\/wp-content\/uploads\/2019\/12\/2019_12AdventskonzerteDo026-1024x683.jpg 1024w, https:\/\/franziskanergymnasium-kreuzburg.de\/cms\/wp-content\/uploads\/2019\/12\/2019_12AdventskonzerteDo026-768x512.jpg 768w, https:\/\/franziskanergymnasium-kreuzburg.de\/cms\/wp-content\/uploads\/2019\/12\/2019_12AdventskonzerteDo026-1536x1024.jpg 1536w, https:\/\/franziskanergymnasium-kreuzburg.de\/cms\/wp-content\/uploads\/2019\/12\/2019_12AdventskonzerteDo026-2048x1365.jpg 2048w\" sizes=\"(max-width: 300px) 100vw, 300px\" \/><\/a>\r\n\r\n<\/td><\/tr>\r\n<\/table>\r\n<br><h4>Ch\u00f6re und Orchester des Musikseminars<\/h4>\r\n<h6>Tenor: Jack Muir<\/h6>\r\n<br>\r\n<table><tr><td><strong>Baba Yetu (Vater unser)<\/strong>\r\n\r\n<\/td><td>\r\n<strong>Christopher Tin\r\n\r\n<\/strong>(geb. 1976)<br>\r\n(arr.: Andreas Schreck, Ulrike Hoffmann)\r\n<br>\r\n\r\n\r\n\r\n\r\n\r\n<\/td><\/tr>\r\n\r\n\r\n<tr><td colspan=2>\r\n\r\n<a attid=\"24777\"  href=\"https:\/\/franziskanergymnasium-kreuzburg.de\/cms\/wp-content\/uploads\/2019\/12\/P1100827.jpg\" rel=\"lightbox[24700]\"><img decoding=\"async\" src=\"https:\/\/franziskanergymnasium-kreuzburg.de\/cms\/wp-content\/uploads\/2019\/12\/P1100827-300x225.jpg\" alt=\"\" width=\"180\"  class=\"alignnone size-medium wp-image-24777\" srcset=\"https:\/\/franziskanergymnasium-kreuzburg.de\/cms\/wp-content\/uploads\/2019\/12\/P1100827-300x225.jpg 300w, https:\/\/franziskanergymnasium-kreuzburg.de\/cms\/wp-content\/uploads\/2019\/12\/P1100827-768x576.jpg 768w, https:\/\/franziskanergymnasium-kreuzburg.de\/cms\/wp-content\/uploads\/2019\/12\/P1100827-1024x768.jpg 1024w\" sizes=\"(max-width: 300px) 100vw, 300px\" \/><\/a>\r\n\r\n<a attid=\"24778\"  href=\"https:\/\/franziskanergymnasium-kreuzburg.de\/cms\/wp-content\/uploads\/2019\/12\/P1100830.jpg\" rel=\"lightbox[24700]\"><img decoding=\"async\" src=\"https:\/\/franziskanergymnasium-kreuzburg.de\/cms\/wp-content\/uploads\/2019\/12\/P1100830-300x205.jpg\" alt=\"\" width=\"180\" class=\"alignnone size-medium wp-image-24778\" srcset=\"https:\/\/franziskanergymnasium-kreuzburg.de\/cms\/wp-content\/uploads\/2019\/12\/P1100830-300x205.jpg 300w, https:\/\/franziskanergymnasium-kreuzburg.de\/cms\/wp-content\/uploads\/2019\/12\/P1100830-768x524.jpg 768w, https:\/\/franziskanergymnasium-kreuzburg.de\/cms\/wp-content\/uploads\/2019\/12\/P1100830-1024x699.jpg 1024w\" sizes=\"(max-width: 300px) 100vw, 300px\" \/><\/a>\r\n\r\n<a attid=\"24779\"  href=\"https:\/\/franziskanergymnasium-kreuzburg.de\/cms\/wp-content\/uploads\/2019\/12\/P1100831.jpg\" rel=\"lightbox[24700]\"><img decoding=\"async\" src=\"https:\/\/franziskanergymnasium-kreuzburg.de\/cms\/wp-content\/uploads\/2019\/12\/P1100831-300x225.jpg\" alt=\"\" width=\"180\" class=\"alignnone size-medium wp-image-24779\" srcset=\"https:\/\/franziskanergymnasium-kreuzburg.de\/cms\/wp-content\/uploads\/2019\/12\/P1100831-300x225.jpg 300w, https:\/\/franziskanergymnasium-kreuzburg.de\/cms\/wp-content\/uploads\/2019\/12\/P1100831-768x576.jpg 768w, https:\/\/franziskanergymnasium-kreuzburg.de\/cms\/wp-content\/uploads\/2019\/12\/P1100831-1024x768.jpg 1024w\" sizes=\"(max-width: 300px) 100vw, 300px\" \/><\/a>\r\n\r\n<a attid=\"24780\"  href=\"https:\/\/franziskanergymnasium-kreuzburg.de\/cms\/wp-content\/uploads\/2019\/12\/P1100833.jpg\" rel=\"lightbox[24700]\"><img decoding=\"async\" src=\"https:\/\/franziskanergymnasium-kreuzburg.de\/cms\/wp-content\/uploads\/2019\/12\/P1100833-300x225.jpg\" alt=\"\" width=\"180\" class=\"alignnone size-medium wp-image-24780\" srcset=\"https:\/\/franziskanergymnasium-kreuzburg.de\/cms\/wp-content\/uploads\/2019\/12\/P1100833-300x225.jpg 300w, https:\/\/franziskanergymnasium-kreuzburg.de\/cms\/wp-content\/uploads\/2019\/12\/P1100833-768x576.jpg 768w, https:\/\/franziskanergymnasium-kreuzburg.de\/cms\/wp-content\/uploads\/2019\/12\/P1100833-1024x768.jpg 1024w\" sizes=\"(max-width: 300px) 100vw, 300px\" \/><\/a>\r\n\r\n<a attid=\"24781\"  href=\"https:\/\/franziskanergymnasium-kreuzburg.de\/cms\/wp-content\/uploads\/2019\/12\/P1100834.jpg\" rel=\"lightbox[24700]\"><img decoding=\"async\" src=\"https:\/\/franziskanergymnasium-kreuzburg.de\/cms\/wp-content\/uploads\/2019\/12\/P1100834-300x225.jpg\" alt=\"\" width=\"180\"  class=\"alignnone size-medium wp-image-24781\" srcset=\"https:\/\/franziskanergymnasium-kreuzburg.de\/cms\/wp-content\/uploads\/2019\/12\/P1100834-300x225.jpg 300w, https:\/\/franziskanergymnasium-kreuzburg.de\/cms\/wp-content\/uploads\/2019\/12\/P1100834-768x576.jpg 768w, https:\/\/franziskanergymnasium-kreuzburg.de\/cms\/wp-content\/uploads\/2019\/12\/P1100834-1024x768.jpg 1024w\" sizes=\"(max-width: 300px) 100vw, 300px\" \/><\/a>\r\n\r\n<a attid=\"24782\"  href=\"https:\/\/franziskanergymnasium-kreuzburg.de\/cms\/wp-content\/uploads\/2019\/12\/P1100836.jpg\" rel=\"lightbox[24700]\"><img decoding=\"async\" src=\"https:\/\/franziskanergymnasium-kreuzburg.de\/cms\/wp-content\/uploads\/2019\/12\/P1100836-300x225.jpg\" alt=\"\" width=\"180\" class=\"alignnone size-medium wp-image-24782\" srcset=\"https:\/\/franziskanergymnasium-kreuzburg.de\/cms\/wp-content\/uploads\/2019\/12\/P1100836-300x225.jpg 300w, https:\/\/franziskanergymnasium-kreuzburg.de\/cms\/wp-content\/uploads\/2019\/12\/P1100836-768x576.jpg 768w, https:\/\/franziskanergymnasium-kreuzburg.de\/cms\/wp-content\/uploads\/2019\/12\/P1100836-1024x768.jpg 1024w\" sizes=\"(max-width: 300px) 100vw, 300px\" \/><\/a>\r\n\r\n<a attid=\"24783\"  href=\"https:\/\/franziskanergymnasium-kreuzburg.de\/cms\/wp-content\/uploads\/2019\/12\/P1100838.jpg\" rel=\"lightbox[24700]\"><img decoding=\"async\" src=\"https:\/\/franziskanergymnasium-kreuzburg.de\/cms\/wp-content\/uploads\/2019\/12\/P1100838-300x225.jpg\" alt=\"\" width=\"180\"  class=\"alignnone size-medium wp-image-24783\" srcset=\"https:\/\/franziskanergymnasium-kreuzburg.de\/cms\/wp-content\/uploads\/2019\/12\/P1100838-300x225.jpg 300w, https:\/\/franziskanergymnasium-kreuzburg.de\/cms\/wp-content\/uploads\/2019\/12\/P1100838-768x576.jpg 768w, https:\/\/franziskanergymnasium-kreuzburg.de\/cms\/wp-content\/uploads\/2019\/12\/P1100838-1024x768.jpg 1024w\" sizes=\"(max-width: 300px) 100vw, 300px\" \/><\/a>\r\n\r\n<a attid=\"24784\"  href=\"https:\/\/franziskanergymnasium-kreuzburg.de\/cms\/wp-content\/uploads\/2019\/12\/P1100839.jpg\" rel=\"lightbox[24700]\"><img decoding=\"async\" src=\"https:\/\/franziskanergymnasium-kreuzburg.de\/cms\/wp-content\/uploads\/2019\/12\/P1100839-300x225.jpg\" alt=\"\" width=\"180\"  class=\"alignnone size-medium wp-image-24784\" srcset=\"https:\/\/franziskanergymnasium-kreuzburg.de\/cms\/wp-content\/uploads\/2019\/12\/P1100839-300x225.jpg 300w, https:\/\/franziskanergymnasium-kreuzburg.de\/cms\/wp-content\/uploads\/2019\/12\/P1100839-768x576.jpg 768w, https:\/\/franziskanergymnasium-kreuzburg.de\/cms\/wp-content\/uploads\/2019\/12\/P1100839-1024x768.jpg 1024w\" sizes=\"(max-width: 300px) 100vw, 300px\" \/><\/a>\r\n\r\n<a attid=\"24785\"  href=\"https:\/\/franziskanergymnasium-kreuzburg.de\/cms\/wp-content\/uploads\/2019\/12\/P1100840.jpg\" rel=\"lightbox[24700]\"><img decoding=\"async\" src=\"https:\/\/franziskanergymnasium-kreuzburg.de\/cms\/wp-content\/uploads\/2019\/12\/P1100840-300x225.jpg\" alt=\"\" width=\"180\" class=\"alignnone size-medium wp-image-24785\" srcset=\"https:\/\/franziskanergymnasium-kreuzburg.de\/cms\/wp-content\/uploads\/2019\/12\/P1100840-300x225.jpg 300w, https:\/\/franziskanergymnasium-kreuzburg.de\/cms\/wp-content\/uploads\/2019\/12\/P1100840-768x576.jpg 768w, https:\/\/franziskanergymnasium-kreuzburg.de\/cms\/wp-content\/uploads\/2019\/12\/P1100840-1024x768.jpg 1024w\" sizes=\"(max-width: 300px) 100vw, 300px\" \/><\/a>\r\n\r\n<a attid=\"24786\"  href=\"https:\/\/franziskanergymnasium-kreuzburg.de\/cms\/wp-content\/uploads\/2019\/12\/P1100852.jpg\" rel=\"lightbox[24700]\"><img decoding=\"async\" src=\"https:\/\/franziskanergymnasium-kreuzburg.de\/cms\/wp-content\/uploads\/2019\/12\/P1100852-300x225.jpg\" alt=\"\" width=\"180\"  class=\"alignnone size-medium wp-image-24786\" srcset=\"https:\/\/franziskanergymnasium-kreuzburg.de\/cms\/wp-content\/uploads\/2019\/12\/P1100852-300x225.jpg 300w, https:\/\/franziskanergymnasium-kreuzburg.de\/cms\/wp-content\/uploads\/2019\/12\/P1100852-768x576.jpg 768w, https:\/\/franziskanergymnasium-kreuzburg.de\/cms\/wp-content\/uploads\/2019\/12\/P1100852-1024x768.jpg 1024w\" sizes=\"(max-width: 300px) 100vw, 300px\" \/><\/a>\r\n\r\n<a attid=\"24787\"  href=\"https:\/\/franziskanergymnasium-kreuzburg.de\/cms\/wp-content\/uploads\/2019\/12\/P1100855.jpg\" rel=\"lightbox[24700]\"><img decoding=\"async\" src=\"https:\/\/franziskanergymnasium-kreuzburg.de\/cms\/wp-content\/uploads\/2019\/12\/P1100855-300x225.jpg\" alt=\"\" width=\"180\"  class=\"alignnone size-medium wp-image-24787\" srcset=\"https:\/\/franziskanergymnasium-kreuzburg.de\/cms\/wp-content\/uploads\/2019\/12\/P1100855-300x225.jpg 300w, https:\/\/franziskanergymnasium-kreuzburg.de\/cms\/wp-content\/uploads\/2019\/12\/P1100855-768x576.jpg 768w, https:\/\/franziskanergymnasium-kreuzburg.de\/cms\/wp-content\/uploads\/2019\/12\/P1100855-1024x768.jpg 1024w\" sizes=\"(max-width: 300px) 100vw, 300px\" \/><\/a>\r\n<a attid=\"24789\"  href=\"https:\/\/franziskanergymnasium-kreuzburg.de\/cms\/wp-content\/uploads\/2019\/12\/P1100862.jpg\" rel=\"lightbox[24700]\"><img decoding=\"async\" src=\"https:\/\/franziskanergymnasium-kreuzburg.de\/cms\/wp-content\/uploads\/2019\/12\/P1100862-300x225.jpg\" alt=\"\" width=\"180\"  class=\"alignnone size-medium wp-image-24789\" srcset=\"https:\/\/franziskanergymnasium-kreuzburg.de\/cms\/wp-content\/uploads\/2019\/12\/P1100862-300x225.jpg 300w, https:\/\/franziskanergymnasium-kreuzburg.de\/cms\/wp-content\/uploads\/2019\/12\/P1100862-768x576.jpg 768w, https:\/\/franziskanergymnasium-kreuzburg.de\/cms\/wp-content\/uploads\/2019\/12\/P1100862-1024x768.jpg 1024w\" sizes=\"(max-width: 300px) 100vw, 300px\" \/><\/a>\r\n<a attid=\"24788\"  href=\"https:\/\/franziskanergymnasium-kreuzburg.de\/cms\/wp-content\/uploads\/2019\/12\/P1100860.jpg\" rel=\"lightbox[24700]\"><img decoding=\"async\" src=\"https:\/\/franziskanergymnasium-kreuzburg.de\/cms\/wp-content\/uploads\/2019\/12\/P1100860-300x150.jpg\" alt=\"\" width=\"210\"  class=\"alignnone size-medium wp-image-24788\" srcset=\"https:\/\/franziskanergymnasium-kreuzburg.de\/cms\/wp-content\/uploads\/2019\/12\/P1100860-300x150.jpg 300w, https:\/\/franziskanergymnasium-kreuzburg.de\/cms\/wp-content\/uploads\/2019\/12\/P1100860-768x385.jpg 768w, https:\/\/franziskanergymnasium-kreuzburg.de\/cms\/wp-content\/uploads\/2019\/12\/P1100860-1024x513.jpg 1024w\" sizes=\"(max-width: 300px) 100vw, 300px\" \/><\/a>\r\n\r\n<a attid=\"24831\"  href=\"https:\/\/franziskanergymnasium-kreuzburg.de\/cms\/wp-content\/uploads\/2019\/12\/2019_12AdventskonzerteDo027-scaled.jpg\" rel=\"lightbox[24700]\"><img decoding=\"async\" src=\"https:\/\/franziskanergymnasium-kreuzburg.de\/cms\/wp-content\/uploads\/2019\/12\/2019_12AdventskonzerteDo027-300x200.jpg\" alt=\"\" width=\"180\"  class=\"alignnone size-medium wp-image-24831\" srcset=\"https:\/\/franziskanergymnasium-kreuzburg.de\/cms\/wp-content\/uploads\/2019\/12\/2019_12AdventskonzerteDo027-300x200.jpg 300w, https:\/\/franziskanergymnasium-kreuzburg.de\/cms\/wp-content\/uploads\/2019\/12\/2019_12AdventskonzerteDo027-1024x683.jpg 1024w, https:\/\/franziskanergymnasium-kreuzburg.de\/cms\/wp-content\/uploads\/2019\/12\/2019_12AdventskonzerteDo027-768x512.jpg 768w, https:\/\/franziskanergymnasium-kreuzburg.de\/cms\/wp-content\/uploads\/2019\/12\/2019_12AdventskonzerteDo027-1536x1024.jpg 1536w, https:\/\/franziskanergymnasium-kreuzburg.de\/cms\/wp-content\/uploads\/2019\/12\/2019_12AdventskonzerteDo027-2048x1365.jpg 2048w\" sizes=\"(max-width: 300px) 100vw, 300px\" \/><\/a>\r\n\r\n<a attid=\"24832\"  href=\"https:\/\/franziskanergymnasium-kreuzburg.de\/cms\/wp-content\/uploads\/2019\/12\/2019_12AdventskonzerteDo028-scaled.jpg\" rel=\"lightbox[24700]\"><img decoding=\"async\" src=\"https:\/\/franziskanergymnasium-kreuzburg.de\/cms\/wp-content\/uploads\/2019\/12\/2019_12AdventskonzerteDo028-300x200.jpg\" alt=\"\" width=\"180\"  class=\"alignnone size-medium wp-image-24832\" srcset=\"https:\/\/franziskanergymnasium-kreuzburg.de\/cms\/wp-content\/uploads\/2019\/12\/2019_12AdventskonzerteDo028-300x200.jpg 300w, https:\/\/franziskanergymnasium-kreuzburg.de\/cms\/wp-content\/uploads\/2019\/12\/2019_12AdventskonzerteDo028-1024x683.jpg 1024w, https:\/\/franziskanergymnasium-kreuzburg.de\/cms\/wp-content\/uploads\/2019\/12\/2019_12AdventskonzerteDo028-768x512.jpg 768w, https:\/\/franziskanergymnasium-kreuzburg.de\/cms\/wp-content\/uploads\/2019\/12\/2019_12AdventskonzerteDo028-1536x1024.jpg 1536w, https:\/\/franziskanergymnasium-kreuzburg.de\/cms\/wp-content\/uploads\/2019\/12\/2019_12AdventskonzerteDo028-2048x1365.jpg 2048w\" sizes=\"(max-width: 300px) 100vw, 300px\" \/><\/a>\r\n\r\n<a attid=\"24833\"  href=\"https:\/\/franziskanergymnasium-kreuzburg.de\/cms\/wp-content\/uploads\/2019\/12\/2019_12eAdventskonzerteDo001-scaled.jpg\" rel=\"lightbox[24700]\"><img decoding=\"async\" src=\"https:\/\/franziskanergymnasium-kreuzburg.de\/cms\/wp-content\/uploads\/2019\/12\/2019_12eAdventskonzerteDo001-300x200.jpg\" alt=\"\" width=\"180\"  class=\"alignnone size-medium wp-image-24833\" srcset=\"https:\/\/franziskanergymnasium-kreuzburg.de\/cms\/wp-content\/uploads\/2019\/12\/2019_12eAdventskonzerteDo001-300x200.jpg 300w, https:\/\/franziskanergymnasium-kreuzburg.de\/cms\/wp-content\/uploads\/2019\/12\/2019_12eAdventskonzerteDo001-1024x683.jpg 1024w, https:\/\/franziskanergymnasium-kreuzburg.de\/cms\/wp-content\/uploads\/2019\/12\/2019_12eAdventskonzerteDo001-768x512.jpg 768w, https:\/\/franziskanergymnasium-kreuzburg.de\/cms\/wp-content\/uploads\/2019\/12\/2019_12eAdventskonzerteDo001-1536x1024.jpg 1536w, https:\/\/franziskanergymnasium-kreuzburg.de\/cms\/wp-content\/uploads\/2019\/12\/2019_12eAdventskonzerteDo001-2048x1365.jpg 2048w\" sizes=\"(max-width: 300px) 100vw, 300px\" \/><\/a>\r\n\r\n<\/td><\/tr>\r\n<\/table>\r\n\r\n","protected":false},"excerpt":{"rendered":"Traditionell stimmten die Ch\u00f6re und Orchester der Kreuzburg mit einem bunten Programm bei ihren Adventskonzerten das Publikum in der vollbesetzten Aula auf Weihnachten ein. Programm: Kleines Orchester Hle Hle, T\u00e1mhle v Betl\u00e9me Zdrav Bud, Jezisku Maly Zwei Tschechische Weihnachtslieder (arr.: Jiri Teml) Kleine Bigband Good King Wenceslas Aus England Rudolph the rednosed Reindeer Johnny Marks(1909 \u2013 1985) (arr. Peter Loschert) 5er ChorOboe: Silja W. Klarinette: Verena FischerKlavier: Th. Wiegelmann Du \u2013 ein Kind (Text: Eugen Eckert) Robert Haas Denn dein Licht kommt Dietmar Fischenich Hirten gebt acht (Text: Eugen Eckert) Horst Christill 6er Chor Es ist f\u00fcr uns eine Zeit angekommen (Worte und Weise: Sterndreherlied aus der Schweiz) Trad. Fr\u00f6hliche Weihnacht, \u00fcberall! Trad. Let It Snow! Let It Snow! Let It Snow! Jule Styne(1905 \u2013 1994) (arr.: Roger Emerson) Jugendchor und Mitglieder der SacroPop-AGKlavier: Merlind Kohlberger The Huron Carol (Trad. Kanada) Arr. Gwyn Arch Mary had a baby Spiritual Bigband Somewhere in my Memory Arr. John Williams (arr. John Moss) Christmas Delights Gerald Oswald Elternchor Dixit Maria Motette Hans Leo Hassler (1546 &#8211; 1612) Salmo 150 (Psalm 150) Ernani Aguiar (geb. 1950) Kammerchor Klavier: Th. Wiegelmann If ye would hear the angels sing Dora Greenwell (1821 &#8211; 1882) \/ Peter Tranchell (1922 \u2013 1993) Song of Mary Richard Shepard Kreuzburg-Orchester Pifa aus dem Oratorium \u201eDer Messias\u201c Georg Friedrich H\u00e4ndel (1685 &#8211; 1759) Ch\u00f6re und Orchester des Musikseminars 2019 \/ Elternchor Willkommen Erl\u00f6ser Weihnachtskantate, 1. Coro Johannes Jeremias Du Grain (ca 1700 &#8211; 1754) (arr. Peter Loschert) Ch\u00f6re und Orchester des Musikseminars Tenor: Jack Muir Baba Yetu (Vater unser) Christopher Tin (geb. 1976) (arr.: Andreas Schreck, Ulrike Hoffmann)","protected":false},"author":3,"featured_media":24835,"comment_status":"closed","ping_status":"closed","sticky":false,"template":"","format":"standard","meta":{"ngg_post_thumbnail":0,"footnotes":""},"categories":[1],"tags":[],"class_list":["post-24700","post","type-post","status-publish","format-standard","has-post-thumbnail","hentry","category-allgemein"],"publishpress_future_action":{"enabled":false,"date":"2026-05-06 11:29:38","action":"change-status","newStatus":"draft","terms":[],"taxonomy":"category","extraData":[]},"publishpress_future_workflow_manual_trigger":{"enabledWorkflows":[]},"_links":{"self":[{"href":"https:\/\/franziskanergymnasium-kreuzburg.de\/cms\/wp-json\/wp\/v2\/posts\/24700","targetHints":{"allow":["GET"]}}],"collection":[{"href":"https:\/\/franziskanergymnasium-kreuzburg.de\/cms\/wp-json\/wp\/v2\/posts"}],"about":[{"href":"https:\/\/franziskanergymnasium-kreuzburg.de\/cms\/wp-json\/wp\/v2\/types\/post"}],"author":[{"embeddable":true,"href":"https:\/\/franziskanergymnasium-kreuzburg.de\/cms\/wp-json\/wp\/v2\/users\/3"}],"replies":[{"embeddable":true,"href":"https:\/\/franziskanergymnasium-kreuzburg.de\/cms\/wp-json\/wp\/v2\/comments?post=24700"}],"version-history":[{"count":46,"href":"https:\/\/franziskanergymnasium-kreuzburg.de\/cms\/wp-json\/wp\/v2\/posts\/24700\/revisions"}],"predecessor-version":[{"id":24841,"href":"https:\/\/franziskanergymnasium-kreuzburg.de\/cms\/wp-json\/wp\/v2\/posts\/24700\/revisions\/24841"}],"wp:featuredmedia":[{"embeddable":true,"href":"https:\/\/franziskanergymnasium-kreuzburg.de\/cms\/wp-json\/wp\/v2\/media\/24835"}],"wp:attachment":[{"href":"https:\/\/franziskanergymnasium-kreuzburg.de\/cms\/wp-json\/wp\/v2\/media?parent=24700"}],"wp:term":[{"taxonomy":"category","embeddable":true,"href":"https:\/\/franziskanergymnasium-kreuzburg.de\/cms\/wp-json\/wp\/v2\/categories?post=24700"},{"taxonomy":"post_tag","embeddable":true,"href":"https:\/\/franziskanergymnasium-kreuzburg.de\/cms\/wp-json\/wp\/v2\/tags?post=24700"}],"curies":[{"name":"wp","href":"https:\/\/api.w.org\/{rel}","templated":true}]}}