{"id":24792,"date":"2019-12-20T09:28:02","date_gmt":"2019-12-20T08:28:02","guid":{"rendered":"https:\/\/franziskanergymnasium-kreuzburg.de\/cms\/?p=24792"},"modified":"2019-12-20T12:56:50","modified_gmt":"2019-12-20T11:56:50","slug":"aenderung-der-unterrichtszeiten-3","status":"publish","type":"post","link":"https:\/\/franziskanergymnasium-kreuzburg.de\/cms\/aenderung-der-unterrichtszeiten-3\/","title":{"rendered":"\u00c4nderung der Unterrichtszeiten"},"content":{"rendered":"<p>Durch die Ver\u00e4nderungen der Bahnfahrzeiten ab Mitte Dezember sehen wir uns gezwungen, die Unterrichtszeiten der Schule zu ver\u00e4ndern. Nach R\u00fccksprache mit den Busunternehmen und den Planungsstellen der Bahn wird der Unterricht zuk\u00fcnftig zu folgenden Zeiten stattfinden:<\/p>\r\n<table>\r\n<tr><td>1.\tStunde  <\/td><td>7.30 \u2013 8.15 Uhr<\/td><\/tr><tr><td>\r\n2.\tStunde  <\/td><td>8.15 \u2013 9.00 Uhr<\/td><\/tr><tr><td colspan=2>\r\nGro\u00dfe Pause<\/td><\/tr><tr><td>\r\n3.\tStunde  <\/td><td>9.20 \u2013 10.05 Uhr<\/td><\/tr><tr><td>\r\n4.\tStunde <\/td><td>10.05 \u2013 10.50 Uhr<\/td><\/tr><tr><td colspan=2>\r\nGro\u00dfe Pause<\/td><\/tr><tr><td>\r\n5.\tStunde <\/td><td>11.10 \u2013 11.55 Uhr<\/td><\/tr><tr><td>\r\n6.\tStunde <\/td><td>11.55 \u2013 12.40 Uhr<\/td><\/tr><tr><td>\r\n7.\tStunde <\/td><td>12.40 \u2013 13.25 Uhr <\/td><\/tr><tr><td>\r\n8.\tStunde <\/td><td>13.25 \u2013 14.10 Uhr<\/td><\/tr><tr><td>\r\n9.\tStunde <\/td><td>14.10 \u2013 14.55 Uhr<\/td><\/tr><tr><td>\r\n10.\tStunde <\/td><td>15.00 \u2013 15.45 Uhr<\/td><\/tr><tr><td>\r\n11.\tStunde <\/td><td>15.45 \u2013 16.25 Uhr<\/td><\/tr>\r\n <\/table><br>\r\n<p>Der Zeitpunkt der Umstellung ist f\u00fcr den Halbjahreswechsel, also zum 3. Februar 2020, geplant. Falls die \u00c4nderung der Busabfahrzeiten schon vorher m\u00f6glich sein sollte, werden wir nach vorheriger Information zeitnah reagieren. Bis dahin gilt die \u00dcbergangsregelung f\u00fcr Sch\u00fclerinnen und Sch\u00fcler, die die Bahn in Richtung Aschaffenburg nehmen m\u00fcssen, weiter.<\/p><p>\r\nEs ist uns bewusst, dass auch kleine Verschiebungen gro\u00dfe Auswirkungen auf jede Familie haben k\u00f6nnen. Eingespielte Abl\u00e4ufe m\u00fcssen \u00fcberdacht und Anpassungen m\u00f6glicherweise vorgenommen werden. Dabei sind neben dem \u00d6PNV aber auch die Vorgaben der Pausenzeiten f\u00fcr Sch\u00fcler und Lehrkr\u00e4fte zu ber\u00fccksichtigen. Wir bitten um Verst\u00e4ndnis, dass wir auf die \u00c4nderung der Rahmenbedingungen reagieren m\u00fcssen.<\/p>\r\n","protected":false},"excerpt":{"rendered":"Durch die Ver\u00e4nderungen der Bahnfahrzeiten ab Mitte Dezember sehen wir uns gezwungen, die Unterrichtszeiten der Schule zu ver\u00e4ndern. Nach R\u00fccksprache mit den Busunternehmen und den Planungsstellen der Bahn wird der Unterricht zuk\u00fcnftig zu folgenden Zeiten stattfinden: 1. Stunde 7.30 \u2013 8.15 Uhr 2. Stunde 8.15 \u2013 9.00 Uhr Gro\u00dfe Pause 3. Stunde 9.20 \u2013 10.05 Uhr 4. Stunde 10.05 \u2013 10.50 Uhr Gro\u00dfe Pause 5. Stunde 11.10 \u2013 11.55 Uhr 6. Stunde 11.55 \u2013 12.40 Uhr 7. Stunde 12.40 \u2013 13.25 Uhr 8. Stunde 13.25 \u2013 14.10 Uhr 9. Stunde 14.10 \u2013 14.55 Uhr 10. Stunde 15.00 \u2013 15.45 Uhr 11. Stunde 15.45 \u2013 16.25 Uhr Der Zeitpunkt der Umstellung ist f\u00fcr den Halbjahreswechsel, also zum 3. Februar 2020, geplant. Falls die \u00c4nderung der Busabfahrzeiten schon vorher m\u00f6glich sein sollte, werden wir nach vorheriger Information zeitnah reagieren. Bis dahin gilt die \u00dcbergangsregelung f\u00fcr Sch\u00fclerinnen und Sch\u00fcler, die die Bahn in Richtung Aschaffenburg nehmen m\u00fcssen, weiter. Es ist uns bewusst, dass auch kleine Verschiebungen gro\u00dfe Auswirkungen auf jede Familie haben k\u00f6nnen. Eingespielte Abl\u00e4ufe m\u00fcssen \u00fcberdacht und Anpassungen m\u00f6glicherweise vorgenommen werden. Dabei sind neben dem \u00d6PNV aber auch die Vorgaben der Pausenzeiten f\u00fcr Sch\u00fcler und Lehrkr\u00e4fte zu ber\u00fccksichtigen. Wir bitten um Verst\u00e4ndnis, dass wir auf die \u00c4nderung der Rahmenbedingungen reagieren m\u00fcssen.","protected":false},"author":3,"featured_media":13478,"comment_status":"closed","ping_status":"closed","sticky":false,"template":"","format":"standard","meta":{"ngg_post_thumbnail":0,"footnotes":""},"categories":[1],"tags":[],"class_list":["post-24792","post","type-post","status-publish","format-standard","has-post-thumbnail","hentry","category-allgemein"],"publishpress_future_action":{"enabled":false,"date":"2026-05-03 12:28:22","action":"change-status","newStatus":"draft","terms":[],"taxonomy":"category","extraData":[]},"publishpress_future_workflow_manual_trigger":{"enabledWorkflows":[]},"_links":{"self":[{"href":"https:\/\/franziskanergymnasium-kreuzburg.de\/cms\/wp-json\/wp\/v2\/posts\/24792","targetHints":{"allow":["GET"]}}],"collection":[{"href":"https:\/\/franziskanergymnasium-kreuzburg.de\/cms\/wp-json\/wp\/v2\/posts"}],"about":[{"href":"https:\/\/franziskanergymnasium-kreuzburg.de\/cms\/wp-json\/wp\/v2\/types\/post"}],"author":[{"embeddable":true,"href":"https:\/\/franziskanergymnasium-kreuzburg.de\/cms\/wp-json\/wp\/v2\/users\/3"}],"replies":[{"embeddable":true,"href":"https:\/\/franziskanergymnasium-kreuzburg.de\/cms\/wp-json\/wp\/v2\/comments?post=24792"}],"version-history":[{"count":9,"href":"https:\/\/franziskanergymnasium-kreuzburg.de\/cms\/wp-json\/wp\/v2\/posts\/24792\/revisions"}],"predecessor-version":[{"id":24801,"href":"https:\/\/franziskanergymnasium-kreuzburg.de\/cms\/wp-json\/wp\/v2\/posts\/24792\/revisions\/24801"}],"wp:featuredmedia":[{"embeddable":true,"href":"https:\/\/franziskanergymnasium-kreuzburg.de\/cms\/wp-json\/wp\/v2\/media\/13478"}],"wp:attachment":[{"href":"https:\/\/franziskanergymnasium-kreuzburg.de\/cms\/wp-json\/wp\/v2\/media?parent=24792"}],"wp:term":[{"taxonomy":"category","embeddable":true,"href":"https:\/\/franziskanergymnasium-kreuzburg.de\/cms\/wp-json\/wp\/v2\/categories?post=24792"},{"taxonomy":"post_tag","embeddable":true,"href":"https:\/\/franziskanergymnasium-kreuzburg.de\/cms\/wp-json\/wp\/v2\/tags?post=24792"}],"curies":[{"name":"wp","href":"https:\/\/api.w.org\/{rel}","templated":true}]}}