{"id":24909,"date":"2020-01-20T15:39:49","date_gmt":"2020-01-20T14:39:49","guid":{"rendered":"https:\/\/franziskanergymnasium-kreuzburg.de\/cms\/?p=24909"},"modified":"2020-01-20T15:39:49","modified_gmt":"2020-01-20T14:39:49","slug":"aenderung-der-unterrichtszeiten-4","status":"publish","type":"post","link":"https:\/\/franziskanergymnasium-kreuzburg.de\/cms\/aenderung-der-unterrichtszeiten-4\/","title":{"rendered":"\u00c4nderung der Unterrichtszeiten"},"content":{"rendered":"<p>Nach den Weihnachtsferien haben wir die Information erhalten, dass die Buslinien MKK-51 und 46S ihre Abfahrtzeiten auf 12.45 Uhr bzw. 12.50 Uhr ver\u00e4ndert haben. Von Seiten der Deutschen Bahn ist keine Anpassung der Abfahrtzeiten in Aussicht gestellt worden. Auf R\u00fcckfrage hat das Landratsamt Aschaffenburg erkl\u00e4rt, dass erh\u00f6hte Bef\u00f6rderungskosten f\u00fcr bayrische Sch\u00fclerinnen und Sch\u00fcler, die z.B. Zugverbindungen \u00fcber Hanau nutzen wollen, nicht erstattet werden. Die durch den ver\u00e4nderten Fahrplan entstehenden Wartezeiten werden vom Landratsamt Aschaffenburg als zumutbar eingesch\u00e4tzt. <p><\/p>\r\nWir sehen uns daher gezwungen, wie vor den Weihnachtsferien bereits angek\u00fcndigt, die Unterrichtszeiten ab <strong>Montag, den 27. Januar 2020,<\/strong> wie folgt zu \u00e4ndern:<br>\r\n<br><table>\r\n<tr><th width=\"25%\">Schulstunde\/Pause<\/th><th colspan=\"2\">Zeit<\/th><\/tr>\r\n<tr><td>1. Stunde<br \/>2. Stunde<\/td><td>07.30 &#8211; 08.15 Uhr<br \/>08.15 &#8211; 09.00 Uhr<\/td><\/tr>\r\n<tr><td>Pause<\/td><td>09.00 &#8211; 09.20 Uhr<\/td><\/tr>\r\n<tr><td>3. Stunde<br \/>4. Stunde<\/td><td>09.20 &#8211; 10.05 Uhr<br \/>10.05 &#8211; 10.50 Uhr<\/td>\r\n<tr><td>Pause<\/td><td>10.50 &#8211; 11.10 Uhr<\/td><\/tr>\r\n<tr><td>5. Stunde<br \/>6. Stunde<\/td><td>11.10 &#8211; 11.55 Uhr<br \/>11.55 &#8211; 12.40 Uhr (m\u00f6gliche Pause)<\/td>\r\n\r\n<tr><td>7. Stunde<\/td><td>12.40 &#8211; 13.25 Uhr (m\u00f6gliche Pause)<\/td><\/tr>\r\n\r\n<tr><td>8. Stunde<\/td><td>13.25 &#8211; 14.10 Uhr<\/td><\/tr>\r\n<tr><td>9. Stunde<\/td><td>14.10 &#8211; 14.55 Uhr<\/td><\/tr>\r\n<tr><td>Pause<\/td><td>14.55 &#8211; 15.00 Uhr<\/td><\/tr>\r\n<tr><td>10. Stunde<\/td><td>15.00 &#8211; 15.45 Uhr<\/td><\/tr>\r\n<tr><td>11. Stunde<\/td><td>15.45 &#8211; 16.25 Uhr<\/td><\/tr>\r\n<\/table><br>\r\n \r\n\r\n<p>Die neuen Zeiten stellen ein Kompromiss zwischen den Mindestpausenzeiten f\u00fcr Sch\u00fclerinnen und Sch\u00fcler, den notwendigen Zeitfenstern f\u00fcr Unterricht und den Anbindungen an den \u00d6PNV dar.<\/p><p>\r\nUns ist bewusst, dass damit f\u00fcr die Sch\u00fclerinnen und Sch\u00fcler, die eine Verbindung mit der Bahn in Richtung Aschaffenburg nehmen m\u00fcssen, erhebliche Wartezeiten entstehen. Eine dauerhafte Verk\u00fcrzung von Unterrichtszeiten, wie wir es f\u00fcr die \u00dcbergangszeit gew\u00e4hrt hatten, ist rechtlich nicht durchf\u00fchrbar. <\/p><p>\r\nNeben dem Fahrsch\u00fclerraum werden wir die R\u00e4ume B001 und B002 als zus\u00e4tzliche Warter\u00e4ume zum Aufenthalt und zum Erledigen von Hausaufgaben zur Verf\u00fcgung stellen. Die Cafeteria wird f\u00fcr alle Sch\u00fclerinnen und Sch\u00fcler ausreichend Mahlzeiten bereithalten. <\/p><p>\r\n\r\n","protected":false},"excerpt":{"rendered":"Nach den Weihnachtsferien haben wir die Information erhalten, dass die Buslinien MKK-51 und 46S ihre Abfahrtzeiten auf 12.45 Uhr bzw. 12.50 Uhr ver\u00e4ndert haben. Von Seiten der Deutschen Bahn ist keine Anpassung der Abfahrtzeiten in Aussicht gestellt worden. Auf R\u00fcckfrage hat das Landratsamt Aschaffenburg erkl\u00e4rt, dass erh\u00f6hte Bef\u00f6rderungskosten f\u00fcr bayrische Sch\u00fclerinnen und Sch\u00fcler, die z.B. Zugverbindungen \u00fcber Hanau nutzen wollen, nicht erstattet werden. Die durch den ver\u00e4nderten Fahrplan entstehenden Wartezeiten werden vom Landratsamt Aschaffenburg als zumutbar eingesch\u00e4tzt. Wir sehen uns daher gezwungen, wie vor den Weihnachtsferien bereits angek\u00fcndigt, die Unterrichtszeiten ab Montag, den 27. Januar 2020, wie folgt zu \u00e4ndern: Schulstunde\/PauseZeit 1. Stunde2. Stunde07.30 &#8211; 08.15 Uhr08.15 &#8211; 09.00 Uhr Pause09.00 &#8211; 09.20 Uhr 3. Stunde4. Stunde09.20 &#8211; 10.05 Uhr10.05 &#8211; 10.50 Uhr Pause10.50 &#8211; 11.10 Uhr 5. Stunde6. Stunde11.10 &#8211; 11.55 Uhr11.55 &#8211; 12.40 Uhr (m\u00f6gliche Pause) 7. Stunde12.40 &#8211; 13.25 Uhr (m\u00f6gliche Pause) 8. Stunde13.25 &#8211; 14.10 Uhr 9. Stunde14.10 &#8211; 14.55 Uhr Pause14.55 &#8211; 15.00 Uhr 10. Stunde15.00 &#8211; 15.45 Uhr 11. Stunde15.45 &#8211; 16.25 Uhr Die neuen Zeiten stellen ein Kompromiss zwischen den Mindestpausenzeiten f\u00fcr Sch\u00fclerinnen und Sch\u00fcler, den notwendigen Zeitfenstern f\u00fcr Unterricht und den Anbindungen an den \u00d6PNV dar. Uns ist bewusst, dass damit f\u00fcr die Sch\u00fclerinnen und Sch\u00fcler, die eine Verbindung mit der Bahn in Richtung Aschaffenburg nehmen m\u00fcssen, erhebliche Wartezeiten entstehen. Eine dauerhafte Verk\u00fcrzung von Unterrichtszeiten, wie wir es f\u00fcr die \u00dcbergangszeit gew\u00e4hrt hatten, ist rechtlich nicht durchf\u00fchrbar. Neben dem Fahrsch\u00fclerraum werden wir die R\u00e4ume B001 und B002 als zus\u00e4tzliche Warter\u00e4ume zum Aufenthalt und zum Erledigen von Hausaufgaben zur Verf\u00fcgung stellen. Die Cafeteria wird f\u00fcr alle Sch\u00fclerinnen und Sch\u00fcler ausreichend Mahlzeiten bereithalten.","protected":false},"author":3,"featured_media":13478,"comment_status":"closed","ping_status":"closed","sticky":false,"template":"","format":"standard","meta":{"ngg_post_thumbnail":0,"footnotes":""},"categories":[1],"tags":[],"class_list":["post-24909","post","type-post","status-publish","format-standard","has-post-thumbnail","hentry","category-allgemein"],"publishpress_future_action":{"enabled":false,"date":"2026-05-08 10:25:46","action":"change-status","newStatus":"draft","terms":[],"taxonomy":"category","extraData":[]},"publishpress_future_workflow_manual_trigger":{"enabledWorkflows":[]},"_links":{"self":[{"href":"https:\/\/franziskanergymnasium-kreuzburg.de\/cms\/wp-json\/wp\/v2\/posts\/24909","targetHints":{"allow":["GET"]}}],"collection":[{"href":"https:\/\/franziskanergymnasium-kreuzburg.de\/cms\/wp-json\/wp\/v2\/posts"}],"about":[{"href":"https:\/\/franziskanergymnasium-kreuzburg.de\/cms\/wp-json\/wp\/v2\/types\/post"}],"author":[{"embeddable":true,"href":"https:\/\/franziskanergymnasium-kreuzburg.de\/cms\/wp-json\/wp\/v2\/users\/3"}],"replies":[{"embeddable":true,"href":"https:\/\/franziskanergymnasium-kreuzburg.de\/cms\/wp-json\/wp\/v2\/comments?post=24909"}],"version-history":[{"count":4,"href":"https:\/\/franziskanergymnasium-kreuzburg.de\/cms\/wp-json\/wp\/v2\/posts\/24909\/revisions"}],"predecessor-version":[{"id":24922,"href":"https:\/\/franziskanergymnasium-kreuzburg.de\/cms\/wp-json\/wp\/v2\/posts\/24909\/revisions\/24922"}],"wp:featuredmedia":[{"embeddable":true,"href":"https:\/\/franziskanergymnasium-kreuzburg.de\/cms\/wp-json\/wp\/v2\/media\/13478"}],"wp:attachment":[{"href":"https:\/\/franziskanergymnasium-kreuzburg.de\/cms\/wp-json\/wp\/v2\/media?parent=24909"}],"wp:term":[{"taxonomy":"category","embeddable":true,"href":"https:\/\/franziskanergymnasium-kreuzburg.de\/cms\/wp-json\/wp\/v2\/categories?post=24909"},{"taxonomy":"post_tag","embeddable":true,"href":"https:\/\/franziskanergymnasium-kreuzburg.de\/cms\/wp-json\/wp\/v2\/tags?post=24909"}],"curies":[{"name":"wp","href":"https:\/\/api.w.org\/{rel}","templated":true}]}}