{"id":25061,"date":"2020-02-06T07:36:11","date_gmt":"2020-02-06T06:36:11","guid":{"rendered":"https:\/\/franziskanergymnasium-kreuzburg.de\/cms\/?p=25061"},"modified":"2020-02-06T07:36:11","modified_gmt":"2020-02-06T06:36:11","slug":"roboter-als-zukuenftige-pflegekraefte","status":"publish","type":"post","link":"https:\/\/franziskanergymnasium-kreuzburg.de\/cms\/roboter-als-zukuenftige-pflegekraefte\/","title":{"rendered":"Roboter als zuk\u00fcnftige Pflegekr\u00e4fte?"},"content":{"rendered":"<p>\r\n\r\nDer Fachkr\u00e4ftemangel in der Pflege steht fast t\u00e4glich in den Zeitungen und macht nicht nur Politikern sondern auch Senioren, die pflegebed\u00fcrftig sind, und deren Angeh\u00f6rigen gro\u00dfe Sorgen. Diese Sorge soll, wenn es um die Entwickler sozialer Roboter geht, bald vorbei sein. L\u00e4ngst sind soziale Roboter, wie die Robbe Paro oder Roboterwagen f\u00fcr Medikamente und W\u00e4sche in Pflegeheimen in der Erprobungsphase und werden gut angenommen. Doch wie weit k\u00f6nnen Roboter in der Pflege eingesetzt werden und welche Aufgaben k\u00f6nnen ihnen \u00fcbertragen werden?<\/p><p>\r\n<a attid=\"25059\"  href=\"https:\/\/franziskanergymnasium-kreuzburg.de\/cms\/wp-content\/uploads\/2020\/02\/2020_02Team1h.jpg\" rel=\"lightbox[25061]\"><img decoding=\"async\" src=\"https:\/\/franziskanergymnasium-kreuzburg.de\/cms\/wp-content\/uploads\/2020\/02\/2020_02Team1h-300x225.jpg\" alt=\"\" width=\"240\" class=\"alignleft size-medium wp-image-25059\" srcset=\"https:\/\/franziskanergymnasium-kreuzburg.de\/cms\/wp-content\/uploads\/2020\/02\/2020_02Team1h-300x225.jpg 300w, https:\/\/franziskanergymnasium-kreuzburg.de\/cms\/wp-content\/uploads\/2020\/02\/2020_02Team1h-1024x768.jpg 1024w, https:\/\/franziskanergymnasium-kreuzburg.de\/cms\/wp-content\/uploads\/2020\/02\/2020_02Team1h-768x576.jpg 768w, https:\/\/franziskanergymnasium-kreuzburg.de\/cms\/wp-content\/uploads\/2020\/02\/2020_02Team1h.jpg 1200w\" sizes=\"(max-width: 300px) 100vw, 300px\" \/><\/a>Am vergangenen Freitag stellten sich vier Sch\u00fclerinnen und Sch\u00fcler im Schulfinale des Wettbewerbs \u201eJugend debattiert\u201c dieser komplexen Frage. Dabei stellte die Pro-Seite (vertreten durch Elias B. und Justus B.) vor allem heraus, dass es sich beim Einsatz von Robotern nur um Hilfst\u00e4tigkeiten handeln k\u00f6nne, die keine komplexe Entscheidungsfindung ben\u00f6tigen w\u00fcrden. Sie zeigten auf, dass Pflegeroboter zeitintensive Aufgaben \u00fcbernehmen k\u00f6nnten, sodass die eigentlichen menschlichen Pflegekr\u00e4fte mehr Zeit f\u00fcr den nahen Kontakt zu den Pflegebed\u00fcrftigen und deren Behandlung investieren k\u00f6nnten. <a attid=\"25060\"  href=\"https:\/\/franziskanergymnasium-kreuzburg.de\/cms\/wp-content\/uploads\/2020\/02\/2020_02Team2h.jpg\" rel=\"lightbox[25061]\"><img decoding=\"async\" src=\"https:\/\/franziskanergymnasium-kreuzburg.de\/cms\/wp-content\/uploads\/2020\/02\/2020_02Team2h-300x186.jpg\" alt=\"\" width=\"255\"  class=\"alignright size-medium wp-image-25060\" srcset=\"https:\/\/franziskanergymnasium-kreuzburg.de\/cms\/wp-content\/uploads\/2020\/02\/2020_02Team2h-300x186.jpg 300w, https:\/\/franziskanergymnasium-kreuzburg.de\/cms\/wp-content\/uploads\/2020\/02\/2020_02Team2h-1024x635.jpg 1024w, https:\/\/franziskanergymnasium-kreuzburg.de\/cms\/wp-content\/uploads\/2020\/02\/2020_02Team2h-768x476.jpg 768w, https:\/\/franziskanergymnasium-kreuzburg.de\/cms\/wp-content\/uploads\/2020\/02\/2020_02Team2h.jpg 1200w\" sizes=\"(max-width: 300px) 100vw, 300px\" \/><\/a>Die Contra-Seite (vertreten durch Hanna B. und Annika S.) hielt entgegen, dass der Kostenfaktor f\u00fcr die Pflegeroboter zu ber\u00fccksichtigen sei und Roboter auch fehlerhaft agieren k\u00f6nnten. Auch die kalte Atmosph\u00e4re der Roboter k\u00f6nnte dazu beitragen, dass die Senioren sich nicht gut betreut f\u00fchlen w\u00fcrden, da die Pflegeaufgaben vor allem durch soziale Interaktion gepr\u00e4gt seien. <\/p><p>\r\nAm Ende der Debatte \u00fcberzeugten Annika S. und Elias B. mit ihrem engagierten Auftreten und ihren fundierten Argumenten in der Schulfinal-Debatte. Sie werden in den Regionalwettbewerb von Jugend debattiert einziehen und dort unsere Schule vertreten. Wir w\u00fcnschen den beiden viel Erfolg dabei!<\/p><p>\r\n<a attid=\"25058\"  href=\"https:\/\/franziskanergymnasium-kreuzburg.de\/cms\/wp-content\/uploads\/2020\/02\/2020_02Jugenddebattierth.jpg\" rel=\"lightbox[25061]\"><img loading=\"lazy\" decoding=\"async\" src=\"https:\/\/franziskanergymnasium-kreuzburg.de\/cms\/wp-content\/uploads\/2020\/02\/2020_02Jugenddebattierth-300x179.jpg\" alt=\"\" width=\"300\" height=\"179\" class=\"alignleft size-medium wp-image-25058\" srcset=\"https:\/\/franziskanergymnasium-kreuzburg.de\/cms\/wp-content\/uploads\/2020\/02\/2020_02Jugenddebattierth-300x179.jpg 300w, https:\/\/franziskanergymnasium-kreuzburg.de\/cms\/wp-content\/uploads\/2020\/02\/2020_02Jugenddebattierth-1024x611.jpg 1024w, https:\/\/franziskanergymnasium-kreuzburg.de\/cms\/wp-content\/uploads\/2020\/02\/2020_02Jugenddebattierth-768x458.jpg 768w, https:\/\/franziskanergymnasium-kreuzburg.de\/cms\/wp-content\/uploads\/2020\/02\/2020_02Jugenddebattierth.jpg 1200w\" sizes=\"auto, (max-width: 300px) 100vw, 300px\" \/><\/a><a attid=\"25057\"  href=\"https:\/\/franziskanergymnasium-kreuzburg.de\/cms\/wp-content\/uploads\/2020\/02\/2020_02Jugenddebattiert2h.jpg\" rel=\"lightbox[25061]\"><img loading=\"lazy\" decoding=\"async\" src=\"https:\/\/franziskanergymnasium-kreuzburg.de\/cms\/wp-content\/uploads\/2020\/02\/2020_02Jugenddebattiert2h-300x209.jpg\" alt=\"\" width=\"300\" height=\"209\" class=\"alignleft size-medium wp-image-25057\" srcset=\"https:\/\/franziskanergymnasium-kreuzburg.de\/cms\/wp-content\/uploads\/2020\/02\/2020_02Jugenddebattiert2h-300x209.jpg 300w, https:\/\/franziskanergymnasium-kreuzburg.de\/cms\/wp-content\/uploads\/2020\/02\/2020_02Jugenddebattiert2h-1024x714.jpg 1024w, https:\/\/franziskanergymnasium-kreuzburg.de\/cms\/wp-content\/uploads\/2020\/02\/2020_02Jugenddebattiert2h-768x536.jpg 768w, https:\/\/franziskanergymnasium-kreuzburg.de\/cms\/wp-content\/uploads\/2020\/02\/2020_02Jugenddebattiert2h.jpg 1200w\" sizes=\"auto, (max-width: 300px) 100vw, 300px\" \/><\/a>\r\n\r\n","protected":false},"excerpt":{"rendered":"Der Fachkr\u00e4ftemangel in der Pflege steht fast t\u00e4glich in den Zeitungen und macht nicht nur Politikern sondern auch Senioren, die pflegebed\u00fcrftig sind, und deren Angeh\u00f6rigen gro\u00dfe Sorgen. Diese Sorge soll, wenn es um die Entwickler sozialer Roboter geht, bald vorbei sein. L\u00e4ngst sind soziale Roboter, wie die Robbe Paro oder Roboterwagen f\u00fcr Medikamente und W\u00e4sche in Pflegeheimen in der Erprobungsphase und werden gut angenommen. Doch wie weit k\u00f6nnen Roboter in der Pflege eingesetzt werden und welche Aufgaben k\u00f6nnen ihnen \u00fcbertragen werden? Am vergangenen Freitag stellten sich vier Sch\u00fclerinnen und Sch\u00fcler im Schulfinale des Wettbewerbs \u201eJugend debattiert\u201c dieser komplexen Frage. Dabei stellte die Pro-Seite (vertreten durch Elias B. und Justus B.) vor allem heraus, dass es sich beim Einsatz von Robotern nur um Hilfst\u00e4tigkeiten handeln k\u00f6nne, die keine komplexe Entscheidungsfindung ben\u00f6tigen w\u00fcrden. Sie zeigten auf, dass Pflegeroboter zeitintensive Aufgaben \u00fcbernehmen k\u00f6nnten, sodass die eigentlichen menschlichen Pflegekr\u00e4fte mehr Zeit f\u00fcr den nahen Kontakt zu den Pflegebed\u00fcrftigen und deren Behandlung investieren k\u00f6nnten. Die Contra-Seite (vertreten durch Hanna B. und Annika S.) hielt entgegen, dass der Kostenfaktor f\u00fcr die Pflegeroboter zu ber\u00fccksichtigen sei und Roboter auch fehlerhaft agieren k\u00f6nnten. Auch die kalte Atmosph\u00e4re der Roboter k\u00f6nnte dazu beitragen, dass die Senioren sich nicht gut betreut f\u00fchlen w\u00fcrden, da die Pflegeaufgaben vor allem durch soziale Interaktion gepr\u00e4gt seien. Am Ende der Debatte \u00fcberzeugten Annika S. und Elias B. mit ihrem engagierten Auftreten und ihren fundierten Argumenten in der Schulfinal-Debatte. Sie werden in den Regionalwettbewerb von Jugend debattiert einziehen und dort unsere Schule vertreten. Wir w\u00fcnschen den beiden viel Erfolg dabei!","protected":false},"author":3,"featured_media":25057,"comment_status":"closed","ping_status":"closed","sticky":false,"template":"","format":"standard","meta":{"ngg_post_thumbnail":0,"footnotes":""},"categories":[1],"tags":[],"class_list":["post-25061","post","type-post","status-publish","format-standard","has-post-thumbnail","hentry","category-allgemein"],"publishpress_future_action":{"enabled":false,"date":"2026-05-03 10:05:42","action":"change-status","newStatus":"draft","terms":[],"taxonomy":"category","extraData":[]},"publishpress_future_workflow_manual_trigger":{"enabledWorkflows":[]},"_links":{"self":[{"href":"https:\/\/franziskanergymnasium-kreuzburg.de\/cms\/wp-json\/wp\/v2\/posts\/25061","targetHints":{"allow":["GET"]}}],"collection":[{"href":"https:\/\/franziskanergymnasium-kreuzburg.de\/cms\/wp-json\/wp\/v2\/posts"}],"about":[{"href":"https:\/\/franziskanergymnasium-kreuzburg.de\/cms\/wp-json\/wp\/v2\/types\/post"}],"author":[{"embeddable":true,"href":"https:\/\/franziskanergymnasium-kreuzburg.de\/cms\/wp-json\/wp\/v2\/users\/3"}],"replies":[{"embeddable":true,"href":"https:\/\/franziskanergymnasium-kreuzburg.de\/cms\/wp-json\/wp\/v2\/comments?post=25061"}],"version-history":[{"count":5,"href":"https:\/\/franziskanergymnasium-kreuzburg.de\/cms\/wp-json\/wp\/v2\/posts\/25061\/revisions"}],"predecessor-version":[{"id":25066,"href":"https:\/\/franziskanergymnasium-kreuzburg.de\/cms\/wp-json\/wp\/v2\/posts\/25061\/revisions\/25066"}],"wp:featuredmedia":[{"embeddable":true,"href":"https:\/\/franziskanergymnasium-kreuzburg.de\/cms\/wp-json\/wp\/v2\/media\/25057"}],"wp:attachment":[{"href":"https:\/\/franziskanergymnasium-kreuzburg.de\/cms\/wp-json\/wp\/v2\/media?parent=25061"}],"wp:term":[{"taxonomy":"category","embeddable":true,"href":"https:\/\/franziskanergymnasium-kreuzburg.de\/cms\/wp-json\/wp\/v2\/categories?post=25061"},{"taxonomy":"post_tag","embeddable":true,"href":"https:\/\/franziskanergymnasium-kreuzburg.de\/cms\/wp-json\/wp\/v2\/tags?post=25061"}],"curies":[{"name":"wp","href":"https:\/\/api.w.org\/{rel}","templated":true}]}}