{"id":25301,"date":"2020-02-24T07:30:13","date_gmt":"2020-02-24T06:30:13","guid":{"rendered":"https:\/\/franziskanergymnasium-kreuzburg.de\/cms\/?p=25301"},"modified":"2020-02-24T08:37:35","modified_gmt":"2020-02-24T07:37:35","slug":"impulse-fuer-die-oesterliche-busszeit-2020","status":"publish","type":"post","link":"https:\/\/franziskanergymnasium-kreuzburg.de\/cms\/impulse-fuer-die-oesterliche-busszeit-2020\/","title":{"rendered":"Impulse f\u00fcr die \u00d6sterliche Bu\u00dfzeit 2020"},"content":{"rendered":"<a attid=\"25309\"  href=\"https:\/\/franziskanergymnasium-kreuzburg.de\/cms\/wp-content\/uploads\/2020\/02\/00_Ank\u00fcndigung.jpg\" rel=\"lightbox[25301]\"><img decoding=\"async\" src=\"https:\/\/franziskanergymnasium-kreuzburg.de\/cms\/wp-content\/uploads\/2020\/02\/00_Ank\u00fcndigung-300x262.jpg\" alt=\"\" width=\"250\" class=\"alignright size-medium wp-image-25309\" srcset=\"https:\/\/franziskanergymnasium-kreuzburg.de\/cms\/wp-content\/uploads\/2020\/02\/00_Ank\u00fcndigung-300x262.jpg 300w, https:\/\/franziskanergymnasium-kreuzburg.de\/cms\/wp-content\/uploads\/2020\/02\/00_Ank\u00fcndigung-1024x895.jpg 1024w, https:\/\/franziskanergymnasium-kreuzburg.de\/cms\/wp-content\/uploads\/2020\/02\/00_Ank\u00fcndigung-768x671.jpg 768w, https:\/\/franziskanergymnasium-kreuzburg.de\/cms\/wp-content\/uploads\/2020\/02\/00_Ank\u00fcndigung.jpg 1400w\" sizes=\"(max-width: 300px) 100vw, 300px\" \/><\/a>\r\n\r\n<h3>\r\n\r\n\u201eDie Farben des Lebens\u201c.<\/h3><p>\r\n\r\nMit der Fastenzeit verbinden viele eher eine graue Zeit; gepr\u00e4gt von Verzicht, Bu\u00dfe, mehr NEIN und weniger JA. Doch die \u00f6sterliche Bu\u00dfzeit will genau das Gegenteil. In der Konzentration auf Wesentliches k\u00f6nnen wir nachsp\u00fcren, was uns wirklich wichtig ist. <\/p><p>\r\n\r\nVerschiedene Farben wollen uns in diesem Jahr helfen, unterschiedliche Bereiche unseres Daseins auszuleuchten. So wollen wir dem Leben neu Farbe geben.<\/p><p>\r\n\r\nJeweils am fr\u00fchen Montagmorgen k\u00f6nnen Sie die Impulse auf der Homepage der Schule abrufen.<\/p><p>\r\n\r\nViel Freude beim Mitmachen \u2013 und das nicht nur in der Schule!<\/p>\r\n","protected":false},"excerpt":{"rendered":"\u201eDie Farben des Lebens\u201c. Mit der Fastenzeit verbinden viele eher eine graue Zeit; gepr\u00e4gt von Verzicht, Bu\u00dfe, mehr NEIN und weniger JA. Doch die \u00f6sterliche Bu\u00dfzeit will genau das Gegenteil. In der Konzentration auf Wesentliches k\u00f6nnen wir nachsp\u00fcren, was uns wirklich wichtig ist. Verschiedene Farben wollen uns in diesem Jahr helfen, unterschiedliche Bereiche unseres Daseins auszuleuchten. So wollen wir dem Leben neu Farbe geben. Jeweils am fr\u00fchen Montagmorgen k\u00f6nnen Sie die Impulse auf der Homepage der Schule abrufen. Viel Freude beim Mitmachen \u2013 und das nicht nur in der Schule!","protected":false},"author":3,"featured_media":25388,"comment_status":"closed","ping_status":"closed","sticky":false,"template":"","format":"standard","meta":{"ngg_post_thumbnail":0,"footnotes":""},"categories":[1],"tags":[],"class_list":["post-25301","post","type-post","status-publish","format-standard","has-post-thumbnail","hentry","category-allgemein"],"publishpress_future_action":{"enabled":false,"date":"2026-05-05 11:27:37","action":"change-status","newStatus":"draft","terms":[],"taxonomy":"category","extraData":[]},"publishpress_future_workflow_manual_trigger":{"enabledWorkflows":[]},"_links":{"self":[{"href":"https:\/\/franziskanergymnasium-kreuzburg.de\/cms\/wp-json\/wp\/v2\/posts\/25301","targetHints":{"allow":["GET"]}}],"collection":[{"href":"https:\/\/franziskanergymnasium-kreuzburg.de\/cms\/wp-json\/wp\/v2\/posts"}],"about":[{"href":"https:\/\/franziskanergymnasium-kreuzburg.de\/cms\/wp-json\/wp\/v2\/types\/post"}],"author":[{"embeddable":true,"href":"https:\/\/franziskanergymnasium-kreuzburg.de\/cms\/wp-json\/wp\/v2\/users\/3"}],"replies":[{"embeddable":true,"href":"https:\/\/franziskanergymnasium-kreuzburg.de\/cms\/wp-json\/wp\/v2\/comments?post=25301"}],"version-history":[{"count":5,"href":"https:\/\/franziskanergymnasium-kreuzburg.de\/cms\/wp-json\/wp\/v2\/posts\/25301\/revisions"}],"predecessor-version":[{"id":25311,"href":"https:\/\/franziskanergymnasium-kreuzburg.de\/cms\/wp-json\/wp\/v2\/posts\/25301\/revisions\/25311"}],"wp:featuredmedia":[{"embeddable":true,"href":"https:\/\/franziskanergymnasium-kreuzburg.de\/cms\/wp-json\/wp\/v2\/media\/25388"}],"wp:attachment":[{"href":"https:\/\/franziskanergymnasium-kreuzburg.de\/cms\/wp-json\/wp\/v2\/media?parent=25301"}],"wp:term":[{"taxonomy":"category","embeddable":true,"href":"https:\/\/franziskanergymnasium-kreuzburg.de\/cms\/wp-json\/wp\/v2\/categories?post=25301"},{"taxonomy":"post_tag","embeddable":true,"href":"https:\/\/franziskanergymnasium-kreuzburg.de\/cms\/wp-json\/wp\/v2\/tags?post=25301"}],"curies":[{"name":"wp","href":"https:\/\/api.w.org\/{rel}","templated":true}]}}