{"id":25380,"date":"2020-02-23T21:25:43","date_gmt":"2020-02-23T20:25:43","guid":{"rendered":"https:\/\/franziskanergymnasium-kreuzburg.de\/cms\/?p=25380"},"modified":"2020-02-24T14:13:53","modified_gmt":"2020-02-24T13:13:53","slug":"hanau-19-02-2020","status":"publish","type":"post","link":"https:\/\/franziskanergymnasium-kreuzburg.de\/cms\/hanau-19-02-2020\/","title":{"rendered":"Hanau 19-02-2020"},"content":{"rendered":"<a attid=\"25383\"  href=\"https:\/\/franziskanergymnasium-kreuzburg.de\/cms\/wp-content\/uploads\/2020\/02\/2020_02_19Hanau.jpg\" rel=\"lightbox[25380]\"><img loading=\"lazy\" decoding=\"async\" src=\"https:\/\/franziskanergymnasium-kreuzburg.de\/cms\/wp-content\/uploads\/2020\/02\/2020_02_19Hanau-169x300.jpg\" alt=\"\" width=\"169\" height=\"300\" class=\"alignright size-medium wp-image-25383\" srcset=\"https:\/\/franziskanergymnasium-kreuzburg.de\/cms\/wp-content\/uploads\/2020\/02\/2020_02_19Hanau-169x300.jpg 169w, https:\/\/franziskanergymnasium-kreuzburg.de\/cms\/wp-content\/uploads\/2020\/02\/2020_02_19Hanau-576x1024.jpg 576w, https:\/\/franziskanergymnasium-kreuzburg.de\/cms\/wp-content\/uploads\/2020\/02\/2020_02_19Hanau-768x1365.jpg 768w, https:\/\/franziskanergymnasium-kreuzburg.de\/cms\/wp-content\/uploads\/2020\/02\/2020_02_19Hanau-864x1536.jpg 864w, https:\/\/franziskanergymnasium-kreuzburg.de\/cms\/wp-content\/uploads\/2020\/02\/2020_02_19Hanau.jpg 1080w\" sizes=\"auto, (max-width: 169px) 100vw, 169px\" \/><\/a><p>Wir gedenken der Opfer, die bei dem Anschlag am 19.2.2020 in Hanau ihr Leben verloren haben, und f\u00fchlen mit ihren Angeh\u00f6rigen und Freunden.<br>\r\n<p>Gerne unterst\u00fctzen wir daher auch den Aufruf unserer SV:<\/p><p>\r\n<em>Aus Solidarit\u00e4t und Mitgef\u00fchl mit den Opfern, Verletzten und deren Angeh\u00f6rigen vom <nobr>19. Februar 2020<\/nobr>, aber auch denen, die tagt\u00e4glich mit Rassismus konfrontiert werden, bekennen wir als Sch\u00fclerschaft gemeinsam Farbe.<br>\r\nDeshalb bitten wir alle Sch\u00fclerinnen und Sch\u00fcler, am Donnerstag, den 27. Februar 2020, so bunt gekleidet wie m\u00f6glich in die Schule zu kommen, um zu zeigen, dass Rassismus, Hass und Fremdenfeindlichkeit keine Chance in unserer Gesellschaft haben.<\/em><\/p>","protected":false},"excerpt":{"rendered":"Wir gedenken der Opfer, die bei dem Anschlag am 19.2.2020 in Hanau ihr Leben verloren haben, und f\u00fchlen mit ihren Angeh\u00f6rigen und Freunden. Gerne unterst\u00fctzen wir daher auch den Aufruf unserer SV: Aus Solidarit\u00e4t und Mitgef\u00fchl mit den Opfern, Verletzten und deren Angeh\u00f6rigen vom 19. Februar 2020, aber auch denen, die tagt\u00e4glich mit Rassismus konfrontiert werden, bekennen wir als Sch\u00fclerschaft gemeinsam Farbe. Deshalb bitten wir alle Sch\u00fclerinnen und Sch\u00fcler, am Donnerstag, den 27. Februar 2020, so bunt gekleidet wie m\u00f6glich in die Schule zu kommen, um zu zeigen, dass Rassismus, Hass und Fremdenfeindlichkeit keine Chance in unserer Gesellschaft haben.","protected":false},"author":3,"featured_media":25382,"comment_status":"closed","ping_status":"closed","sticky":false,"template":"","format":"standard","meta":{"ngg_post_thumbnail":0,"footnotes":""},"categories":[1],"tags":[],"class_list":["post-25380","post","type-post","status-publish","format-standard","has-post-thumbnail","hentry","category-allgemein"],"publishpress_future_action":{"enabled":false,"date":"2026-05-05 10:06:53","action":"change-status","newStatus":"draft","terms":[],"taxonomy":"category","extraData":[]},"publishpress_future_workflow_manual_trigger":{"enabledWorkflows":[]},"_links":{"self":[{"href":"https:\/\/franziskanergymnasium-kreuzburg.de\/cms\/wp-json\/wp\/v2\/posts\/25380","targetHints":{"allow":["GET"]}}],"collection":[{"href":"https:\/\/franziskanergymnasium-kreuzburg.de\/cms\/wp-json\/wp\/v2\/posts"}],"about":[{"href":"https:\/\/franziskanergymnasium-kreuzburg.de\/cms\/wp-json\/wp\/v2\/types\/post"}],"author":[{"embeddable":true,"href":"https:\/\/franziskanergymnasium-kreuzburg.de\/cms\/wp-json\/wp\/v2\/users\/3"}],"replies":[{"embeddable":true,"href":"https:\/\/franziskanergymnasium-kreuzburg.de\/cms\/wp-json\/wp\/v2\/comments?post=25380"}],"version-history":[{"count":12,"href":"https:\/\/franziskanergymnasium-kreuzburg.de\/cms\/wp-json\/wp\/v2\/posts\/25380\/revisions"}],"predecessor-version":[{"id":25416,"href":"https:\/\/franziskanergymnasium-kreuzburg.de\/cms\/wp-json\/wp\/v2\/posts\/25380\/revisions\/25416"}],"wp:featuredmedia":[{"embeddable":true,"href":"https:\/\/franziskanergymnasium-kreuzburg.de\/cms\/wp-json\/wp\/v2\/media\/25382"}],"wp:attachment":[{"href":"https:\/\/franziskanergymnasium-kreuzburg.de\/cms\/wp-json\/wp\/v2\/media?parent=25380"}],"wp:term":[{"taxonomy":"category","embeddable":true,"href":"https:\/\/franziskanergymnasium-kreuzburg.de\/cms\/wp-json\/wp\/v2\/categories?post=25380"},{"taxonomy":"post_tag","embeddable":true,"href":"https:\/\/franziskanergymnasium-kreuzburg.de\/cms\/wp-json\/wp\/v2\/tags?post=25380"}],"curies":[{"name":"wp","href":"https:\/\/api.w.org\/{rel}","templated":true}]}}