{"id":25593,"date":"2020-03-10T12:42:57","date_gmt":"2020-03-10T11:42:57","guid":{"rendered":"https:\/\/franziskanergymnasium-kreuzburg.de\/cms\/?p=25593"},"modified":"2020-03-11T19:18:53","modified_gmt":"2020-03-11T18:18:53","slug":"debattieren-gerade-jetzt","status":"publish","type":"post","link":"https:\/\/franziskanergymnasium-kreuzburg.de\/cms\/debattieren-gerade-jetzt\/","title":{"rendered":"Debattieren?! \u2013 Gerade jetzt!"},"content":{"rendered":"<p>\r\nDie aktuellen Ereignisse zeigen, dass eine angemessene konstruktive Debattenkultur wichtiger ist denn je und gef\u00f6rdert werden muss. Auch die Regionalkoordinatorin Heike K\u00fchne betonte dies beim Regionalwettbewerb \u201eJugend debattiert\u201c: \u201eGerade jetzt m\u00fcssen wir zeigen, dass wir miteinander konstruktiv und zielf\u00fchrend debattieren und diskutieren k\u00f6nnen.\u201c<\/p><p>\r\nGenau dies wurde von Elias B. und Annika S. (beide E-Phase) unter Beweis gestellt. \u201eSoll die Polizei in Pressemitteilungen die Nationalit\u00e4t von Tatverd\u00e4chtigen nennen?\u201c, \u201eSollte Hanau den Klimanotstand ausrufen?\u201c und \u201eSollten Jugendliche sich selbst verpflichten, ihre t\u00e4gliche Handynutzungszeit zu beschr\u00e4nken?\u201c \u2013 mit diesen Fragen setzten sich Annika und Elias beim Regionalwettbewerb \u201eJugend debattiert\u201c  an der Otto-Hahn-Schule in Hanau auseinander.<\/p><p>\r\nAnnika S. kam dabei ins Finale und erreichte den dritten Platz. <br>Wir begl\u00fcckw\u00fcnschen die beiden f\u00fcr ihren Beitrag zu einer konstruktiven Debatten-Kultur und w\u00fcnschen ihnen, dass sie dies weitertragen.<\/p>\r\n","protected":false},"excerpt":{"rendered":"Die aktuellen Ereignisse zeigen, dass eine angemessene konstruktive Debattenkultur wichtiger ist denn je und gef\u00f6rdert werden muss. Auch die Regionalkoordinatorin Heike K\u00fchne betonte dies beim Regionalwettbewerb \u201eJugend debattiert\u201c: \u201eGerade jetzt m\u00fcssen wir zeigen, dass wir miteinander konstruktiv und zielf\u00fchrend debattieren und diskutieren k\u00f6nnen.\u201c Genau dies wurde von Elias B. und Annika S. (beide E-Phase) unter Beweis gestellt. \u201eSoll die Polizei in Pressemitteilungen die Nationalit\u00e4t von Tatverd\u00e4chtigen nennen?\u201c, \u201eSollte Hanau den Klimanotstand ausrufen?\u201c und \u201eSollten Jugendliche sich selbst verpflichten, ihre t\u00e4gliche Handynutzungszeit zu beschr\u00e4nken?\u201c \u2013 mit diesen Fragen setzten sich Annika und Elias beim Regionalwettbewerb \u201eJugend debattiert\u201c an der Otto-Hahn-Schule in Hanau auseinander. Annika S. kam dabei ins Finale und erreichte den dritten Platz. Wir begl\u00fcckw\u00fcnschen die beiden f\u00fcr ihren Beitrag zu einer konstruktiven Debatten-Kultur und w\u00fcnschen ihnen, dass sie dies weitertragen.","protected":false},"author":3,"featured_media":14523,"comment_status":"closed","ping_status":"closed","sticky":false,"template":"","format":"standard","meta":{"ngg_post_thumbnail":0,"footnotes":""},"categories":[1],"tags":[],"class_list":["post-25593","post","type-post","status-publish","format-standard","has-post-thumbnail","hentry","category-allgemein"],"publishpress_future_action":{"enabled":false,"date":"2026-05-05 10:04:58","action":"change-status","newStatus":"draft","terms":[],"taxonomy":"category","extraData":[]},"publishpress_future_workflow_manual_trigger":{"enabledWorkflows":[]},"_links":{"self":[{"href":"https:\/\/franziskanergymnasium-kreuzburg.de\/cms\/wp-json\/wp\/v2\/posts\/25593","targetHints":{"allow":["GET"]}}],"collection":[{"href":"https:\/\/franziskanergymnasium-kreuzburg.de\/cms\/wp-json\/wp\/v2\/posts"}],"about":[{"href":"https:\/\/franziskanergymnasium-kreuzburg.de\/cms\/wp-json\/wp\/v2\/types\/post"}],"author":[{"embeddable":true,"href":"https:\/\/franziskanergymnasium-kreuzburg.de\/cms\/wp-json\/wp\/v2\/users\/3"}],"replies":[{"embeddable":true,"href":"https:\/\/franziskanergymnasium-kreuzburg.de\/cms\/wp-json\/wp\/v2\/comments?post=25593"}],"version-history":[{"count":3,"href":"https:\/\/franziskanergymnasium-kreuzburg.de\/cms\/wp-json\/wp\/v2\/posts\/25593\/revisions"}],"predecessor-version":[{"id":25596,"href":"https:\/\/franziskanergymnasium-kreuzburg.de\/cms\/wp-json\/wp\/v2\/posts\/25593\/revisions\/25596"}],"wp:featuredmedia":[{"embeddable":true,"href":"https:\/\/franziskanergymnasium-kreuzburg.de\/cms\/wp-json\/wp\/v2\/media\/14523"}],"wp:attachment":[{"href":"https:\/\/franziskanergymnasium-kreuzburg.de\/cms\/wp-json\/wp\/v2\/media?parent=25593"}],"wp:term":[{"taxonomy":"category","embeddable":true,"href":"https:\/\/franziskanergymnasium-kreuzburg.de\/cms\/wp-json\/wp\/v2\/categories?post=25593"},{"taxonomy":"post_tag","embeddable":true,"href":"https:\/\/franziskanergymnasium-kreuzburg.de\/cms\/wp-json\/wp\/v2\/tags?post=25593"}],"curies":[{"name":"wp","href":"https:\/\/api.w.org\/{rel}","templated":true}]}}