{"id":26092,"date":"2020-05-08T01:46:58","date_gmt":"2020-05-07T23:46:58","guid":{"rendered":"https:\/\/franziskanergymnasium-kreuzburg.de\/cms\/?p=26092"},"modified":"2020-04-24T13:40:58","modified_gmt":"2020-04-24T11:40:58","slug":"blog-fuer-die-seele-8-mai","status":"publish","type":"post","link":"https:\/\/franziskanergymnasium-kreuzburg.de\/cms\/blog-fuer-die-seele-8-mai\/","title":{"rendered":"Blog f\u00fcr die Seele &#8211; 8. Mai"},"content":{"rendered":"<a attid=\"26088\"  href=\"https:\/\/franziskanergymnasium-kreuzburg.de\/cms\/wp-content\/uploads\/2020\/04\/14Morgenwonne.jpg\" rel=\"lightbox[26092]\"><img loading=\"lazy\" decoding=\"async\" src=\"https:\/\/franziskanergymnasium-kreuzburg.de\/cms\/wp-content\/uploads\/2020\/04\/14Morgenwonne-1024x724.jpg\" alt=\"\" width=\"960\" height=\"679\" class=\"alignleft size-large wp-image-26088\" srcset=\"https:\/\/franziskanergymnasium-kreuzburg.de\/cms\/wp-content\/uploads\/2020\/04\/14Morgenwonne-1024x724.jpg 1024w, https:\/\/franziskanergymnasium-kreuzburg.de\/cms\/wp-content\/uploads\/2020\/04\/14Morgenwonne-300x212.jpg 300w, https:\/\/franziskanergymnasium-kreuzburg.de\/cms\/wp-content\/uploads\/2020\/04\/14Morgenwonne-768x543.jpg 768w, https:\/\/franziskanergymnasium-kreuzburg.de\/cms\/wp-content\/uploads\/2020\/04\/14Morgenwonne.jpg 1169w\" sizes=\"auto, (max-width: 960px) 100vw, 960px\" \/><\/a>\r\n<h4>Morgenwonne.<\/h4>\r\n\r\n<br>\r\n\r\n<p>\r\n<em>Der Blog f\u00fcr die Seele wurde f\u00fcr die Zeit der durch das Coronavirus eingeschr\u00e4nkten Kontaktm\u00f6glichkeiten eingerichtet.<br>\r\nDie Kolleginnen und Kollegen der Fachschaften Religion und die Schulseelsorge m\u00f6chten allen Homepagebesuchern hier in regelm\u00e4\u00dfigen Abst\u00e4nden einen kleinen Gedanken, ein Gebet, ein Bild, eine \u201eStreicheleinheit\u201c f\u00fcr die Seele schenken. Sie wollen gute Nachrichten sein.<br>\r\nDer Blog erscheint montags, mittwochs und freitags. <\/em><\/p>\r\n","protected":false},"excerpt":{"rendered":"Morgenwonne. Der Blog f\u00fcr die Seele wurde f\u00fcr die Zeit der durch das Coronavirus eingeschr\u00e4nkten Kontaktm\u00f6glichkeiten eingerichtet. Die Kolleginnen und Kollegen der Fachschaften Religion und die Schulseelsorge m\u00f6chten allen Homepagebesuchern hier in regelm\u00e4\u00dfigen Abst\u00e4nden einen kleinen Gedanken, ein Gebet, ein Bild, eine \u201eStreicheleinheit\u201c f\u00fcr die Seele schenken. Sie wollen gute Nachrichten sein. Der Blog erscheint montags, mittwochs und freitags.","protected":false},"author":3,"featured_media":26089,"comment_status":"closed","ping_status":"closed","sticky":false,"template":"","format":"standard","meta":{"ngg_post_thumbnail":0,"footnotes":""},"categories":[428],"tags":[427],"class_list":["post-26092","post","type-post","status-publish","format-standard","has-post-thumbnail","hentry","category-blog-fuer-die-seele","tag-blog-fuer-die-seele"],"publishpress_future_action":{"enabled":false,"date":"2026-05-05 15:45:24","action":"change-status","newStatus":"draft","terms":[],"taxonomy":"category","extraData":[]},"publishpress_future_workflow_manual_trigger":{"enabledWorkflows":[]},"_links":{"self":[{"href":"https:\/\/franziskanergymnasium-kreuzburg.de\/cms\/wp-json\/wp\/v2\/posts\/26092","targetHints":{"allow":["GET"]}}],"collection":[{"href":"https:\/\/franziskanergymnasium-kreuzburg.de\/cms\/wp-json\/wp\/v2\/posts"}],"about":[{"href":"https:\/\/franziskanergymnasium-kreuzburg.de\/cms\/wp-json\/wp\/v2\/types\/post"}],"author":[{"embeddable":true,"href":"https:\/\/franziskanergymnasium-kreuzburg.de\/cms\/wp-json\/wp\/v2\/users\/3"}],"replies":[{"embeddable":true,"href":"https:\/\/franziskanergymnasium-kreuzburg.de\/cms\/wp-json\/wp\/v2\/comments?post=26092"}],"version-history":[{"count":8,"href":"https:\/\/franziskanergymnasium-kreuzburg.de\/cms\/wp-json\/wp\/v2\/posts\/26092\/revisions"}],"predecessor-version":[{"id":26185,"href":"https:\/\/franziskanergymnasium-kreuzburg.de\/cms\/wp-json\/wp\/v2\/posts\/26092\/revisions\/26185"}],"wp:featuredmedia":[{"embeddable":true,"href":"https:\/\/franziskanergymnasium-kreuzburg.de\/cms\/wp-json\/wp\/v2\/media\/26089"}],"wp:attachment":[{"href":"https:\/\/franziskanergymnasium-kreuzburg.de\/cms\/wp-json\/wp\/v2\/media?parent=26092"}],"wp:term":[{"taxonomy":"category","embeddable":true,"href":"https:\/\/franziskanergymnasium-kreuzburg.de\/cms\/wp-json\/wp\/v2\/categories?post=26092"},{"taxonomy":"post_tag","embeddable":true,"href":"https:\/\/franziskanergymnasium-kreuzburg.de\/cms\/wp-json\/wp\/v2\/tags?post=26092"}],"curies":[{"name":"wp","href":"https:\/\/api.w.org\/{rel}","templated":true}]}}