{"id":28395,"date":"2020-11-30T14:03:23","date_gmt":"2020-11-30T13:03:23","guid":{"rendered":"https:\/\/franziskanergymnasium-kreuzburg.de\/cms\/?p=28395"},"modified":"2021-05-28T09:08:49","modified_gmt":"2021-05-28T07:08:49","slug":"ueberfachliches-kompetenzraster","status":"publish","type":"post","link":"https:\/\/franziskanergymnasium-kreuzburg.de\/cms\/ueberfachliches-kompetenzraster\/","title":{"rendered":"\u00dcberfachliches Kompetenzraster"},"content":{"rendered":"<p>Auf dem Weg zum &#8222;Lernen der Zukunft&#8220; hat die Gesamtkonferenz ein Kompetenzraster mit dem Schwerpunkt \u201eAufbau von Medienkompetenz\u201c verabschiedet. Dieses ist mit seinen Grund- und Teilkompetenzen ab dem Schuljahr 2021\/22 &#8211; zur Einf\u00fchrung der Tablets f\u00fcr alle Sch\u00fclerinnen und Sch\u00fcler &#8211; verbindlich. Am 17. September 2020 wurden an einem p\u00e4dagogischen Tag in verschiedenen Arbeitsgruppen die Inhalte f\u00fcr das Kompetenzraster erarbeitet. Eine Arbeitsgruppe hat im Nachgang die Ergebnisse in einem Dokument als Vorlage f\u00fcr die Abstimmung zusammengestellt.<\/p>\r\n<a attid=\"28388\" href=\"https:\/\/franziskanergymnasium-kreuzburg.de\/cms\/wp-content\/uploads\/2020\/11\/Ueberfachliches-Kompetenzraster.pdf\" target=\"_blank\" rel=\"noopener noreferrer\"><img decoding=\"async\" src=\"https:\/\/franziskanergymnasium-kreuzburg.de\/cms\/wp-content\/uploads\/2020\/11\/2020Ueberfachliches-Kompetenzraster_Seite_1.jpg\" alt=\"\" width=\"250\"  class=\"alignright size-medium wp-image-28384\" \/><\/a>\r\n<p>\r\n<a attid=\"28388\" href=\"https:\/\/franziskanergymnasium-kreuzburg.de\/cms\/wp-content\/uploads\/2020\/11\/Ueberfachliches-Kompetenzraster.pdf\" target=\"_blank\" rel=\"noopener noreferrer\">Hier<\/a> kann dieses Dokument nachgelesen werden. Die Grund- und Teilkompetenzen in den \u00dcberschriften und der 2. Spalte sind verbindlich, w\u00e4hrend die Spalte \u201eKonkretisierung\u201c die Arbeitsgrundlage bildet, die in den weiteren p\u00e4dagogischen Tagen am 24.02.21 bis sp\u00e4testens 31.08.2022 pr\u00e4zisiert und fertiggestellt wird.<\/p><p>\r\nAuf unserer Homepage sind im Men\u00fc <a href=\"https:\/\/franziskanergymnasium-kreuzburg.de\/cms\/mediencurriculum\/\">&#8222;Mediencurriculum&#8220;<\/a> die Inhalte zur Medienbildung an der Kreuzburg abrufbar.<\/p>  \r\n","protected":false},"excerpt":{"rendered":"Auf dem Weg zum &#8222;Lernen der Zukunft&#8220; hat die Gesamtkonferenz ein Kompetenzraster mit dem Schwerpunkt \u201eAufbau von Medienkompetenz\u201c verabschiedet. Dieses ist mit seinen Grund- und Teilkompetenzen ab dem Schuljahr 2021\/22 &#8211; zur Einf\u00fchrung der Tablets f\u00fcr alle Sch\u00fclerinnen und Sch\u00fcler &#8211; verbindlich. Am 17. September 2020 wurden an einem p\u00e4dagogischen Tag in verschiedenen Arbeitsgruppen die Inhalte f\u00fcr das Kompetenzraster erarbeitet. Eine Arbeitsgruppe hat im Nachgang die Ergebnisse in einem Dokument als Vorlage f\u00fcr die Abstimmung zusammengestellt. Hier kann dieses Dokument nachgelesen werden. Die Grund- und Teilkompetenzen in den \u00dcberschriften und der 2. Spalte sind verbindlich, w\u00e4hrend die Spalte \u201eKonkretisierung\u201c die Arbeitsgrundlage bildet, die in den weiteren p\u00e4dagogischen Tagen am 24.02.21 bis sp\u00e4testens 31.08.2022 pr\u00e4zisiert und fertiggestellt wird. Auf unserer Homepage sind im Men\u00fc &#8222;Mediencurriculum&#8220; die Inhalte zur Medienbildung an der Kreuzburg abrufbar.","protected":false},"author":3,"featured_media":5317,"comment_status":"closed","ping_status":"closed","sticky":false,"template":"","format":"standard","meta":{"ngg_post_thumbnail":0,"footnotes":""},"categories":[1,468],"tags":[],"class_list":["post-28395","post","type-post","status-publish","format-standard","has-post-thumbnail","hentry","category-allgemein","category-digitale-schule"],"publishpress_future_action":{"enabled":false,"date":"2026-05-08 16:40:56","action":"change-status","newStatus":"draft","terms":[],"taxonomy":"category","extraData":[]},"publishpress_future_workflow_manual_trigger":{"enabledWorkflows":[]},"_links":{"self":[{"href":"https:\/\/franziskanergymnasium-kreuzburg.de\/cms\/wp-json\/wp\/v2\/posts\/28395","targetHints":{"allow":["GET"]}}],"collection":[{"href":"https:\/\/franziskanergymnasium-kreuzburg.de\/cms\/wp-json\/wp\/v2\/posts"}],"about":[{"href":"https:\/\/franziskanergymnasium-kreuzburg.de\/cms\/wp-json\/wp\/v2\/types\/post"}],"author":[{"embeddable":true,"href":"https:\/\/franziskanergymnasium-kreuzburg.de\/cms\/wp-json\/wp\/v2\/users\/3"}],"replies":[{"embeddable":true,"href":"https:\/\/franziskanergymnasium-kreuzburg.de\/cms\/wp-json\/wp\/v2\/comments?post=28395"}],"version-history":[{"count":9,"href":"https:\/\/franziskanergymnasium-kreuzburg.de\/cms\/wp-json\/wp\/v2\/posts\/28395\/revisions"}],"predecessor-version":[{"id":28407,"href":"https:\/\/franziskanergymnasium-kreuzburg.de\/cms\/wp-json\/wp\/v2\/posts\/28395\/revisions\/28407"}],"wp:featuredmedia":[{"embeddable":true,"href":"https:\/\/franziskanergymnasium-kreuzburg.de\/cms\/wp-json\/wp\/v2\/media\/5317"}],"wp:attachment":[{"href":"https:\/\/franziskanergymnasium-kreuzburg.de\/cms\/wp-json\/wp\/v2\/media?parent=28395"}],"wp:term":[{"taxonomy":"category","embeddable":true,"href":"https:\/\/franziskanergymnasium-kreuzburg.de\/cms\/wp-json\/wp\/v2\/categories?post=28395"},{"taxonomy":"post_tag","embeddable":true,"href":"https:\/\/franziskanergymnasium-kreuzburg.de\/cms\/wp-json\/wp\/v2\/tags?post=28395"}],"curies":[{"name":"wp","href":"https:\/\/api.w.org\/{rel}","templated":true}]}}