{"id":28609,"date":"2020-12-18T17:56:23","date_gmt":"2020-12-18T16:56:23","guid":{"rendered":"https:\/\/franziskanergymnasium-kreuzburg.de\/cms\/?p=28609"},"modified":"2020-12-18T17:58:50","modified_gmt":"2020-12-18T16:58:50","slug":"durchfuehrung-der-fahrten","status":"publish","type":"post","link":"https:\/\/franziskanergymnasium-kreuzburg.de\/cms\/durchfuehrung-der-fahrten\/","title":{"rendered":"Durchf\u00fchrung von Fahrten"},"content":{"rendered":"<p>Vor Beginn der Weihnachtsferien hat sich die erweiterte Schulleitung mit der Durchf\u00fchrung der Fahrten vor den Osterferien in den Jahrgangsstufen 6, 7 und 11 befasst. Um einer Erh\u00f6hung m\u00f6glicher Stornierungskosten vorzubeugen, wurden die gebuchten H\u00e4user um Stellungnahmen zu den bestehenden Konditionen angefragt. Auch wenn die derzeitigen Infektionszahlen keine positive Entwicklung erwarten lassen, bleibt uns, ohne dass sich die Stornokosten erh\u00f6hen, noch ein wenig Zeit f\u00fcr die Entscheidung,  ob die Fahrten abgesagt werden m\u00fcssen. Es f\u00e4llt uns schwer, die Hoffnung aufzugeben. Gerne w\u00fcrden wir unseren Sch\u00fclerinnen und Sch\u00fclern das gemeinsame Erleben einer Klassenfahrt w\u00fcnschen. Dennoch muss mit dem Risiko, sich mit dem Corona-Virus zu infizieren, verantwortlich umgegangen werden.  <\/p><p>\r\n\u00c4hnlich verh\u00e4lt es sich mit der Durchf\u00fchrung der Sozial- und Berufspraktika. \u00dcber eine Teilnahme vor Ostern entscheiden wir ebenfalls in der zweiten Januarh\u00e4lfte. <\/p>\r\n","protected":false},"excerpt":{"rendered":"Vor Beginn der Weihnachtsferien hat sich die erweiterte Schulleitung mit der Durchf\u00fchrung der Fahrten vor den Osterferien in den Jahrgangsstufen 6, 7 und 11 befasst. Um einer Erh\u00f6hung m\u00f6glicher Stornierungskosten vorzubeugen, wurden die gebuchten H\u00e4user um Stellungnahmen zu den bestehenden Konditionen angefragt. Auch wenn die derzeitigen Infektionszahlen keine positive Entwicklung erwarten lassen, bleibt uns, ohne dass sich die Stornokosten erh\u00f6hen, noch ein wenig Zeit f\u00fcr die Entscheidung, ob die Fahrten abgesagt werden m\u00fcssen. Es f\u00e4llt uns schwer, die Hoffnung aufzugeben. Gerne w\u00fcrden wir unseren Sch\u00fclerinnen und Sch\u00fclern das gemeinsame Erleben einer Klassenfahrt w\u00fcnschen. Dennoch muss mit dem Risiko, sich mit dem Corona-Virus zu infizieren, verantwortlich umgegangen werden. \u00c4hnlich verh\u00e4lt es sich mit der Durchf\u00fchrung der Sozial- und Berufspraktika. \u00dcber eine Teilnahme vor Ostern entscheiden wir ebenfalls in der zweiten Januarh\u00e4lfte.","protected":false},"author":3,"featured_media":25589,"comment_status":"closed","ping_status":"closed","sticky":false,"template":"","format":"standard","meta":{"ngg_post_thumbnail":0,"footnotes":""},"categories":[1],"tags":[],"class_list":["post-28609","post","type-post","status-publish","format-standard","has-post-thumbnail","hentry","category-allgemein"],"publishpress_future_action":{"enabled":false,"date":"2026-05-04 00:30:27","action":"change-status","newStatus":"draft","terms":[],"taxonomy":"category","extraData":[]},"publishpress_future_workflow_manual_trigger":{"enabledWorkflows":[]},"_links":{"self":[{"href":"https:\/\/franziskanergymnasium-kreuzburg.de\/cms\/wp-json\/wp\/v2\/posts\/28609","targetHints":{"allow":["GET"]}}],"collection":[{"href":"https:\/\/franziskanergymnasium-kreuzburg.de\/cms\/wp-json\/wp\/v2\/posts"}],"about":[{"href":"https:\/\/franziskanergymnasium-kreuzburg.de\/cms\/wp-json\/wp\/v2\/types\/post"}],"author":[{"embeddable":true,"href":"https:\/\/franziskanergymnasium-kreuzburg.de\/cms\/wp-json\/wp\/v2\/users\/3"}],"replies":[{"embeddable":true,"href":"https:\/\/franziskanergymnasium-kreuzburg.de\/cms\/wp-json\/wp\/v2\/comments?post=28609"}],"version-history":[{"count":2,"href":"https:\/\/franziskanergymnasium-kreuzburg.de\/cms\/wp-json\/wp\/v2\/posts\/28609\/revisions"}],"predecessor-version":[{"id":28612,"href":"https:\/\/franziskanergymnasium-kreuzburg.de\/cms\/wp-json\/wp\/v2\/posts\/28609\/revisions\/28612"}],"wp:featuredmedia":[{"embeddable":true,"href":"https:\/\/franziskanergymnasium-kreuzburg.de\/cms\/wp-json\/wp\/v2\/media\/25589"}],"wp:attachment":[{"href":"https:\/\/franziskanergymnasium-kreuzburg.de\/cms\/wp-json\/wp\/v2\/media?parent=28609"}],"wp:term":[{"taxonomy":"category","embeddable":true,"href":"https:\/\/franziskanergymnasium-kreuzburg.de\/cms\/wp-json\/wp\/v2\/categories?post=28609"},{"taxonomy":"post_tag","embeddable":true,"href":"https:\/\/franziskanergymnasium-kreuzburg.de\/cms\/wp-json\/wp\/v2\/tags?post=28609"}],"curies":[{"name":"wp","href":"https:\/\/api.w.org\/{rel}","templated":true}]}}