{"id":29012,"date":"2021-02-18T13:05:44","date_gmt":"2021-02-18T12:05:44","guid":{"rendered":"https:\/\/franziskanergymnasium-kreuzburg.de\/cms\/?p=29012"},"modified":"2022-11-17T11:51:16","modified_gmt":"2022-11-17T10:51:16","slug":"jugend-forscht-schueler-experimentieren-regionalwettbewerb-rhein-main-west","status":"publish","type":"post","link":"https:\/\/franziskanergymnasium-kreuzburg.de\/cms\/jugend-forscht-schueler-experimentieren-regionalwettbewerb-rhein-main-west\/","title":{"rendered":"Jugend forscht  &#8211; Sch\u00fcler experimentieren \u2013 Regionalwettbewerb Rhein-Main-West"},"content":{"rendered":"<a attid=\"29017\"  href=\"https:\/\/franziskanergymnasium-kreuzburg.de\/cms\/wp-content\/uploads\/2021\/02\/2021Jugendforscht1.png\" rel=\"lightbox[29012]\"><img loading=\"lazy\" decoding=\"async\" src=\"https:\/\/franziskanergymnasium-kreuzburg.de\/cms\/wp-content\/uploads\/2021\/02\/2021Jugendforscht1-300x144.png\" alt=\"\" width=\"300\" height=\"144\" class=\"alignnone size-medium wp-image-29017\" srcset=\"https:\/\/franziskanergymnasium-kreuzburg.de\/cms\/wp-content\/uploads\/2021\/02\/2021Jugendforscht1-300x144.png 300w, https:\/\/franziskanergymnasium-kreuzburg.de\/cms\/wp-content\/uploads\/2021\/02\/2021Jugendforscht1.png 683w\" sizes=\"auto, (max-width: 300px) 100vw, 300px\" \/><\/a><br><p>Jugend forscht \u2013 Wettbewerb \u2013 Pandemie? Das geht.  Philipp K. aus der Klasse 6e hat es bewiesen. Er hat bei dem diesj\u00e4hrigen Regionalwettbewerb Rhein-Main-West in der Kategorie \u201eGeo- und Raumwissenschaften\u201c mit dem Thema \u201eWie wirkt sich das Fehlen von Pflanzen auf das Klima der n\u00e4heren Umgebung aus?\u201c den ersten Platz belegt und dar\u00fcber hinaus noch zwei Sonderpreise gewonnen: den Sonderpreis \u201eBiodiversit\u00e4t und Klima\u201c und den Sonderpreis \u201eGesellschaft Deutscher Chemiker\u201c. <\/p><p>\r\nDa sich die pandemiebedingten Einschr\u00e4nkungen auch in die Sommerferien hineinzogen, entschied sich Philipp, etwas gegen diese Langeweile zu tun.  Interessiert an Erdkunde und Biologie und genervt durch die Einschr\u00e4nkungen, wandte er sich an seine Erdkunde- und Biologielehrerin, die ihm den Vorschlag unterbreitet hat, sich dem Thema zuzuwenden. <\/p>\r\n<a attid=\"29014\"  href=\"https:\/\/franziskanergymnasium-kreuzburg.de\/cms\/wp-content\/uploads\/2021\/02\/2021Jugendforscht2.jpg\" rel=\"lightbox[29012]\"><img loading=\"lazy\" decoding=\"async\" src=\"https:\/\/franziskanergymnasium-kreuzburg.de\/cms\/wp-content\/uploads\/2021\/02\/2021Jugendforscht2-269x300.jpg\" alt=\"\" width=\"269\" height=\"300\" class=\"alignnone size-medium wp-image-29014\" srcset=\"https:\/\/franziskanergymnasium-kreuzburg.de\/cms\/wp-content\/uploads\/2021\/02\/2021Jugendforscht2-269x300.jpg 269w, https:\/\/franziskanergymnasium-kreuzburg.de\/cms\/wp-content\/uploads\/2021\/02\/2021Jugendforscht2-768x857.jpg 768w, https:\/\/franziskanergymnasium-kreuzburg.de\/cms\/wp-content\/uploads\/2021\/02\/2021Jugendforscht2.jpg 910w\" sizes=\"auto, (max-width: 269px) 100vw, 269px\" \/><\/a>\r\n<p>Daraufhin nahm das Projekt Gestalt an: Gang zum Rathaus, eine Karte zum Kartographieren, Gang durch das Viertel mit genauer Markierung \u00fcber die Beschaffenheit der Vorg\u00e4rten, Fotodokumentation und vieles mehr. Im Rahmen der \u201eOffenen Werkstatt\u201c (Freier Lernbereich) arbeitete er dann mit Versuchen an diesem Thema weiter und dokumentierte alles in einer ausf\u00fchrlichen schriftlichen Ausarbeitung f\u00fcr den Wettbewerb. Gerade noch vor der Schulschlie\u00dfung waren die Versuche im Wesentlichen abgeschlossen, sodass nur noch die Fertigstellung der schriftlichen Arbeit in der Homeschooling-Phase stattfand. <\/p>\r\n<a attid=\"29015\"  href=\"https:\/\/franziskanergymnasium-kreuzburg.de\/cms\/wp-content\/uploads\/2021\/02\/2021Jugendforscht3.jpg\" rel=\"lightbox[29012]\"><img loading=\"lazy\" decoding=\"async\" src=\"https:\/\/franziskanergymnasium-kreuzburg.de\/cms\/wp-content\/uploads\/2021\/02\/2021Jugendforscht3-300x155.jpg\" alt=\"\" width=\"300\" height=\"155\" class=\"alignnone size-medium wp-image-29015\" srcset=\"https:\/\/franziskanergymnasium-kreuzburg.de\/cms\/wp-content\/uploads\/2021\/02\/2021Jugendforscht3-300x155.jpg 300w, https:\/\/franziskanergymnasium-kreuzburg.de\/cms\/wp-content\/uploads\/2021\/02\/2021Jugendforscht3-1024x530.jpg 1024w, https:\/\/franziskanergymnasium-kreuzburg.de\/cms\/wp-content\/uploads\/2021\/02\/2021Jugendforscht3-768x397.jpg 768w, https:\/\/franziskanergymnasium-kreuzburg.de\/cms\/wp-content\/uploads\/2021\/02\/2021Jugendforscht3-1536x795.jpg 1536w, https:\/\/franziskanergymnasium-kreuzburg.de\/cms\/wp-content\/uploads\/2021\/02\/2021Jugendforscht3.jpg 1658w\" sizes=\"auto, (max-width: 300px) 100vw, 300px\" \/><\/a>\r\n<p>Am eigentlichen Wettbewerbstag, am 12.Februar, wurde die Jury per Videokonferenz zugeschaltet, um die Pr\u00e4sentation des Versuchsaufbaus zu sehen und um Fragen zu kl\u00e4ren und zu diskutieren. Am 13. Februar fand die Preisverleihung online statt. Philipp K. wird an diesem Projekt weiterarbeiten. Zun\u00e4chst hat er sich f\u00fcr den Landeswettbewerb qualifiziert, der im M\u00e4rz stattfinden wird. <\/p><p>\r\n","protected":false},"excerpt":{"rendered":"Jugend forscht \u2013 Wettbewerb \u2013 Pandemie? Das geht. Philipp K. aus der Klasse 6e hat es bewiesen. Er hat bei dem diesj\u00e4hrigen Regionalwettbewerb Rhein-Main-West in der Kategorie \u201eGeo- und Raumwissenschaften\u201c mit dem Thema \u201eWie wirkt sich das Fehlen von Pflanzen auf das Klima der n\u00e4heren Umgebung aus?\u201c den ersten Platz belegt und dar\u00fcber hinaus noch zwei Sonderpreise gewonnen: den Sonderpreis \u201eBiodiversit\u00e4t und Klima\u201c und den Sonderpreis \u201eGesellschaft Deutscher Chemiker\u201c. Da sich die pandemiebedingten Einschr\u00e4nkungen auch in die Sommerferien hineinzogen, entschied sich Philipp, etwas gegen diese Langeweile zu tun. Interessiert an Erdkunde und Biologie und genervt durch die Einschr\u00e4nkungen, wandte er sich an seine Erdkunde- und Biologielehrerin, die ihm den Vorschlag unterbreitet hat, sich dem Thema zuzuwenden. Daraufhin nahm das Projekt Gestalt an: Gang zum Rathaus, eine Karte zum Kartographieren, Gang durch das Viertel mit genauer Markierung \u00fcber die Beschaffenheit der Vorg\u00e4rten, Fotodokumentation und vieles mehr. Im Rahmen der \u201eOffenen Werkstatt\u201c (Freier Lernbereich) arbeitete er dann mit Versuchen an diesem Thema weiter und dokumentierte alles in einer ausf\u00fchrlichen schriftlichen Ausarbeitung f\u00fcr den Wettbewerb. Gerade noch vor der Schulschlie\u00dfung waren die Versuche im Wesentlichen abgeschlossen, sodass nur noch die Fertigstellung der schriftlichen Arbeit in der Homeschooling-Phase stattfand. Am eigentlichen Wettbewerbstag, am 12.Februar, wurde die Jury per Videokonferenz zugeschaltet, um die Pr\u00e4sentation des Versuchsaufbaus zu sehen und um Fragen zu kl\u00e4ren und zu diskutieren. Am 13. Februar fand die Preisverleihung online statt. Philipp K. wird an diesem Projekt weiterarbeiten. Zun\u00e4chst hat er sich f\u00fcr den Landeswettbewerb qualifiziert, der im M\u00e4rz stattfinden wird.","protected":false},"author":3,"featured_media":29013,"comment_status":"closed","ping_status":"closed","sticky":false,"template":"","format":"standard","meta":{"ngg_post_thumbnail":0,"footnotes":""},"categories":[1,251,520,348],"tags":[],"class_list":["post-29012","post","type-post","status-publish","format-standard","has-post-thumbnail","hentry","category-allgemein","category-fachbereich-3","category-jugend-forscht","category-offene-werkstatt"],"publishpress_future_action":{"enabled":false,"date":"2026-05-04 19:32:50","action":"change-status","newStatus":"draft","terms":[],"taxonomy":"category","extraData":[]},"publishpress_future_workflow_manual_trigger":{"enabledWorkflows":[]},"_links":{"self":[{"href":"https:\/\/franziskanergymnasium-kreuzburg.de\/cms\/wp-json\/wp\/v2\/posts\/29012","targetHints":{"allow":["GET"]}}],"collection":[{"href":"https:\/\/franziskanergymnasium-kreuzburg.de\/cms\/wp-json\/wp\/v2\/posts"}],"about":[{"href":"https:\/\/franziskanergymnasium-kreuzburg.de\/cms\/wp-json\/wp\/v2\/types\/post"}],"author":[{"embeddable":true,"href":"https:\/\/franziskanergymnasium-kreuzburg.de\/cms\/wp-json\/wp\/v2\/users\/3"}],"replies":[{"embeddable":true,"href":"https:\/\/franziskanergymnasium-kreuzburg.de\/cms\/wp-json\/wp\/v2\/comments?post=29012"}],"version-history":[{"count":5,"href":"https:\/\/franziskanergymnasium-kreuzburg.de\/cms\/wp-json\/wp\/v2\/posts\/29012\/revisions"}],"predecessor-version":[{"id":29034,"href":"https:\/\/franziskanergymnasium-kreuzburg.de\/cms\/wp-json\/wp\/v2\/posts\/29012\/revisions\/29034"}],"wp:featuredmedia":[{"embeddable":true,"href":"https:\/\/franziskanergymnasium-kreuzburg.de\/cms\/wp-json\/wp\/v2\/media\/29013"}],"wp:attachment":[{"href":"https:\/\/franziskanergymnasium-kreuzburg.de\/cms\/wp-json\/wp\/v2\/media?parent=29012"}],"wp:term":[{"taxonomy":"category","embeddable":true,"href":"https:\/\/franziskanergymnasium-kreuzburg.de\/cms\/wp-json\/wp\/v2\/categories?post=29012"},{"taxonomy":"post_tag","embeddable":true,"href":"https:\/\/franziskanergymnasium-kreuzburg.de\/cms\/wp-json\/wp\/v2\/tags?post=29012"}],"curies":[{"name":"wp","href":"https:\/\/api.w.org\/{rel}","templated":true}]}}