{"id":29233,"date":"2021-03-16T11:07:39","date_gmt":"2021-03-16T10:07:39","guid":{"rendered":"https:\/\/franziskanergymnasium-kreuzburg.de\/cms\/?p=29233"},"modified":"2021-03-16T11:07:39","modified_gmt":"2021-03-16T10:07:39","slug":"praktikanten","status":"publish","type":"post","link":"https:\/\/franziskanergymnasium-kreuzburg.de\/cms\/praktikanten\/","title":{"rendered":"Praktikanten"},"content":{"rendered":"<a attid=\"29235\"  href=\"https:\/\/franziskanergymnasium-kreuzburg.de\/cms\/wp-content\/uploads\/2021\/03\/2021_03Praktikanten.jpg\" rel=\"lightbox[29233]\"><img loading=\"lazy\" decoding=\"async\" src=\"https:\/\/franziskanergymnasium-kreuzburg.de\/cms\/wp-content\/uploads\/2021\/03\/2021_03Praktikanten-300x176.jpg\" alt=\"\" width=\"300\" height=\"176\" class=\"alignright size-medium wp-image-29235\" srcset=\"https:\/\/franziskanergymnasium-kreuzburg.de\/cms\/wp-content\/uploads\/2021\/03\/2021_03Praktikanten-300x176.jpg 300w, https:\/\/franziskanergymnasium-kreuzburg.de\/cms\/wp-content\/uploads\/2021\/03\/2021_03Praktikanten-1024x601.jpg 1024w, https:\/\/franziskanergymnasium-kreuzburg.de\/cms\/wp-content\/uploads\/2021\/03\/2021_03Praktikanten-768x451.jpg 768w, https:\/\/franziskanergymnasium-kreuzburg.de\/cms\/wp-content\/uploads\/2021\/03\/2021_03Praktikanten.jpg 1200w\" sizes=\"auto, (max-width: 300px) 100vw, 300px\" \/><\/a>Vom 8. M\u00e4rz bis zum 2.Juli 2021 absolvieren Svenja Thom und Matthias P\u00f6hler im Rahmen des Kooperationsvertrages mit der Johann Wolfgang Goethe Universit\u00e4t in Frankfurt ihr Praxissemester an unserer Schule. Svenja Thom studiert die F\u00e4cher Deutsch und Englisch f\u00fcr das Lehramt und Matthias P\u00f6hler Geschichte und Geographie.","protected":false},"excerpt":{"rendered":"Vom 8. M\u00e4rz bis zum 2.Juli 2021 absolvieren Svenja Thom und Matthias P\u00f6hler im Rahmen des Kooperationsvertrages mit der Johann Wolfgang Goethe Universit\u00e4t in Frankfurt ihr Praxissemester an unserer Schule. Svenja Thom studiert die F\u00e4cher Deutsch und Englisch f\u00fcr das Lehramt und Matthias P\u00f6hler Geschichte und Geographie.","protected":false},"author":3,"featured_media":29235,"comment_status":"closed","ping_status":"closed","sticky":false,"template":"","format":"standard","meta":{"ngg_post_thumbnail":0,"footnotes":""},"categories":[1],"tags":[],"class_list":["post-29233","post","type-post","status-publish","format-standard","has-post-thumbnail","hentry","category-allgemein"],"publishpress_future_action":{"enabled":false,"date":"2026-05-08 11:56:33","action":"change-status","newStatus":"draft","terms":[],"taxonomy":"category","extraData":[]},"publishpress_future_workflow_manual_trigger":{"enabledWorkflows":[]},"_links":{"self":[{"href":"https:\/\/franziskanergymnasium-kreuzburg.de\/cms\/wp-json\/wp\/v2\/posts\/29233","targetHints":{"allow":["GET"]}}],"collection":[{"href":"https:\/\/franziskanergymnasium-kreuzburg.de\/cms\/wp-json\/wp\/v2\/posts"}],"about":[{"href":"https:\/\/franziskanergymnasium-kreuzburg.de\/cms\/wp-json\/wp\/v2\/types\/post"}],"author":[{"embeddable":true,"href":"https:\/\/franziskanergymnasium-kreuzburg.de\/cms\/wp-json\/wp\/v2\/users\/3"}],"replies":[{"embeddable":true,"href":"https:\/\/franziskanergymnasium-kreuzburg.de\/cms\/wp-json\/wp\/v2\/comments?post=29233"}],"version-history":[{"count":5,"href":"https:\/\/franziskanergymnasium-kreuzburg.de\/cms\/wp-json\/wp\/v2\/posts\/29233\/revisions"}],"predecessor-version":[{"id":29246,"href":"https:\/\/franziskanergymnasium-kreuzburg.de\/cms\/wp-json\/wp\/v2\/posts\/29233\/revisions\/29246"}],"wp:featuredmedia":[{"embeddable":true,"href":"https:\/\/franziskanergymnasium-kreuzburg.de\/cms\/wp-json\/wp\/v2\/media\/29235"}],"wp:attachment":[{"href":"https:\/\/franziskanergymnasium-kreuzburg.de\/cms\/wp-json\/wp\/v2\/media?parent=29233"}],"wp:term":[{"taxonomy":"category","embeddable":true,"href":"https:\/\/franziskanergymnasium-kreuzburg.de\/cms\/wp-json\/wp\/v2\/categories?post=29233"},{"taxonomy":"post_tag","embeddable":true,"href":"https:\/\/franziskanergymnasium-kreuzburg.de\/cms\/wp-json\/wp\/v2\/tags?post=29233"}],"curies":[{"name":"wp","href":"https:\/\/api.w.org\/{rel}","templated":true}]}}