{"id":30505,"date":"2021-07-22T13:59:14","date_gmt":"2021-07-22T11:59:14","guid":{"rendered":"https:\/\/franziskanergymnasium-kreuzburg.de\/cms\/?p=30505"},"modified":"2021-07-23T12:20:01","modified_gmt":"2021-07-23T10:20:01","slug":"preisverleihung-im-eigenstaendigen-forscherjahr-flb-8","status":"publish","type":"post","link":"https:\/\/franziskanergymnasium-kreuzburg.de\/cms\/preisverleihung-im-eigenstaendigen-forscherjahr-flb-8\/","title":{"rendered":"Preisverleihung im Eigenst\u00e4ndigen Forscherjahr (FLB 8)"},"content":{"rendered":"<p>\r\n\r\nAm 21.6. zeigte sich die Aula unserer Schule seit l\u00e4ngerem einmal wieder in festlichem Glanz: Unter Einhaltung der geltenden Regeln versammelten sich alle Lernenden der achten Klassen, um herauszufinden, wessen Forschungsprojekte im Rahmen des Eigenst\u00e4ndigen Forscherjahres \u2013 das ist der FLB = Freie Lernbereich der 8. Klasse \u2013 besonders gelungen waren. <\/p><p>\r\n\r\nSeit September wurde intensiv an selbstgew\u00e4hlten Themen geforscht und an der Erstellung einer selbstst\u00e4ndigen schriftlichen wissenschaftlichen Ausarbeitung gearbeitet, wobei die Sch\u00fclerinnen und Sch\u00fcler in Einzel- oder Gruppengespr\u00e4chen von den betreuenden Lehrerinnen und Lehrern beraten wurden. Sie lernten, wie man eine gut bearbeitbare Forscherfrage stellt, sinnvoll recherchiert, Quellenangaben macht, sich selbst organisiert &#8211; und nat\u00fcrlich fanden sie auch unheimlich viel zu ihren Themen heraus. Zur Abrundung geh\u00f6rte &#8211; als digitale Alternative zur Forscherb\u00f6rse und als Erg\u00e4nzung der schriftlichen Arbeit &#8211; eine visuelle Pr\u00e4sentation ihrer Forschungsergebnisse in einer Videoproduktion. <\/p><p>\r\n\r\nHannes A. aus der Klasse 8c besch\u00e4ftigte sich beispielsweise damit, wie sich der pH-Wert und die Temperatur auf die Anzahl der Mikroorganismen im Wasser auswirkt. Er berichtet im Interview \u00fcber seine Forschungsarbeit: <\/p><p>\r\n\r\n<strong>Welches Thema hast du ausgew\u00e4hlt?<\/strong> <br>\r\nMein Thema war Korallenriffe. Ich habe herausgefunden, dass Mikroorganismen wichtig f\u00fcr Korallen sind &#8211; also habe ich erforscht, ob Mikroorganismen auch vom Klimawandel beeinflusst sind. <\/p><p>\r\n<strong>\r\nWie bist du auf das Thema gekommen? <\/strong><br>\r\nIch interessiere mich sehr f\u00fcr Korallenriffe und war im Jahr davor in \u00c4gypten und habe schon gesehen, dass manche Korallen ganz bleich sind.<\/p><p>\r\n<strong>\r\nWas hat dir besonders gut an der Besch\u00e4ftigung mit dem Thema gefallen? <\/strong><br>\r\nMir hat es besonders Spa\u00df gemacht, mir regelm\u00e4\u00dfig die selbst gez\u00fcchteten Mikroorganismen [unter dem Mikroskop] anzusehen.<\/p><p>\r\n\r\n<strong>Was nimmst du aus dem EFJ mit?<\/strong><br>\r\nIch habe gelernt und nehme mit, wie man Quellen angibt und wie man Videos schneidet. <\/p><p>\r\n\r\nEin Forschungsteam aus jeder Klasse \u2013 insgesamt sieben Lernende \u2013 wurden nun f\u00fcr ihre besonders gelungenen Arbeiten ausgezeichnet und mit je einem Buchpreis pr\u00e4miert. Neben Hannes waren dies: <ul>\r\n\r\n\t<li>Max L. (8a) <\/li>\r\n\r\n\t<li>Annelie S. (8b) <\/li>\r\n\r\n\t<li>Julia M. und Merle S. (8d) <\/li>\r\n\r\n\t<li>Nelly M. und Mateo L. (8e)<\/li>\r\n\r\n<\/ul>\r\n\r\n <\/p><p>\r\n\r\nAllen Preistr\u00e4gerinnen und Preistr\u00e4gern gratulieren wir herzlich! <\/p>\r\n\r\n<a attid=\"30507\"  href=\"https:\/\/franziskanergymnasium-kreuzburg.de\/cms\/wp-content\/uploads\/2021\/07\/2021_06_21Forscherboerse11.jpg\" rel=\"lightbox[30505]\"><img decoding=\"async\" src=\"https:\/\/franziskanergymnasium-kreuzburg.de\/cms\/wp-content\/uploads\/2021\/07\/2021_06_21Forscherboerse11-300x130.jpg\" alt=\"\" width=\"250\"  class=\"alignnone size-medium wp-image-30507\" srcset=\"https:\/\/franziskanergymnasium-kreuzburg.de\/cms\/wp-content\/uploads\/2021\/07\/2021_06_21Forscherboerse11-300x130.jpg 300w, https:\/\/franziskanergymnasium-kreuzburg.de\/cms\/wp-content\/uploads\/2021\/07\/2021_06_21Forscherboerse11-1024x444.jpg 1024w, https:\/\/franziskanergymnasium-kreuzburg.de\/cms\/wp-content\/uploads\/2021\/07\/2021_06_21Forscherboerse11-768x333.jpg 768w, https:\/\/franziskanergymnasium-kreuzburg.de\/cms\/wp-content\/uploads\/2021\/07\/2021_06_21Forscherboerse11.jpg 1400w\" sizes=\"(max-width: 300px) 100vw, 300px\" \/><\/a>\r\n<a attid=\"30513\"  href=\"https:\/\/franziskanergymnasium-kreuzburg.de\/cms\/wp-content\/uploads\/2021\/07\/2021_06_21Forscherboerse17.jpg\" rel=\"lightbox[30505]\"><img decoding=\"async\" src=\"https:\/\/franziskanergymnasium-kreuzburg.de\/cms\/wp-content\/uploads\/2021\/07\/2021_06_21Forscherboerse17-300x170.jpg\" alt=\"\" width=\"200\"  class=\"alignnone size-medium wp-image-30513\" srcset=\"https:\/\/franziskanergymnasium-kreuzburg.de\/cms\/wp-content\/uploads\/2021\/07\/2021_06_21Forscherboerse17-300x170.jpg 300w, https:\/\/franziskanergymnasium-kreuzburg.de\/cms\/wp-content\/uploads\/2021\/07\/2021_06_21Forscherboerse17-1024x579.jpg 1024w, https:\/\/franziskanergymnasium-kreuzburg.de\/cms\/wp-content\/uploads\/2021\/07\/2021_06_21Forscherboerse17-768x434.jpg 768w, https:\/\/franziskanergymnasium-kreuzburg.de\/cms\/wp-content\/uploads\/2021\/07\/2021_06_21Forscherboerse17.jpg 1200w\" sizes=\"(max-width: 300px) 100vw, 300px\" \/><\/a>\r\n<a attid=\"30514\"  href=\"https:\/\/franziskanergymnasium-kreuzburg.de\/cms\/wp-content\/uploads\/2021\/07\/2021_06_21Forscherboerse21.jpg\" rel=\"lightbox[30505]\"><img decoding=\"async\" src=\"https:\/\/franziskanergymnasium-kreuzburg.de\/cms\/wp-content\/uploads\/2021\/07\/2021_06_21Forscherboerse21-198x300.jpg\" alt=\"\" width=\"120\"  class=\"alignnone size-medium wp-image-30514\" srcset=\"https:\/\/franziskanergymnasium-kreuzburg.de\/cms\/wp-content\/uploads\/2021\/07\/2021_06_21Forscherboerse21-198x300.jpg 198w, https:\/\/franziskanergymnasium-kreuzburg.de\/cms\/wp-content\/uploads\/2021\/07\/2021_06_21Forscherboerse21-675x1024.jpg 675w, https:\/\/franziskanergymnasium-kreuzburg.de\/cms\/wp-content\/uploads\/2021\/07\/2021_06_21Forscherboerse21-768x1165.jpg 768w, https:\/\/franziskanergymnasium-kreuzburg.de\/cms\/wp-content\/uploads\/2021\/07\/2021_06_21Forscherboerse21.jpg 791w\" sizes=\"(max-width: 198px) 100vw, 198px\" \/><\/a><a attid=\"30515\"  href=\"https:\/\/franziskanergymnasium-kreuzburg.de\/cms\/wp-content\/uploads\/2021\/07\/2021_06_21Forscherboerse22.jpg\" rel=\"lightbox[30505]\"><img decoding=\"async\" src=\"https:\/\/franziskanergymnasium-kreuzburg.de\/cms\/wp-content\/uploads\/2021\/07\/2021_06_21Forscherboerse22-300x198.jpg\" alt=\"\" width=\"190\"  class=\"alignnone size-medium wp-image-30515\" srcset=\"https:\/\/franziskanergymnasium-kreuzburg.de\/cms\/wp-content\/uploads\/2021\/07\/2021_06_21Forscherboerse22-300x198.jpg 300w, https:\/\/franziskanergymnasium-kreuzburg.de\/cms\/wp-content\/uploads\/2021\/07\/2021_06_21Forscherboerse22-1024x677.jpg 1024w, https:\/\/franziskanergymnasium-kreuzburg.de\/cms\/wp-content\/uploads\/2021\/07\/2021_06_21Forscherboerse22-768x508.jpg 768w, https:\/\/franziskanergymnasium-kreuzburg.de\/cms\/wp-content\/uploads\/2021\/07\/2021_06_21Forscherboerse22.jpg 1200w\" sizes=\"(max-width: 300px) 100vw, 300px\" \/><\/a>\r\n<a attid=\"30512\"  href=\"https:\/\/franziskanergymnasium-kreuzburg.de\/cms\/wp-content\/uploads\/2021\/07\/2021_06_21Forscherboerse16.jpg\" rel=\"lightbox[30505]\"><img decoding=\"async\" src=\"https:\/\/franziskanergymnasium-kreuzburg.de\/cms\/wp-content\/uploads\/2021\/07\/2021_06_21Forscherboerse16-300x198.jpg\" alt=\"\" width=\"190\"  class=\"alignnone size-medium wp-image-30512\" srcset=\"https:\/\/franziskanergymnasium-kreuzburg.de\/cms\/wp-content\/uploads\/2021\/07\/2021_06_21Forscherboerse16-300x198.jpg 300w, https:\/\/franziskanergymnasium-kreuzburg.de\/cms\/wp-content\/uploads\/2021\/07\/2021_06_21Forscherboerse16-1024x674.jpg 1024w, https:\/\/franziskanergymnasium-kreuzburg.de\/cms\/wp-content\/uploads\/2021\/07\/2021_06_21Forscherboerse16-768x506.jpg 768w, https:\/\/franziskanergymnasium-kreuzburg.de\/cms\/wp-content\/uploads\/2021\/07\/2021_06_21Forscherboerse16.jpg 1200w\" sizes=\"(max-width: 300px) 100vw, 300px\" \/><\/a>\r\n\r\n\r\n<a attid=\"30510\"  href=\"https:\/\/franziskanergymnasium-kreuzburg.de\/cms\/wp-content\/uploads\/2021\/07\/2021_06_21Forscherboerse14.jpg\" rel=\"lightbox[30505]\"><img decoding=\"async\" src=\"https:\/\/franziskanergymnasium-kreuzburg.de\/cms\/wp-content\/uploads\/2021\/07\/2021_06_21Forscherboerse14-300x169.jpg\" alt=\"\" width=\"210\"  class=\"alignnone size-medium wp-image-30510\" srcset=\"https:\/\/franziskanergymnasium-kreuzburg.de\/cms\/wp-content\/uploads\/2021\/07\/2021_06_21Forscherboerse14-300x169.jpg 300w, https:\/\/franziskanergymnasium-kreuzburg.de\/cms\/wp-content\/uploads\/2021\/07\/2021_06_21Forscherboerse14-1024x576.jpg 1024w, https:\/\/franziskanergymnasium-kreuzburg.de\/cms\/wp-content\/uploads\/2021\/07\/2021_06_21Forscherboerse14-768x432.jpg 768w, https:\/\/franziskanergymnasium-kreuzburg.de\/cms\/wp-content\/uploads\/2021\/07\/2021_06_21Forscherboerse14.jpg 1200w\" sizes=\"(max-width: 300px) 100vw, 300px\" \/><\/a>\r\n\r\n\r\n<a attid=\"30516\"  href=\"https:\/\/franziskanergymnasium-kreuzburg.de\/cms\/wp-content\/uploads\/2021\/07\/2021_06_21Forscherboerse31.jpg\" rel=\"lightbox[30505]\"><img decoding=\"async\" src=\"https:\/\/franziskanergymnasium-kreuzburg.de\/cms\/wp-content\/uploads\/2021\/07\/2021_06_21Forscherboerse31-300x209.jpg\" alt=\"\" width=\"300\"  class=\"alignnone size-medium wp-image-30516\" srcset=\"https:\/\/franziskanergymnasium-kreuzburg.de\/cms\/wp-content\/uploads\/2021\/07\/2021_06_21Forscherboerse31-300x209.jpg 300w, https:\/\/franziskanergymnasium-kreuzburg.de\/cms\/wp-content\/uploads\/2021\/07\/2021_06_21Forscherboerse31-1024x714.jpg 1024w, https:\/\/franziskanergymnasium-kreuzburg.de\/cms\/wp-content\/uploads\/2021\/07\/2021_06_21Forscherboerse31-768x536.jpg 768w, https:\/\/franziskanergymnasium-kreuzburg.de\/cms\/wp-content\/uploads\/2021\/07\/2021_06_21Forscherboerse31.jpg 1200w\" sizes=\"(max-width: 300px) 100vw, 300px\" \/><\/a>","protected":false},"excerpt":{"rendered":"Am 21.6. zeigte sich die Aula unserer Schule seit l\u00e4ngerem einmal wieder in festlichem Glanz: Unter Einhaltung der geltenden Regeln versammelten sich alle Lernenden der achten Klassen, um herauszufinden, wessen Forschungsprojekte im Rahmen des Eigenst\u00e4ndigen Forscherjahres \u2013 das ist der FLB = Freie Lernbereich der 8. Klasse \u2013 besonders gelungen waren. Seit September wurde intensiv an selbstgew\u00e4hlten Themen geforscht und an der Erstellung einer selbstst\u00e4ndigen schriftlichen wissenschaftlichen Ausarbeitung gearbeitet, wobei die Sch\u00fclerinnen und Sch\u00fcler in Einzel- oder Gruppengespr\u00e4chen von den betreuenden Lehrerinnen und Lehrern beraten wurden. Sie lernten, wie man eine gut bearbeitbare Forscherfrage stellt, sinnvoll recherchiert, Quellenangaben macht, sich selbst organisiert &#8211; und nat\u00fcrlich fanden sie auch unheimlich viel zu ihren Themen heraus. Zur Abrundung geh\u00f6rte &#8211; als digitale Alternative zur Forscherb\u00f6rse und als Erg\u00e4nzung der schriftlichen Arbeit &#8211; eine visuelle Pr\u00e4sentation ihrer Forschungsergebnisse in einer Videoproduktion. Hannes A. aus der Klasse 8c besch\u00e4ftigte sich beispielsweise damit, wie sich der pH-Wert und die Temperatur auf die Anzahl der Mikroorganismen im Wasser auswirkt. Er berichtet im Interview \u00fcber seine Forschungsarbeit: Welches Thema hast du ausgew\u00e4hlt? Mein Thema war Korallenriffe. Ich habe herausgefunden, dass Mikroorganismen wichtig f\u00fcr Korallen sind &#8211; also habe ich erforscht, ob Mikroorganismen auch vom Klimawandel beeinflusst sind. Wie bist du auf das Thema gekommen? Ich interessiere mich sehr f\u00fcr Korallenriffe und war im Jahr davor in \u00c4gypten und habe schon gesehen, dass manche Korallen ganz bleich sind. Was hat dir besonders gut an der Besch\u00e4ftigung mit dem Thema gefallen? Mir hat es besonders Spa\u00df gemacht, mir regelm\u00e4\u00dfig die selbst gez\u00fcchteten Mikroorganismen [unter dem Mikroskop] anzusehen. Was nimmst du aus dem EFJ mit? Ich habe gelernt und nehme mit, wie man Quellen angibt und wie man Videos schneidet. Ein Forschungsteam aus jeder Klasse \u2013 insgesamt sieben Lernende \u2013 wurden nun f\u00fcr ihre besonders gelungenen Arbeiten ausgezeichnet und mit je einem Buchpreis pr\u00e4miert. Neben Hannes waren dies: Max L. (8a) Annelie S. (8b) Julia M. und Merle S. (8d) Nelly M. und Mateo L. (8e) Allen Preistr\u00e4gerinnen und Preistr\u00e4gern gratulieren wir herzlich!","protected":false},"author":3,"featured_media":30516,"comment_status":"closed","ping_status":"closed","sticky":false,"template":"","format":"standard","meta":{"ngg_post_thumbnail":0,"footnotes":""},"categories":[406],"tags":[327,407],"class_list":["post-30505","post","type-post","status-publish","format-standard","has-post-thumbnail","hentry","category-freier-lernbereich","tag-efj","tag-eigenstaendiges-forscherjahr"],"publishpress_future_action":{"enabled":false,"date":"2026-05-03 10:04:46","action":"change-status","newStatus":"draft","terms":[],"taxonomy":"category","extraData":[]},"publishpress_future_workflow_manual_trigger":{"enabledWorkflows":[]},"_links":{"self":[{"href":"https:\/\/franziskanergymnasium-kreuzburg.de\/cms\/wp-json\/wp\/v2\/posts\/30505","targetHints":{"allow":["GET"]}}],"collection":[{"href":"https:\/\/franziskanergymnasium-kreuzburg.de\/cms\/wp-json\/wp\/v2\/posts"}],"about":[{"href":"https:\/\/franziskanergymnasium-kreuzburg.de\/cms\/wp-json\/wp\/v2\/types\/post"}],"author":[{"embeddable":true,"href":"https:\/\/franziskanergymnasium-kreuzburg.de\/cms\/wp-json\/wp\/v2\/users\/3"}],"replies":[{"embeddable":true,"href":"https:\/\/franziskanergymnasium-kreuzburg.de\/cms\/wp-json\/wp\/v2\/comments?post=30505"}],"version-history":[{"count":10,"href":"https:\/\/franziskanergymnasium-kreuzburg.de\/cms\/wp-json\/wp\/v2\/posts\/30505\/revisions"}],"predecessor-version":[{"id":30529,"href":"https:\/\/franziskanergymnasium-kreuzburg.de\/cms\/wp-json\/wp\/v2\/posts\/30505\/revisions\/30529"}],"wp:featuredmedia":[{"embeddable":true,"href":"https:\/\/franziskanergymnasium-kreuzburg.de\/cms\/wp-json\/wp\/v2\/media\/30516"}],"wp:attachment":[{"href":"https:\/\/franziskanergymnasium-kreuzburg.de\/cms\/wp-json\/wp\/v2\/media?parent=30505"}],"wp:term":[{"taxonomy":"category","embeddable":true,"href":"https:\/\/franziskanergymnasium-kreuzburg.de\/cms\/wp-json\/wp\/v2\/categories?post=30505"},{"taxonomy":"post_tag","embeddable":true,"href":"https:\/\/franziskanergymnasium-kreuzburg.de\/cms\/wp-json\/wp\/v2\/tags?post=30505"}],"curies":[{"name":"wp","href":"https:\/\/api.w.org\/{rel}","templated":true}]}}