{"id":31023,"date":"2021-10-20T14:40:14","date_gmt":"2021-10-20T12:40:14","guid":{"rendered":"https:\/\/franziskanergymnasium-kreuzburg.de\/cms\/?p=31023"},"modified":"2021-10-18T10:02:57","modified_gmt":"2021-10-18T08:02:57","slug":"unterrichtsbetrieb-nach-den-herbstferien","status":"publish","type":"post","link":"https:\/\/franziskanergymnasium-kreuzburg.de\/cms\/unterrichtsbetrieb-nach-den-herbstferien\/","title":{"rendered":"Unterrichtsbetrieb nach den Herbstferien"},"content":{"rendered":"<p>\r\n\r\nNach den Herbstferien werden, wie zu Beginn des Schuljahres, wieder zwei Pr\u00e4ventionswochen durchgef\u00fchrt. Damit gilt bis einschlie\u00dflich 5. November 2021 die Pflicht zum Tragen einer medizinischen Maske, auch am Sitzplatz. Au\u00dferdem werden die Selbsttestungen wieder dreimal pro Woche (montags, mittwochs und freitags) durchgef\u00fchrt. <\/p><p>\r\n\r\nSollte Ihr Kind bereits gegen COVID geimpft oder von Corona genesen sein, kann es den entsprechenden Nachweis &#8211; wenn noch nicht geschehen &#8211; in unserer Bibliothek vorlegen und wird damit gem\u00e4\u00df den g\u00fcltigen Verordnungen von der Testpflicht befreit.<\/p><p>\r\n\r\nDas Schreiben des Hessischen Kultusministeriums zum Schulbetrieb nach den Herbstferien kann <a attid=\"31024\"  href=\"https:\/\/franziskanergymnasium-kreuzburg.de\/cms\/wp-content\/uploads\/2021\/10\/Eltern-und-Schuelerschreiben-Schulbetrieb-nach-den-Herbstferien-06-10-20....pdf\">hier<\/a> nachgelesen werden. <\/p>\r\n\r\n","protected":false},"excerpt":{"rendered":"Nach den Herbstferien werden, wie zu Beginn des Schuljahres, wieder zwei Pr\u00e4ventionswochen durchgef\u00fchrt. Damit gilt bis einschlie\u00dflich 5. November 2021 die Pflicht zum Tragen einer medizinischen Maske, auch am Sitzplatz. Au\u00dferdem werden die Selbsttestungen wieder dreimal pro Woche (montags, mittwochs und freitags) durchgef\u00fchrt. Sollte Ihr Kind bereits gegen COVID geimpft oder von Corona genesen sein, kann es den entsprechenden Nachweis &#8211; wenn noch nicht geschehen &#8211; in unserer Bibliothek vorlegen und wird damit gem\u00e4\u00df den g\u00fcltigen Verordnungen von der Testpflicht befreit. Das Schreiben des Hessischen Kultusministeriums zum Schulbetrieb nach den Herbstferien kann hier nachgelesen werden.","protected":false},"author":3,"featured_media":25589,"comment_status":"closed","ping_status":"closed","sticky":false,"template":"","format":"standard","meta":{"ngg_post_thumbnail":0,"footnotes":""},"categories":[1],"tags":[],"class_list":["post-31023","post","type-post","status-publish","format-standard","has-post-thumbnail","hentry","category-allgemein"],"publishpress_future_action":{"enabled":false,"date":"2026-05-02 10:13:58","action":"change-status","newStatus":"draft","terms":[],"taxonomy":"category","extraData":[]},"publishpress_future_workflow_manual_trigger":{"enabledWorkflows":[]},"_links":{"self":[{"href":"https:\/\/franziskanergymnasium-kreuzburg.de\/cms\/wp-json\/wp\/v2\/posts\/31023","targetHints":{"allow":["GET"]}}],"collection":[{"href":"https:\/\/franziskanergymnasium-kreuzburg.de\/cms\/wp-json\/wp\/v2\/posts"}],"about":[{"href":"https:\/\/franziskanergymnasium-kreuzburg.de\/cms\/wp-json\/wp\/v2\/types\/post"}],"author":[{"embeddable":true,"href":"https:\/\/franziskanergymnasium-kreuzburg.de\/cms\/wp-json\/wp\/v2\/users\/3"}],"replies":[{"embeddable":true,"href":"https:\/\/franziskanergymnasium-kreuzburg.de\/cms\/wp-json\/wp\/v2\/comments?post=31023"}],"version-history":[{"count":3,"href":"https:\/\/franziskanergymnasium-kreuzburg.de\/cms\/wp-json\/wp\/v2\/posts\/31023\/revisions"}],"predecessor-version":[{"id":31032,"href":"https:\/\/franziskanergymnasium-kreuzburg.de\/cms\/wp-json\/wp\/v2\/posts\/31023\/revisions\/31032"}],"wp:featuredmedia":[{"embeddable":true,"href":"https:\/\/franziskanergymnasium-kreuzburg.de\/cms\/wp-json\/wp\/v2\/media\/25589"}],"wp:attachment":[{"href":"https:\/\/franziskanergymnasium-kreuzburg.de\/cms\/wp-json\/wp\/v2\/media?parent=31023"}],"wp:term":[{"taxonomy":"category","embeddable":true,"href":"https:\/\/franziskanergymnasium-kreuzburg.de\/cms\/wp-json\/wp\/v2\/categories?post=31023"},{"taxonomy":"post_tag","embeddable":true,"href":"https:\/\/franziskanergymnasium-kreuzburg.de\/cms\/wp-json\/wp\/v2\/tags?post=31023"}],"curies":[{"name":"wp","href":"https:\/\/api.w.org\/{rel}","templated":true}]}}