{"id":31048,"date":"2021-10-21T08:53:33","date_gmt":"2021-10-21T06:53:33","guid":{"rendered":"https:\/\/franziskanergymnasium-kreuzburg.de\/cms\/?p=31048"},"modified":"2021-10-21T10:43:11","modified_gmt":"2021-10-21T08:43:11","slug":"strumtief-ignaz-fegt-auch-ueber-die-kreuzburg","status":"publish","type":"post","link":"https:\/\/franziskanergymnasium-kreuzburg.de\/cms\/strumtief-ignaz-fegt-auch-ueber-die-kreuzburg\/","title":{"rendered":"Sturmtief Ignaz tobt auch \u00fcber der Kreuzburg"},"content":{"rendered":"Das Sturmtief Ignaz brachte auf dem Gel\u00e4nde der Kreuzburg vor dem Geb\u00e4ude des Bildungswerks einen gro\u00dfen Baum zu Fall, der mindestens die \u00dcberdachung zwischen FBW und Cafeteria besch\u00e4digte.  Die Feuerwehr ist bereits vor Ort, \u00fcber das gesamte Ausma\u00df der Geb\u00e4udesch\u00e4den kann noch keine Aussage getroffen werden.\r\n<a attid=\"31050\"  href=\"https:\/\/franziskanergymnasium-kreuzburg.de\/cms\/wp-content\/uploads\/2021\/10\/2021_10_21Sturmschaden1.jpg\" rel=\"lightbox[31048]\"><img decoding=\"async\" src=\"https:\/\/franziskanergymnasium-kreuzburg.de\/cms\/wp-content\/uploads\/2021\/10\/2021_10_21Sturmschaden1-1024x475.jpg\" alt=\"\" width=\"320\"  class=\"alignnone size-large wp-image-31050\" srcset=\"https:\/\/franziskanergymnasium-kreuzburg.de\/cms\/wp-content\/uploads\/2021\/10\/2021_10_21Sturmschaden1-1024x475.jpg 1024w, https:\/\/franziskanergymnasium-kreuzburg.de\/cms\/wp-content\/uploads\/2021\/10\/2021_10_21Sturmschaden1-300x139.jpg 300w, https:\/\/franziskanergymnasium-kreuzburg.de\/cms\/wp-content\/uploads\/2021\/10\/2021_10_21Sturmschaden1-768x356.jpg 768w, https:\/\/franziskanergymnasium-kreuzburg.de\/cms\/wp-content\/uploads\/2021\/10\/2021_10_21Sturmschaden1-1536x712.jpg 1536w, https:\/\/franziskanergymnasium-kreuzburg.de\/cms\/wp-content\/uploads\/2021\/10\/2021_10_21Sturmschaden1.jpg 1548w\" sizes=\"(max-width: 1024px) 100vw, 1024px\" \/><\/a>\r\n\r\n\r\n<a attid=\"31051\"  href=\"https:\/\/franziskanergymnasium-kreuzburg.de\/cms\/wp-content\/uploads\/2021\/10\/2021_10_21Sturmschaden2.jpg\" rel=\"lightbox[31048]\"><img decoding=\"async\" src=\"https:\/\/franziskanergymnasium-kreuzburg.de\/cms\/wp-content\/uploads\/2021\/10\/2021_10_21Sturmschaden2-1024x487.jpg\" alt=\"\" width=\"320\"  class=\"alignnone size-large wp-image-31051\" srcset=\"https:\/\/franziskanergymnasium-kreuzburg.de\/cms\/wp-content\/uploads\/2021\/10\/2021_10_21Sturmschaden2-1024x487.jpg 1024w, https:\/\/franziskanergymnasium-kreuzburg.de\/cms\/wp-content\/uploads\/2021\/10\/2021_10_21Sturmschaden2-300x143.jpg 300w, https:\/\/franziskanergymnasium-kreuzburg.de\/cms\/wp-content\/uploads\/2021\/10\/2021_10_21Sturmschaden2-768x365.jpg 768w, https:\/\/franziskanergymnasium-kreuzburg.de\/cms\/wp-content\/uploads\/2021\/10\/2021_10_21Sturmschaden2.jpg 1349w\" sizes=\"(max-width: 1024px) 100vw, 1024px\" \/><\/a>\r\n\r\n<a attid=\"31052\"  href=\"https:\/\/franziskanergymnasium-kreuzburg.de\/cms\/wp-content\/uploads\/2021\/10\/2021_10_21Sturmschaden3.jpg\" rel=\"lightbox[31048]\"><img decoding=\"async\" src=\"https:\/\/franziskanergymnasium-kreuzburg.de\/cms\/wp-content\/uploads\/2021\/10\/2021_10_21Sturmschaden3-1024x462.jpg\" alt=\"\" width=\"330\"  class=\"alignnone size-large wp-image-31052\" srcset=\"https:\/\/franziskanergymnasium-kreuzburg.de\/cms\/wp-content\/uploads\/2021\/10\/2021_10_21Sturmschaden3-1024x462.jpg 1024w, https:\/\/franziskanergymnasium-kreuzburg.de\/cms\/wp-content\/uploads\/2021\/10\/2021_10_21Sturmschaden3-300x135.jpg 300w, https:\/\/franziskanergymnasium-kreuzburg.de\/cms\/wp-content\/uploads\/2021\/10\/2021_10_21Sturmschaden3-768x346.jpg 768w, https:\/\/franziskanergymnasium-kreuzburg.de\/cms\/wp-content\/uploads\/2021\/10\/2021_10_21Sturmschaden3.jpg 1495w\" sizes=\"(max-width: 1024px) 100vw, 1024px\" \/><\/a>\r\n\r\n","protected":false},"excerpt":{"rendered":"Das Sturmtief Ignaz brachte auf dem Gel\u00e4nde der Kreuzburg vor dem Geb\u00e4ude des Bildungswerks einen gro\u00dfen Baum zu Fall, der mindestens die \u00dcberdachung zwischen FBW und Cafeteria besch\u00e4digte. Die Feuerwehr ist bereits vor Ort, \u00fcber das gesamte Ausma\u00df der Geb\u00e4udesch\u00e4den kann noch keine Aussage getroffen werden.","protected":false},"author":3,"featured_media":31049,"comment_status":"closed","ping_status":"closed","sticky":false,"template":"","format":"standard","meta":{"ngg_post_thumbnail":0,"footnotes":""},"categories":[1],"tags":[],"class_list":["post-31048","post","type-post","status-publish","format-standard","has-post-thumbnail","hentry","category-allgemein"],"publishpress_future_action":{"enabled":false,"date":"2026-05-02 11:29:54","action":"change-status","newStatus":"draft","terms":[],"taxonomy":"category","extraData":[]},"publishpress_future_workflow_manual_trigger":{"enabledWorkflows":[]},"_links":{"self":[{"href":"https:\/\/franziskanergymnasium-kreuzburg.de\/cms\/wp-json\/wp\/v2\/posts\/31048","targetHints":{"allow":["GET"]}}],"collection":[{"href":"https:\/\/franziskanergymnasium-kreuzburg.de\/cms\/wp-json\/wp\/v2\/posts"}],"about":[{"href":"https:\/\/franziskanergymnasium-kreuzburg.de\/cms\/wp-json\/wp\/v2\/types\/post"}],"author":[{"embeddable":true,"href":"https:\/\/franziskanergymnasium-kreuzburg.de\/cms\/wp-json\/wp\/v2\/users\/3"}],"replies":[{"embeddable":true,"href":"https:\/\/franziskanergymnasium-kreuzburg.de\/cms\/wp-json\/wp\/v2\/comments?post=31048"}],"version-history":[{"count":10,"href":"https:\/\/franziskanergymnasium-kreuzburg.de\/cms\/wp-json\/wp\/v2\/posts\/31048\/revisions"}],"predecessor-version":[{"id":31062,"href":"https:\/\/franziskanergymnasium-kreuzburg.de\/cms\/wp-json\/wp\/v2\/posts\/31048\/revisions\/31062"}],"wp:featuredmedia":[{"embeddable":true,"href":"https:\/\/franziskanergymnasium-kreuzburg.de\/cms\/wp-json\/wp\/v2\/media\/31049"}],"wp:attachment":[{"href":"https:\/\/franziskanergymnasium-kreuzburg.de\/cms\/wp-json\/wp\/v2\/media?parent=31048"}],"wp:term":[{"taxonomy":"category","embeddable":true,"href":"https:\/\/franziskanergymnasium-kreuzburg.de\/cms\/wp-json\/wp\/v2\/categories?post=31048"},{"taxonomy":"post_tag","embeddable":true,"href":"https:\/\/franziskanergymnasium-kreuzburg.de\/cms\/wp-json\/wp\/v2\/tags?post=31048"}],"curies":[{"name":"wp","href":"https:\/\/api.w.org\/{rel}","templated":true}]}}