{"id":31263,"date":"2021-11-11T11:38:25","date_gmt":"2021-11-11T10:38:25","guid":{"rendered":"https:\/\/franziskanergymnasium-kreuzburg.de\/cms\/?p=31263"},"modified":"2021-11-11T11:38:25","modified_gmt":"2021-11-11T10:38:25","slug":"wahlanalyse","status":"publish","type":"post","link":"https:\/\/franziskanergymnasium-kreuzburg.de\/cms\/wahlanalyse\/","title":{"rendered":"Wahlanalyse"},"content":{"rendered":"<p>Die Powi-Orientierungskurse der E-Phase von Bj\u00f6rn Reese und Carsten Reichert hatten am 10. November 2021 die Gelegenheit zur \u201eWahlanalyse\u201c. Auf Einladung der Bundeszentrale f\u00fcr politische Bildung konnten die Sch\u00fclerinnen und Sch\u00fcler via Zoom mit Simon Hauser sprechen, der gemeinsam mit den beiden Kursen die Bundestagswahl im September Revue passieren lie\u00df. Neben den Wahlergebnissen wurden auch die W\u00e4hlerbewegungen und Pr\u00e4ferenzen der Erst- und Jungw\u00e4hler und -w\u00e4hlerinnen in den Blick genommen. Dabei konnten auch Besonderheiten des diesj\u00e4hrigen Wahlergebnisses gekl\u00e4rt werden, warum etwa der S\u00fcdschleswigsche W\u00e4hlerverband im Bundestag vertreten ist oder die Linke in Fraktionsst\u00e4rke trotz Verpassen der 5%-H\u00fcrde. Und auch Ursachen f\u00fcr das Wahlergebnis wurden er\u00f6rtert: Welche Rolle spielten Fehltritte der Spitzenkandidaten Baerbock und Laschet f\u00fcr das Abschneiden von Gr\u00fcnen und CDU? Was f\u00fchrte zum Erfolg der SPD, die vor wenigen Monaten noch weit abgeschlagen in den Umfragen platziert war?<\/p><p>\r\n<a attid=\"31265\"  href=\"https:\/\/franziskanergymnasium-kreuzburg.de\/cms\/wp-content\/uploads\/2021\/11\/Wahlanalyse.jpg\" rel=\"lightbox[31263]\"><img loading=\"lazy\" decoding=\"async\" src=\"https:\/\/franziskanergymnasium-kreuzburg.de\/cms\/wp-content\/uploads\/2021\/11\/Wahlanalyse-300x161.jpg\" alt=\"\" width=\"300\" height=\"161\" class=\"alignright size-medium wp-image-31265\" srcset=\"https:\/\/franziskanergymnasium-kreuzburg.de\/cms\/wp-content\/uploads\/2021\/11\/Wahlanalyse-300x161.jpg 300w, https:\/\/franziskanergymnasium-kreuzburg.de\/cms\/wp-content\/uploads\/2021\/11\/Wahlanalyse-1024x550.jpg 1024w, https:\/\/franziskanergymnasium-kreuzburg.de\/cms\/wp-content\/uploads\/2021\/11\/Wahlanalyse-768x412.jpg 768w, https:\/\/franziskanergymnasium-kreuzburg.de\/cms\/wp-content\/uploads\/2021\/11\/Wahlanalyse.jpg 1200w\" sizes=\"auto, (max-width: 300px) 100vw, 300px\" \/><\/a>Schnell wurde aber auch klar: So spannend wie diesmal waren Bundestagswahlen selten. Auch am Wahlabend blieben viele Fragen offen. Neben altbekannten Koalitionsoptionen zeichneten sich auch neue Mehrheiten zur Regierungsbildung ab. Mittlerweile gilt als wahrscheinlich, dass k\u00fcnftig eine Ampel-Koalition regieren wird. Aber wie geht es nun weiter? Simon Hauser erl\u00e4uterte auf unterhaltsame und kurzweilige Art und Weise, was eigentlich Sondierungen und weitere Schritte zur Regierungsbildung sind. Gleichzeitig hatte die Sch\u00fclerinnen und Sch\u00fcler auch die M\u00f6glichkeit, ihr Wissen und ihre Standpunkte einzubringen. <\/p><p>\r\nDer inhaltliche Input schloss mit der Frage, was im Koalitionsvertrag geregelt wird und was die drei Partner \u2013 SPD, B\u00fcndnis 90\/Die Gr\u00fcnen und FDP \u2013 planen und welche Themen ganz oben auf der politischen Agenda stehen. Zum Abschluss hatten beide Kurse die Gelegenheit, gemeinsam zu diskutieren, inwiefern die Interessen der jungen Generation in der n\u00e4chsten Amtszeit ausreichend politisch ber\u00fccksichtigt werden. Dabei wurden auch konkrete Debatten aufgegriffen, wie etwa die Absenkung der Wahlalters auf 16 Jahre.<\/p><p>\r\nIn 90 Minuten kann man viele Aspekte nat\u00fcrlich nur anrei\u00dfen. Diese Doppelstunde \u201eWahlanalyse\u201c r\u00fcckte das politische Tagesgesch\u00e4ft aber gekonnt in den Fokus und bot einmal einen anderen Zugang zu den Themen des Politik- und Wirtschaftsunterrichts. Ein Dankesch\u00f6n an die Bundeszentrale f\u00fcr politische Bildung f\u00fcr diese Gelegenheit.<\/p>\r\n<a attid=\"31267\"  href=\"https:\/\/franziskanergymnasium-kreuzburg.de\/cms\/wp-content\/uploads\/2021\/11\/wahlanalyse3.jpg\" rel=\"lightbox[31263]\"><img loading=\"lazy\" decoding=\"async\" src=\"https:\/\/franziskanergymnasium-kreuzburg.de\/cms\/wp-content\/uploads\/2021\/11\/wahlanalyse3-300x167.jpg\" alt=\"\" width=\"300\" height=\"167\" class=\"alignnone size-medium wp-image-31267\" srcset=\"https:\/\/franziskanergymnasium-kreuzburg.de\/cms\/wp-content\/uploads\/2021\/11\/wahlanalyse3-300x167.jpg 300w, https:\/\/franziskanergymnasium-kreuzburg.de\/cms\/wp-content\/uploads\/2021\/11\/wahlanalyse3-1024x571.jpg 1024w, https:\/\/franziskanergymnasium-kreuzburg.de\/cms\/wp-content\/uploads\/2021\/11\/wahlanalyse3-768x428.jpg 768w, https:\/\/franziskanergymnasium-kreuzburg.de\/cms\/wp-content\/uploads\/2021\/11\/wahlanalyse3.jpg 1200w\" sizes=\"auto, (max-width: 300px) 100vw, 300px\" \/><\/a>\r\n\r\n<a attid=\"31266\"  href=\"https:\/\/franziskanergymnasium-kreuzburg.de\/cms\/wp-content\/uploads\/2021\/11\/Wahlanalyse2.jpg\" rel=\"lightbox[31263]\"><img loading=\"lazy\" decoding=\"async\" src=\"https:\/\/franziskanergymnasium-kreuzburg.de\/cms\/wp-content\/uploads\/2021\/11\/Wahlanalyse2-300x165.jpg\" alt=\"\" width=\"300\" height=\"165\" class=\"alignnone size-medium wp-image-31266\" srcset=\"https:\/\/franziskanergymnasium-kreuzburg.de\/cms\/wp-content\/uploads\/2021\/11\/Wahlanalyse2-300x165.jpg 300w, https:\/\/franziskanergymnasium-kreuzburg.de\/cms\/wp-content\/uploads\/2021\/11\/Wahlanalyse2-1024x564.jpg 1024w, https:\/\/franziskanergymnasium-kreuzburg.de\/cms\/wp-content\/uploads\/2021\/11\/Wahlanalyse2-768x423.jpg 768w, https:\/\/franziskanergymnasium-kreuzburg.de\/cms\/wp-content\/uploads\/2021\/11\/Wahlanalyse2.jpg 1300w\" sizes=\"auto, (max-width: 300px) 100vw, 300px\" \/><\/a>\r\n","protected":false},"excerpt":{"rendered":"Die Powi-Orientierungskurse der E-Phase von Bj\u00f6rn Reese und Carsten Reichert hatten am 10. November 2021 die Gelegenheit zur \u201eWahlanalyse\u201c. Auf Einladung der Bundeszentrale f\u00fcr politische Bildung konnten die Sch\u00fclerinnen und Sch\u00fcler via Zoom mit Simon Hauser sprechen, der gemeinsam mit den beiden Kursen die Bundestagswahl im September Revue passieren lie\u00df. Neben den Wahlergebnissen wurden auch die W\u00e4hlerbewegungen und Pr\u00e4ferenzen der Erst- und Jungw\u00e4hler und -w\u00e4hlerinnen in den Blick genommen. Dabei konnten auch Besonderheiten des diesj\u00e4hrigen Wahlergebnisses gekl\u00e4rt werden, warum etwa der S\u00fcdschleswigsche W\u00e4hlerverband im Bundestag vertreten ist oder die Linke in Fraktionsst\u00e4rke trotz Verpassen der 5%-H\u00fcrde. Und auch Ursachen f\u00fcr das Wahlergebnis wurden er\u00f6rtert: Welche Rolle spielten Fehltritte der Spitzenkandidaten Baerbock und Laschet f\u00fcr das Abschneiden von Gr\u00fcnen und CDU? Was f\u00fchrte zum Erfolg der SPD, die vor wenigen Monaten noch weit abgeschlagen in den Umfragen platziert war? Schnell wurde aber auch klar: So spannend wie diesmal waren Bundestagswahlen selten. Auch am Wahlabend blieben viele Fragen offen. Neben altbekannten Koalitionsoptionen zeichneten sich auch neue Mehrheiten zur Regierungsbildung ab. Mittlerweile gilt als wahrscheinlich, dass k\u00fcnftig eine Ampel-Koalition regieren wird. Aber wie geht es nun weiter? Simon Hauser erl\u00e4uterte auf unterhaltsame und kurzweilige Art und Weise, was eigentlich Sondierungen und weitere Schritte zur Regierungsbildung sind. Gleichzeitig hatte die Sch\u00fclerinnen und Sch\u00fcler auch die M\u00f6glichkeit, ihr Wissen und ihre Standpunkte einzubringen. Der inhaltliche Input schloss mit der Frage, was im Koalitionsvertrag geregelt wird und was die drei Partner \u2013 SPD, B\u00fcndnis 90\/Die Gr\u00fcnen und FDP \u2013 planen und welche Themen ganz oben auf der politischen Agenda stehen. Zum Abschluss hatten beide Kurse die Gelegenheit, gemeinsam zu diskutieren, inwiefern die Interessen der jungen Generation in der n\u00e4chsten Amtszeit ausreichend politisch ber\u00fccksichtigt werden. Dabei wurden auch konkrete Debatten aufgegriffen, wie etwa die Absenkung der Wahlalters auf 16 Jahre. In 90 Minuten kann man viele Aspekte nat\u00fcrlich nur anrei\u00dfen. Diese Doppelstunde \u201eWahlanalyse\u201c r\u00fcckte das politische Tagesgesch\u00e4ft aber gekonnt in den Fokus und bot einmal einen anderen Zugang zu den Themen des Politik- und Wirtschaftsunterrichts. Ein Dankesch\u00f6n an die Bundeszentrale f\u00fcr politische Bildung f\u00fcr diese Gelegenheit.","protected":false},"author":3,"featured_media":31267,"comment_status":"closed","ping_status":"closed","sticky":false,"template":"","format":"standard","meta":{"ngg_post_thumbnail":0,"footnotes":""},"categories":[1],"tags":[],"class_list":["post-31263","post","type-post","status-publish","format-standard","has-post-thumbnail","hentry","category-allgemein"],"publishpress_future_action":{"enabled":false,"date":"2026-05-08 11:45:10","action":"change-status","newStatus":"draft","terms":[],"taxonomy":"category","extraData":[]},"publishpress_future_workflow_manual_trigger":{"enabledWorkflows":[]},"_links":{"self":[{"href":"https:\/\/franziskanergymnasium-kreuzburg.de\/cms\/wp-json\/wp\/v2\/posts\/31263","targetHints":{"allow":["GET"]}}],"collection":[{"href":"https:\/\/franziskanergymnasium-kreuzburg.de\/cms\/wp-json\/wp\/v2\/posts"}],"about":[{"href":"https:\/\/franziskanergymnasium-kreuzburg.de\/cms\/wp-json\/wp\/v2\/types\/post"}],"author":[{"embeddable":true,"href":"https:\/\/franziskanergymnasium-kreuzburg.de\/cms\/wp-json\/wp\/v2\/users\/3"}],"replies":[{"embeddable":true,"href":"https:\/\/franziskanergymnasium-kreuzburg.de\/cms\/wp-json\/wp\/v2\/comments?post=31263"}],"version-history":[{"count":4,"href":"https:\/\/franziskanergymnasium-kreuzburg.de\/cms\/wp-json\/wp\/v2\/posts\/31263\/revisions"}],"predecessor-version":[{"id":31270,"href":"https:\/\/franziskanergymnasium-kreuzburg.de\/cms\/wp-json\/wp\/v2\/posts\/31263\/revisions\/31270"}],"wp:featuredmedia":[{"embeddable":true,"href":"https:\/\/franziskanergymnasium-kreuzburg.de\/cms\/wp-json\/wp\/v2\/media\/31267"}],"wp:attachment":[{"href":"https:\/\/franziskanergymnasium-kreuzburg.de\/cms\/wp-json\/wp\/v2\/media?parent=31263"}],"wp:term":[{"taxonomy":"category","embeddable":true,"href":"https:\/\/franziskanergymnasium-kreuzburg.de\/cms\/wp-json\/wp\/v2\/categories?post=31263"},{"taxonomy":"post_tag","embeddable":true,"href":"https:\/\/franziskanergymnasium-kreuzburg.de\/cms\/wp-json\/wp\/v2\/tags?post=31263"}],"curies":[{"name":"wp","href":"https:\/\/api.w.org\/{rel}","templated":true}]}}