{"id":31310,"date":"2021-11-17T16:11:22","date_gmt":"2021-11-17T15:11:22","guid":{"rendered":"https:\/\/franziskanergymnasium-kreuzburg.de\/cms\/?p=31310"},"modified":"2021-11-17T16:11:22","modified_gmt":"2021-11-17T15:11:22","slug":"anordnung-maskenpflicht","status":"publish","type":"post","link":"https:\/\/franziskanergymnasium-kreuzburg.de\/cms\/anordnung-maskenpflicht\/","title":{"rendered":"Anordnung Maskenpflicht"},"content":{"rendered":"Der Main-Kinzig-Kreis ordnet f\u00fcr Sch\u00fclerinnen und Sch\u00fcler ab dem 6. Lebensjahr an, eine medizinische Maske (OP-Maske oder Schutzmaske der Standards FFP2, KN95, N95 oder vergleichbar, jeweils ohne Ausatemventil)) auch am Sitzplatz zu tragen. Dies gilt auch f\u00fcr Lehrerinnen und Lehrer und alle betreuenden Personen (z.B. Teilhabeassistenten, FSJler, Praktikanten). Die Anordnung vom 16.11.2021 kann <a attid=\"31311\"  href=\"https:\/\/franziskanergymnasium-kreuzburg.de\/cms\/wp-content\/uploads\/2021\/11\/Anordnung-Maskenpflicht-Hygieneplan-9.0-16.11.2021.pdf\">hier<\/a> nachgelesen werden und gilt bis zum Beginn der Weihnachtsferien 2021.\r\n\r\n","protected":false},"excerpt":{"rendered":"Der Main-Kinzig-Kreis ordnet f\u00fcr Sch\u00fclerinnen und Sch\u00fcler ab dem 6. Lebensjahr an, eine medizinische Maske (OP-Maske oder Schutzmaske der Standards FFP2, KN95, N95 oder vergleichbar, jeweils ohne Ausatemventil)) auch am Sitzplatz zu tragen. Dies gilt auch f\u00fcr Lehrerinnen und Lehrer und alle betreuenden Personen (z.B. Teilhabeassistenten, FSJler, Praktikanten). Die Anordnung vom 16.11.2021 kann hier nachgelesen werden und gilt bis zum Beginn der Weihnachtsferien 2021.","protected":false},"author":3,"featured_media":25589,"comment_status":"closed","ping_status":"closed","sticky":false,"template":"","format":"standard","meta":{"ngg_post_thumbnail":0,"footnotes":""},"categories":[1],"tags":[],"class_list":["post-31310","post","type-post","status-publish","format-standard","has-post-thumbnail","hentry","category-allgemein"],"publishpress_future_action":{"enabled":false,"date":"2026-05-06 10:33:49","action":"change-status","newStatus":"draft","terms":[],"taxonomy":"category","extraData":[]},"publishpress_future_workflow_manual_trigger":{"enabledWorkflows":[]},"_links":{"self":[{"href":"https:\/\/franziskanergymnasium-kreuzburg.de\/cms\/wp-json\/wp\/v2\/posts\/31310","targetHints":{"allow":["GET"]}}],"collection":[{"href":"https:\/\/franziskanergymnasium-kreuzburg.de\/cms\/wp-json\/wp\/v2\/posts"}],"about":[{"href":"https:\/\/franziskanergymnasium-kreuzburg.de\/cms\/wp-json\/wp\/v2\/types\/post"}],"author":[{"embeddable":true,"href":"https:\/\/franziskanergymnasium-kreuzburg.de\/cms\/wp-json\/wp\/v2\/users\/3"}],"replies":[{"embeddable":true,"href":"https:\/\/franziskanergymnasium-kreuzburg.de\/cms\/wp-json\/wp\/v2\/comments?post=31310"}],"version-history":[{"count":2,"href":"https:\/\/franziskanergymnasium-kreuzburg.de\/cms\/wp-json\/wp\/v2\/posts\/31310\/revisions"}],"predecessor-version":[{"id":31313,"href":"https:\/\/franziskanergymnasium-kreuzburg.de\/cms\/wp-json\/wp\/v2\/posts\/31310\/revisions\/31313"}],"wp:featuredmedia":[{"embeddable":true,"href":"https:\/\/franziskanergymnasium-kreuzburg.de\/cms\/wp-json\/wp\/v2\/media\/25589"}],"wp:attachment":[{"href":"https:\/\/franziskanergymnasium-kreuzburg.de\/cms\/wp-json\/wp\/v2\/media?parent=31310"}],"wp:term":[{"taxonomy":"category","embeddable":true,"href":"https:\/\/franziskanergymnasium-kreuzburg.de\/cms\/wp-json\/wp\/v2\/categories?post=31310"},{"taxonomy":"post_tag","embeddable":true,"href":"https:\/\/franziskanergymnasium-kreuzburg.de\/cms\/wp-json\/wp\/v2\/tags?post=31310"}],"curies":[{"name":"wp","href":"https:\/\/api.w.org\/{rel}","templated":true}]}}