{"id":31319,"date":"2021-11-24T12:03:41","date_gmt":"2021-11-24T11:03:41","guid":{"rendered":"https:\/\/franziskanergymnasium-kreuzburg.de\/cms\/?p=31319"},"modified":"2021-11-25T10:43:58","modified_gmt":"2021-11-25T09:43:58","slug":"fruehschichten-im-advent-5","status":"publish","type":"post","link":"https:\/\/franziskanergymnasium-kreuzburg.de\/cms\/fruehschichten-im-advent-5\/","title":{"rendered":"Fr\u00fchschichten im Advent"},"content":{"rendered":"<a attid=\"31321\"  href=\"https:\/\/franziskanergymnasium-kreuzburg.de\/cms\/wp-content\/uploads\/2021\/11\/2021_12-Fruehschichten_Plakat.jpg\" rel=\"lightbox[31319]\"><img loading=\"lazy\" decoding=\"async\" src=\"https:\/\/franziskanergymnasium-kreuzburg.de\/cms\/wp-content\/uploads\/2021\/11\/2021_12-Fruehschichten_Plakat-212x300.jpg\" alt=\"\" width=\"212\" height=\"300\" class=\"alignright size-medium wp-image-31321\" srcset=\"https:\/\/franziskanergymnasium-kreuzburg.de\/cms\/wp-content\/uploads\/2021\/11\/2021_12-Fruehschichten_Plakat-212x300.jpg 212w, https:\/\/franziskanergymnasium-kreuzburg.de\/cms\/wp-content\/uploads\/2021\/11\/2021_12-Fruehschichten_Plakat-724x1024.jpg 724w, https:\/\/franziskanergymnasium-kreuzburg.de\/cms\/wp-content\/uploads\/2021\/11\/2021_12-Fruehschichten_Plakat-768x1087.jpg 768w, https:\/\/franziskanergymnasium-kreuzburg.de\/cms\/wp-content\/uploads\/2021\/11\/2021_12-Fruehschichten_Plakat.jpg 826w\" sizes=\"auto, (max-width: 212px) 100vw, 212px\" \/><\/a><h4>Morgendliche Andachten an den Donnerstagen im Advent &#8211;<br>\r\n6.30 Uhr am Brunnen zwischen Kloster und Schule<\/h4><p>\r\n\r\nAuch in diesem Jahr bieten die Mitarbeitenden des \u201eFranziskanischen Bildungswerkes\u201c im Advent morgendliche Kurzandachten im Freien an \u2013 soweit es die pandemische Lage gestattet. Adventliche Impulse werden die besonders gepr\u00e4gte Zeit des Adventes bereichern. <br>\r\nIm Anschluss gibt es ein warmes Getr\u00e4nk (Tee, Kaffee, Kakao) sowie eine Brezel\/ein s\u00fc\u00dfes Br\u00f6tchen auf die Hand.<br>\r\nEigene Kaffeebecher k\u00f6nnen gerne mitgebracht werden!<\/p><p>\r\n\r\nTermine: <br>\r\n02. Dez. 2021<br>\r\n09. Dez. 2021<br>\r\n16. Dez. 2021<br>\r\nJeweils um 6.30 Uhr<\/p><p>\r\n\r\nWir freuen uns auf dein\/ Ihr Kommen!<br>\r\nDas Team des FBWs<\/p>\r\n","protected":false},"excerpt":{"rendered":"Morgendliche Andachten an den Donnerstagen im Advent &#8211; 6.30 Uhr am Brunnen zwischen Kloster und Schule Auch in diesem Jahr bieten die Mitarbeitenden des \u201eFranziskanischen Bildungswerkes\u201c im Advent morgendliche Kurzandachten im Freien an \u2013 soweit es die pandemische Lage gestattet. Adventliche Impulse werden die besonders gepr\u00e4gte Zeit des Adventes bereichern. Im Anschluss gibt es ein warmes Getr\u00e4nk (Tee, Kaffee, Kakao) sowie eine Brezel\/ein s\u00fc\u00dfes Br\u00f6tchen auf die Hand. Eigene Kaffeebecher k\u00f6nnen gerne mitgebracht werden! Termine: 02. Dez. 2021 09. Dez. 2021 16. Dez. 2021 Jeweils um 6.30 Uhr Wir freuen uns auf dein\/ Ihr Kommen! Das Team des FBWs","protected":false},"author":3,"featured_media":31320,"comment_status":"closed","ping_status":"closed","sticky":false,"template":"","format":"standard","meta":{"ngg_post_thumbnail":0,"footnotes":""},"categories":[1],"tags":[],"class_list":["post-31319","post","type-post","status-publish","format-standard","has-post-thumbnail","hentry","category-allgemein"],"publishpress_future_action":{"enabled":false,"date":"2026-05-06 11:30:33","action":"change-status","newStatus":"draft","terms":[],"taxonomy":"category","extraData":[]},"publishpress_future_workflow_manual_trigger":{"enabledWorkflows":[]},"_links":{"self":[{"href":"https:\/\/franziskanergymnasium-kreuzburg.de\/cms\/wp-json\/wp\/v2\/posts\/31319","targetHints":{"allow":["GET"]}}],"collection":[{"href":"https:\/\/franziskanergymnasium-kreuzburg.de\/cms\/wp-json\/wp\/v2\/posts"}],"about":[{"href":"https:\/\/franziskanergymnasium-kreuzburg.de\/cms\/wp-json\/wp\/v2\/types\/post"}],"author":[{"embeddable":true,"href":"https:\/\/franziskanergymnasium-kreuzburg.de\/cms\/wp-json\/wp\/v2\/users\/3"}],"replies":[{"embeddable":true,"href":"https:\/\/franziskanergymnasium-kreuzburg.de\/cms\/wp-json\/wp\/v2\/comments?post=31319"}],"version-history":[{"count":6,"href":"https:\/\/franziskanergymnasium-kreuzburg.de\/cms\/wp-json\/wp\/v2\/posts\/31319\/revisions"}],"predecessor-version":[{"id":31334,"href":"https:\/\/franziskanergymnasium-kreuzburg.de\/cms\/wp-json\/wp\/v2\/posts\/31319\/revisions\/31334"}],"wp:featuredmedia":[{"embeddable":true,"href":"https:\/\/franziskanergymnasium-kreuzburg.de\/cms\/wp-json\/wp\/v2\/media\/31320"}],"wp:attachment":[{"href":"https:\/\/franziskanergymnasium-kreuzburg.de\/cms\/wp-json\/wp\/v2\/media?parent=31319"}],"wp:term":[{"taxonomy":"category","embeddable":true,"href":"https:\/\/franziskanergymnasium-kreuzburg.de\/cms\/wp-json\/wp\/v2\/categories?post=31319"},{"taxonomy":"post_tag","embeddable":true,"href":"https:\/\/franziskanergymnasium-kreuzburg.de\/cms\/wp-json\/wp\/v2\/tags?post=31319"}],"curies":[{"name":"wp","href":"https:\/\/api.w.org\/{rel}","templated":true}]}}