{"id":32262,"date":"2022-03-04T10:41:58","date_gmt":"2022-03-04T09:41:58","guid":{"rendered":"https:\/\/franziskanergymnasium-kreuzburg.de\/cms\/?p=32262"},"modified":"2022-03-05T17:12:10","modified_gmt":"2022-03-05T16:12:10","slug":"spendenaktion-fuer-wohnungslose","status":"publish","type":"post","link":"https:\/\/franziskanergymnasium-kreuzburg.de\/cms\/spendenaktion-fuer-wohnungslose\/","title":{"rendered":"Spendenaktion f\u00fcr Wohnungslose"},"content":{"rendered":"Die Klassen 10a und 10b berichten \u00fcber ihren Tag des sozialen Handelns:\r\n<em><p>Im Rahmen des Tages des sozialen Handelns h\u00e4tten wir normalerweise der Young-Caritas in Frankfurt geholfen, um Spenden an Wohnungslose bzw. Obdachlose zu verteilen. Doch aufgrund der <a attid=\"32264\"  href=\"https:\/\/franziskanergymnasium-kreuzburg.de\/cms\/wp-content\/uploads\/2022\/03\/2022_02Spendenaktion1.jpg\" rel=\"lightbox[32262]\"><img loading=\"lazy\" decoding=\"async\" src=\"https:\/\/franziskanergymnasium-kreuzburg.de\/cms\/wp-content\/uploads\/2022\/03\/2022_02Spendenaktion1-229x300.jpg\" alt=\"\" width=\"229\" height=\"300\" class=\"alignleft size-medium wp-image-32264\" srcset=\"https:\/\/franziskanergymnasium-kreuzburg.de\/cms\/wp-content\/uploads\/2022\/03\/2022_02Spendenaktion1-229x300.jpg 229w, https:\/\/franziskanergymnasium-kreuzburg.de\/cms\/wp-content\/uploads\/2022\/03\/2022_02Spendenaktion1.jpg 413w\" sizes=\"auto, (max-width: 229px) 100vw, 229px\" \/><\/a>aktuellen Corona-Situation war eine Fahrt nach Frankfurt leider nicht m\u00f6glich. So haben die Klassen 10a und 10b mit Herrn Wenzel von der Young Caritas einen gemeinsamen Projekttag per Videokonferenz durchgef\u00fchrt und \u00fcberlegt, was man trotzdem f\u00fcr die Wohnungslosen bzw. Obdachlosen tun kann. <\/p><p>\r\nSchlie\u00dflich entstand die Idee, eine Spendenaktion an der Kreuzburg durchzuf\u00fchren. Am selben Tag haben wir uns in Gruppen aufgeteilt, um die ganze Aktion zu planen. Durch Herrn Wenzel wussten wir, was von den Wohnungslosen\/Obdachlosen am meisten gebraucht wird. Dadurch konnten wir gezielt um Spenden bitten. Gesammelt wurden Hygieneartikel (z.B. Deo, Duschgel\u2026), M\u00fctzen, Schals, Socken, Winterjacken, Tagesrucks\u00e4cke sowie Decken. Wir haben sogar verschiedene Firmen angeschrieben und eine gr\u00f6\u00dfere Menge an Hygieneartikeln von Rewe bekommen.<\/p><p>\r\nAm Montag, dem 31. Januar, war alles bereit und wir starteten mit der Werbung \u00fcber unsere Spendenaktion. Durch Lautsprecherdurchsagen, Plakate, direkte Werbung in den einzelnen Klassen und auf der SEB-Vollversammlung machten wir auf die Aktion aufmerksam. In der Woche vom 07.02 bis zum 11.02 haben wir immer in den beiden Pausen Spenden entgegengenommen. <a attid=\"32263\"  href=\"https:\/\/franziskanergymnasium-kreuzburg.de\/cms\/wp-content\/uploads\/2022\/03\/2022_02Spendenaktion2.jpg\" rel=\"lightbox[32262]\"><img loading=\"lazy\" decoding=\"async\" src=\"https:\/\/franziskanergymnasium-kreuzburg.de\/cms\/wp-content\/uploads\/2022\/03\/2022_02Spendenaktion2-300x148.jpg\" alt=\"\" width=\"300\" height=\"148\" class=\"alignright size-medium wp-image-32263\" srcset=\"https:\/\/franziskanergymnasium-kreuzburg.de\/cms\/wp-content\/uploads\/2022\/03\/2022_02Spendenaktion2-300x148.jpg 300w, https:\/\/franziskanergymnasium-kreuzburg.de\/cms\/wp-content\/uploads\/2022\/03\/2022_02Spendenaktion2-1024x506.jpg 1024w, https:\/\/franziskanergymnasium-kreuzburg.de\/cms\/wp-content\/uploads\/2022\/03\/2022_02Spendenaktion2-768x379.jpg 768w, https:\/\/franziskanergymnasium-kreuzburg.de\/cms\/wp-content\/uploads\/2022\/03\/2022_02Spendenaktion2.jpg 1268w\" sizes=\"auto, (max-width: 300px) 100vw, 300px\" \/><\/a>Dabei war es gut, dass wir die Spendenaktion mit zwei Klassen durchgef\u00fchrt hatten. So konnten immer andere Sch\u00fclerinnen und Sch\u00fcler die vielen Spenden in den Pausen annehmen. <\/p><p>\r\nDie Spendenbereitschaft war so gro\u00df, dass wir schon am zweiten Tag sechs volle 120-Liter-S\u00e4cke hatten. Am Ende der Woche hatten wir insgesamt 32 S\u00e4cke und einen Stapel an Kisten mit Hygieneartikeln gesammelt. <\/p><p>\r\nWir m\u00f6chten der gesamten Schulgemeinde  f\u00fcr die Unterst\u00fctzung und die vielen Spenden ganz herzlich danken. Zudem gilt unser Dank Herrn Wenzel, Frau Wallisch und Herrn Hartelt, die vieles im Hintergrund organisiert hatten.<\/p><\/em>\r\n\r\n","protected":false},"excerpt":{"rendered":"Die Klassen 10a und 10b berichten \u00fcber ihren Tag des sozialen Handelns: Im Rahmen des Tages des sozialen Handelns h\u00e4tten wir normalerweise der Young-Caritas in Frankfurt geholfen, um Spenden an Wohnungslose bzw. Obdachlose zu verteilen. Doch aufgrund der aktuellen Corona-Situation war eine Fahrt nach Frankfurt leider nicht m\u00f6glich. So haben die Klassen 10a und 10b mit Herrn Wenzel von der Young Caritas einen gemeinsamen Projekttag per Videokonferenz durchgef\u00fchrt und \u00fcberlegt, was man trotzdem f\u00fcr die Wohnungslosen bzw. Obdachlosen tun kann. Schlie\u00dflich entstand die Idee, eine Spendenaktion an der Kreuzburg durchzuf\u00fchren. Am selben Tag haben wir uns in Gruppen aufgeteilt, um die ganze Aktion zu planen. Durch Herrn Wenzel wussten wir, was von den Wohnungslosen\/Obdachlosen am meisten gebraucht wird. Dadurch konnten wir gezielt um Spenden bitten. Gesammelt wurden Hygieneartikel (z.B. Deo, Duschgel\u2026), M\u00fctzen, Schals, Socken, Winterjacken, Tagesrucks\u00e4cke sowie Decken. Wir haben sogar verschiedene Firmen angeschrieben und eine gr\u00f6\u00dfere Menge an Hygieneartikeln von Rewe bekommen. Am Montag, dem 31. Januar, war alles bereit und wir starteten mit der Werbung \u00fcber unsere Spendenaktion. Durch Lautsprecherdurchsagen, Plakate, direkte Werbung in den einzelnen Klassen und auf der SEB-Vollversammlung machten wir auf die Aktion aufmerksam. In der Woche vom 07.02 bis zum 11.02 haben wir immer in den beiden Pausen Spenden entgegengenommen. Dabei war es gut, dass wir die Spendenaktion mit zwei Klassen durchgef\u00fchrt hatten. So konnten immer andere Sch\u00fclerinnen und Sch\u00fcler die vielen Spenden in den Pausen annehmen. Die Spendenbereitschaft war so gro\u00df, dass wir schon am zweiten Tag sechs volle 120-Liter-S\u00e4cke hatten. Am Ende der Woche hatten wir insgesamt 32 S\u00e4cke und einen Stapel an Kisten mit Hygieneartikeln gesammelt. Wir m\u00f6chten der gesamten Schulgemeinde f\u00fcr die Unterst\u00fctzung und die vielen Spenden ganz herzlich danken. Zudem gilt unser Dank Herrn Wenzel, Frau Wallisch und Herrn Hartelt, die vieles im Hintergrund organisiert hatten.","protected":false},"author":3,"featured_media":32263,"comment_status":"closed","ping_status":"closed","sticky":false,"template":"","format":"standard","meta":{"ngg_post_thumbnail":0,"footnotes":""},"categories":[1],"tags":[],"class_list":["post-32262","post","type-post","status-publish","format-standard","has-post-thumbnail","hentry","category-allgemein"],"publishpress_future_action":{"enabled":false,"date":"2026-05-10 11:45:24","action":"change-status","newStatus":"draft","terms":[],"taxonomy":"category","extraData":[]},"publishpress_future_workflow_manual_trigger":{"enabledWorkflows":[]},"_links":{"self":[{"href":"https:\/\/franziskanergymnasium-kreuzburg.de\/cms\/wp-json\/wp\/v2\/posts\/32262","targetHints":{"allow":["GET"]}}],"collection":[{"href":"https:\/\/franziskanergymnasium-kreuzburg.de\/cms\/wp-json\/wp\/v2\/posts"}],"about":[{"href":"https:\/\/franziskanergymnasium-kreuzburg.de\/cms\/wp-json\/wp\/v2\/types\/post"}],"author":[{"embeddable":true,"href":"https:\/\/franziskanergymnasium-kreuzburg.de\/cms\/wp-json\/wp\/v2\/users\/3"}],"replies":[{"embeddable":true,"href":"https:\/\/franziskanergymnasium-kreuzburg.de\/cms\/wp-json\/wp\/v2\/comments?post=32262"}],"version-history":[{"count":4,"href":"https:\/\/franziskanergymnasium-kreuzburg.de\/cms\/wp-json\/wp\/v2\/posts\/32262\/revisions"}],"predecessor-version":[{"id":32294,"href":"https:\/\/franziskanergymnasium-kreuzburg.de\/cms\/wp-json\/wp\/v2\/posts\/32262\/revisions\/32294"}],"wp:featuredmedia":[{"embeddable":true,"href":"https:\/\/franziskanergymnasium-kreuzburg.de\/cms\/wp-json\/wp\/v2\/media\/32263"}],"wp:attachment":[{"href":"https:\/\/franziskanergymnasium-kreuzburg.de\/cms\/wp-json\/wp\/v2\/media?parent=32262"}],"wp:term":[{"taxonomy":"category","embeddable":true,"href":"https:\/\/franziskanergymnasium-kreuzburg.de\/cms\/wp-json\/wp\/v2\/categories?post=32262"},{"taxonomy":"post_tag","embeddable":true,"href":"https:\/\/franziskanergymnasium-kreuzburg.de\/cms\/wp-json\/wp\/v2\/tags?post=32262"}],"curies":[{"name":"wp","href":"https:\/\/api.w.org\/{rel}","templated":true}]}}