{"id":32266,"date":"2022-03-04T12:36:49","date_gmt":"2022-03-04T11:36:49","guid":{"rendered":"https:\/\/franziskanergymnasium-kreuzburg.de\/cms\/?p=32266"},"modified":"2022-03-04T12:36:49","modified_gmt":"2022-03-04T11:36:49","slug":"unsere-zeit-fuer-den-frieden-friedensgebete","status":"publish","type":"post","link":"https:\/\/franziskanergymnasium-kreuzburg.de\/cms\/unsere-zeit-fuer-den-frieden-friedensgebete\/","title":{"rendered":"Unsere Zeit f\u00fcr den Frieden \u2013 Friedensgebete"},"content":{"rendered":"<a attid=\"32269\"  href=\"https:\/\/franziskanergymnasium-kreuzburg.de\/cms\/wp-content\/uploads\/2022\/03\/2022-Plakat_Friedensgebete-002.jpg\" rel=\"lightbox[32266]\"><img loading=\"lazy\" decoding=\"async\" src=\"https:\/\/franziskanergymnasium-kreuzburg.de\/cms\/wp-content\/uploads\/2022\/03\/2022-Plakat_Friedensgebete-002-300x212.jpg\" alt=\"\" width=\"300\" height=\"212\" class=\"alignright size-medium wp-image-32269\" srcset=\"https:\/\/franziskanergymnasium-kreuzburg.de\/cms\/wp-content\/uploads\/2022\/03\/2022-Plakat_Friedensgebete-002-300x212.jpg 300w, https:\/\/franziskanergymnasium-kreuzburg.de\/cms\/wp-content\/uploads\/2022\/03\/2022-Plakat_Friedensgebete-002-1024x724.jpg 1024w, https:\/\/franziskanergymnasium-kreuzburg.de\/cms\/wp-content\/uploads\/2022\/03\/2022-Plakat_Friedensgebete-002-768x543.jpg 768w, https:\/\/franziskanergymnasium-kreuzburg.de\/cms\/wp-content\/uploads\/2022\/03\/2022-Plakat_Friedensgebete-002.jpg 1345w\" sizes=\"auto, (max-width: 300px) 100vw, 300px\" \/><\/a><\/a><p>Auch in diesem Jahr waren f\u00fcr die Wochen der \u00f6sterlichen Bu\u00dfzeit Fastenimpulse vorgesehen, die wir Ihnen  auf der Homepage zur Verf\u00fcgung stellen wollten. Angesichts des Krieges in der Ukraine werden wir die Anregungen nicht wie vorgesehen durchf\u00fchren.\r\nStattdessen wollen wir jeweils dienstags zu Beginn der 1. Stunde in der Schule f\u00fcr den Frieden beten.<\/p><p>\r\n\r\nAb Dienstag wird in der Aula ein F\u00fcrbittbuch bereitliegen, in das alle ihre Bitten schreiben k\u00f6nnen. Diese sollen w\u00e4hrend der kommenden Friedensgebete ihren Platz finden. Auch wird die Gemeinschaft der Franziskaner in ihren t\u00e4glichen Gebetszeiten diese Bitten aufgreifen und mittragen.<\/p><p>\r\n\r\nWir w\u00fcnschen Ihnen Zuversicht und GOTTES Segen in diesen schweren Zeiten.<\/p>\r\n","protected":false},"excerpt":{"rendered":"Auch in diesem Jahr waren f\u00fcr die Wochen der \u00f6sterlichen Bu\u00dfzeit Fastenimpulse vorgesehen, die wir Ihnen auf der Homepage zur Verf\u00fcgung stellen wollten. Angesichts des Krieges in der Ukraine werden wir die Anregungen nicht wie vorgesehen durchf\u00fchren. Stattdessen wollen wir jeweils dienstags zu Beginn der 1. Stunde in der Schule f\u00fcr den Frieden beten. Ab Dienstag wird in der Aula ein F\u00fcrbittbuch bereitliegen, in das alle ihre Bitten schreiben k\u00f6nnen. Diese sollen w\u00e4hrend der kommenden Friedensgebete ihren Platz finden. Auch wird die Gemeinschaft der Franziskaner in ihren t\u00e4glichen Gebetszeiten diese Bitten aufgreifen und mittragen. Wir w\u00fcnschen Ihnen Zuversicht und GOTTES Segen in diesen schweren Zeiten.","protected":false},"author":3,"featured_media":32269,"comment_status":"closed","ping_status":"closed","sticky":false,"template":"","format":"standard","meta":{"ngg_post_thumbnail":0,"footnotes":""},"categories":[1],"tags":[],"class_list":["post-32266","post","type-post","status-publish","format-standard","has-post-thumbnail","hentry","category-allgemein"],"publishpress_future_action":{"enabled":false,"date":"2026-05-06 13:51:50","action":"change-status","newStatus":"draft","terms":[],"taxonomy":"category","extraData":[]},"publishpress_future_workflow_manual_trigger":{"enabledWorkflows":[]},"_links":{"self":[{"href":"https:\/\/franziskanergymnasium-kreuzburg.de\/cms\/wp-json\/wp\/v2\/posts\/32266","targetHints":{"allow":["GET"]}}],"collection":[{"href":"https:\/\/franziskanergymnasium-kreuzburg.de\/cms\/wp-json\/wp\/v2\/posts"}],"about":[{"href":"https:\/\/franziskanergymnasium-kreuzburg.de\/cms\/wp-json\/wp\/v2\/types\/post"}],"author":[{"embeddable":true,"href":"https:\/\/franziskanergymnasium-kreuzburg.de\/cms\/wp-json\/wp\/v2\/users\/3"}],"replies":[{"embeddable":true,"href":"https:\/\/franziskanergymnasium-kreuzburg.de\/cms\/wp-json\/wp\/v2\/comments?post=32266"}],"version-history":[{"count":5,"href":"https:\/\/franziskanergymnasium-kreuzburg.de\/cms\/wp-json\/wp\/v2\/posts\/32266\/revisions"}],"predecessor-version":[{"id":32286,"href":"https:\/\/franziskanergymnasium-kreuzburg.de\/cms\/wp-json\/wp\/v2\/posts\/32266\/revisions\/32286"}],"wp:featuredmedia":[{"embeddable":true,"href":"https:\/\/franziskanergymnasium-kreuzburg.de\/cms\/wp-json\/wp\/v2\/media\/32269"}],"wp:attachment":[{"href":"https:\/\/franziskanergymnasium-kreuzburg.de\/cms\/wp-json\/wp\/v2\/media?parent=32266"}],"wp:term":[{"taxonomy":"category","embeddable":true,"href":"https:\/\/franziskanergymnasium-kreuzburg.de\/cms\/wp-json\/wp\/v2\/categories?post=32266"},{"taxonomy":"post_tag","embeddable":true,"href":"https:\/\/franziskanergymnasium-kreuzburg.de\/cms\/wp-json\/wp\/v2\/tags?post=32266"}],"curies":[{"name":"wp","href":"https:\/\/api.w.org\/{rel}","templated":true}]}}