{"id":32274,"date":"2022-03-04T12:35:13","date_gmt":"2022-03-04T11:35:13","guid":{"rendered":"https:\/\/franziskanergymnasium-kreuzburg.de\/cms\/?p=32274"},"modified":"2022-03-11T12:44:40","modified_gmt":"2022-03-11T11:44:40","slug":"aenderung-der-oeffnungszeiten-der-schuelerbibliothek","status":"publish","type":"post","link":"https:\/\/franziskanergymnasium-kreuzburg.de\/cms\/aenderung-der-oeffnungszeiten-der-schuelerbibliothek\/","title":{"rendered":"\u00c4nderung der \u00d6ffnungszeiten der Sch\u00fclerbibliothek"},"content":{"rendered":"<p>\r\n\r\nDie Sch\u00fclerbibliothek ist ab sofort in der ersten Pause geschlossen, \r\ndaf\u00fcr in der zweiten Pause ge\u00f6ffnet.<\/p><p>\r\n\r\nSch\u00fclerinnen und Sch\u00fcler, die sich in der ersten Pause testen oder Lexika f\u00fcr Klausuren holen wollen,\r\nklopfen bitte an die T\u00fcr.<\/p><p>\r\n\r\nW\u00e4hrend der Pausen\u00f6ffnung in der zweiten Pause k\u00f6nnen B\u00fccher ausgeliehen oder zur\u00fcckgebracht werden.<br>\r\nAuch die Impf- und Genesenenzertifikate k\u00f6nnen weiterhin vorgezeigt werden.<br>\r\nDie Bibliothek ist w\u00e4hrend der Pause allerdings kein Arbeitsraum.\r\n\r\n<strong>Die Benutzung technischer Ger\u00e4te (Laptops, Comupter) ist in dieser Zeit nicht erlaubt!<\/strong><\/p><p>\r\n\r\nHier nochmals die neuen \u00d6ffnungszeiten auf einen Blick:<\/p><p>\r\n<table style=\"border-collapse: collapse; width: 65%; height: 120px;\">\r\n<tbody>\r\n<tr style=\"height: 24px;\">\r\n<td style=\"width: 25%; height: 24px;\">Montag :<\/td>\r\n<td style=\"width: 30%; height: 24px;\">&nbsp;7:30 \u2013 9:00 Uhr<\/td>\r\n<td style=\"width: 30%; height: 24px;\">9:15 &#8211; 15:00 Uhr<\/td>\r\n<\/tr>\r\n<tr style=\"height: 24px;\">\r\n<td style=\"width: 25%; height: 24px;\">Dienstag :<\/td>\r\n<td style=\"width: 30%; height: 24px;\">&nbsp;7:30 \u2013 9:00 Uhr<\/td>\r\n<td style=\"width: 30%; height: 24px;\">9:15 &#8211; 13:30 Uhr<\/td>\r\n<\/tr>\r\n<tr style=\"height: 24px;\">\r\n<td style=\"width: 25%; height: 24px;\">Mittwoch :<\/td>\r\n<td style=\"width: 30%; height: 24px;\">&nbsp;7:30 \u2013 9:00 Uhr<\/td>\r\n<td style=\"width: 30%; height: 24px;\">9:15 &#8211; 15:00 Uhr<\/td>\r\n<\/tr>\r\n<tr style=\"height: 24px;\">\r\n<td style=\"width: 25%; height: 24px;\">Donnerstag :<\/td>\r\n<td style=\"width: 30%; height: 24px;\">&nbsp;7:30 \u2013 9:00 Uhr<\/td>\r\n<td style=\"width: 30%; height: 24px;\">9:15 &#8211; 13:30 Uhr<\/td>\r\n<\/tr>\r\n<tr style=\"height: 24px;\">\r\n<td style=\"width: 25%; height: 24px;\">Freitag :<\/td>\r\n<td style=\"width: 30%; height: 24px;\">7:30 \u2013 9:00 Uhr<\/td>\r\n<td style=\"width: 30%; height: 24px;\">9:15 &#8211; 15:00 Uhr<\/td>\r\n<\/tr>\r\n<\/tbody>\r\n<\/table><\/p>\r\n","protected":false},"excerpt":{"rendered":"Die Sch\u00fclerbibliothek ist ab sofort in der ersten Pause geschlossen, daf\u00fcr in der zweiten Pause ge\u00f6ffnet. Sch\u00fclerinnen und Sch\u00fcler, die sich in der ersten Pause testen oder Lexika f\u00fcr Klausuren holen wollen, klopfen bitte an die T\u00fcr. W\u00e4hrend der Pausen\u00f6ffnung in der zweiten Pause k\u00f6nnen B\u00fccher ausgeliehen oder zur\u00fcckgebracht werden. Auch die Impf- und Genesenenzertifikate k\u00f6nnen weiterhin vorgezeigt werden. Die Bibliothek ist w\u00e4hrend der Pause allerdings kein Arbeitsraum. Die Benutzung technischer Ger\u00e4te (Laptops, Comupter) ist in dieser Zeit nicht erlaubt! Hier nochmals die neuen \u00d6ffnungszeiten auf einen Blick: Montag : &nbsp;7:30 \u2013 9:00 Uhr 9:15 &#8211; 15:00 Uhr Dienstag : &nbsp;7:30 \u2013 9:00 Uhr 9:15 &#8211; 13:30 Uhr Mittwoch : &nbsp;7:30 \u2013 9:00 Uhr 9:15 &#8211; 15:00 Uhr Donnerstag : &nbsp;7:30 \u2013 9:00 Uhr 9:15 &#8211; 13:30 Uhr Freitag : 7:30 \u2013 9:00 Uhr 9:15 &#8211; 15:00 Uhr","protected":false},"author":3,"featured_media":32291,"comment_status":"closed","ping_status":"closed","sticky":false,"template":"","format":"standard","meta":{"ngg_post_thumbnail":0,"footnotes":""},"categories":[1],"tags":[],"class_list":["post-32274","post","type-post","status-publish","format-standard","has-post-thumbnail","hentry","category-allgemein"],"publishpress_future_action":{"enabled":false,"date":"2026-05-08 11:51:15","action":"change-status","newStatus":"draft","terms":[],"taxonomy":"category","extraData":[]},"publishpress_future_workflow_manual_trigger":{"enabledWorkflows":[]},"_links":{"self":[{"href":"https:\/\/franziskanergymnasium-kreuzburg.de\/cms\/wp-json\/wp\/v2\/posts\/32274","targetHints":{"allow":["GET"]}}],"collection":[{"href":"https:\/\/franziskanergymnasium-kreuzburg.de\/cms\/wp-json\/wp\/v2\/posts"}],"about":[{"href":"https:\/\/franziskanergymnasium-kreuzburg.de\/cms\/wp-json\/wp\/v2\/types\/post"}],"author":[{"embeddable":true,"href":"https:\/\/franziskanergymnasium-kreuzburg.de\/cms\/wp-json\/wp\/v2\/users\/3"}],"replies":[{"embeddable":true,"href":"https:\/\/franziskanergymnasium-kreuzburg.de\/cms\/wp-json\/wp\/v2\/comments?post=32274"}],"version-history":[{"count":10,"href":"https:\/\/franziskanergymnasium-kreuzburg.de\/cms\/wp-json\/wp\/v2\/posts\/32274\/revisions"}],"predecessor-version":[{"id":32353,"href":"https:\/\/franziskanergymnasium-kreuzburg.de\/cms\/wp-json\/wp\/v2\/posts\/32274\/revisions\/32353"}],"wp:featuredmedia":[{"embeddable":true,"href":"https:\/\/franziskanergymnasium-kreuzburg.de\/cms\/wp-json\/wp\/v2\/media\/32291"}],"wp:attachment":[{"href":"https:\/\/franziskanergymnasium-kreuzburg.de\/cms\/wp-json\/wp\/v2\/media?parent=32274"}],"wp:term":[{"taxonomy":"category","embeddable":true,"href":"https:\/\/franziskanergymnasium-kreuzburg.de\/cms\/wp-json\/wp\/v2\/categories?post=32274"},{"taxonomy":"post_tag","embeddable":true,"href":"https:\/\/franziskanergymnasium-kreuzburg.de\/cms\/wp-json\/wp\/v2\/tags?post=32274"}],"curies":[{"name":"wp","href":"https:\/\/api.w.org\/{rel}","templated":true}]}}