{"id":32339,"date":"2022-03-11T11:04:40","date_gmt":"2022-03-11T10:04:40","guid":{"rendered":"https:\/\/franziskanergymnasium-kreuzburg.de\/cms\/?p=32339"},"modified":"2022-03-15T16:06:17","modified_gmt":"2022-03-15T15:06:17","slug":"verkauf-abi-zeitung","status":"publish","type":"post","link":"https:\/\/franziskanergymnasium-kreuzburg.de\/cms\/verkauf-abi-zeitung\/","title":{"rendered":"Verkauf Abi-Zeitung"},"content":{"rendered":"<p>Das Abi-Presseteam informiert:<\/p><p>\r\n<em>Der Vorverkauf der Abizeitung des diesj\u00e4hrigen Abiturjahrgangs beginnt!!!<br>\r\nDruckt daf\u00fcr einfach das Dokument <a attid=\"32340\" href=\"https:\/\/franziskanergymnasium-kreuzburg.de\/cms\/wp-content\/uploads\/2022\/03\/Bestellschein-Abizeitung-2022.pdf\" target=\"_blank\" rel=\"noopener\">hier<\/a> aus und gebt es ausgef\u00fcllt mit 16 \u20ac bei uns ab. Wir werden ab Montag, den 14.03. in den gro\u00dfen Pausen im Foyer zu finden sein. <br>\r\nVom 20. bis 25. Juni k\u00f6nnt ihr dann eure vorbestellte Zeitung mit dem Ticket, das ihr beim Vorbestellen ausgeh\u00e4ndigt bekommt, in der Schule abholen.\r\nNat\u00fcrlich kann die Zeitung auch erst in der Juni-Woche erworben werden (solange der Vorrat reicht).<\/p><p>\r\nWir freuen uns, wenn ihr unseren Jahrgang mit dem Kauf dieser Zeitung unterst\u00fctzt :). <\/em><\/p>\r\n\r\n","protected":false},"excerpt":{"rendered":"Das Abi-Presseteam informiert: Der Vorverkauf der Abizeitung des diesj\u00e4hrigen Abiturjahrgangs beginnt!!! Druckt daf\u00fcr einfach das Dokument hier aus und gebt es ausgef\u00fcllt mit 16 \u20ac bei uns ab. Wir werden ab Montag, den 14.03. in den gro\u00dfen Pausen im Foyer zu finden sein. Vom 20. bis 25. Juni k\u00f6nnt ihr dann eure vorbestellte Zeitung mit dem Ticket, das ihr beim Vorbestellen ausgeh\u00e4ndigt bekommt, in der Schule abholen. Nat\u00fcrlich kann die Zeitung auch erst in der Juni-Woche erworben werden (solange der Vorrat reicht). Wir freuen uns, wenn ihr unseren Jahrgang mit dem Kauf dieser Zeitung unterst\u00fctzt :).","protected":false},"author":3,"featured_media":32341,"comment_status":"closed","ping_status":"closed","sticky":false,"template":"","format":"standard","meta":{"ngg_post_thumbnail":0,"footnotes":""},"categories":[1],"tags":[],"class_list":["post-32339","post","type-post","status-publish","format-standard","has-post-thumbnail","hentry","category-allgemein"],"publishpress_future_action":{"enabled":false,"date":"2026-05-06 11:30:38","action":"change-status","newStatus":"draft","terms":[],"taxonomy":"category","extraData":[]},"publishpress_future_workflow_manual_trigger":{"enabledWorkflows":[]},"_links":{"self":[{"href":"https:\/\/franziskanergymnasium-kreuzburg.de\/cms\/wp-json\/wp\/v2\/posts\/32339","targetHints":{"allow":["GET"]}}],"collection":[{"href":"https:\/\/franziskanergymnasium-kreuzburg.de\/cms\/wp-json\/wp\/v2\/posts"}],"about":[{"href":"https:\/\/franziskanergymnasium-kreuzburg.de\/cms\/wp-json\/wp\/v2\/types\/post"}],"author":[{"embeddable":true,"href":"https:\/\/franziskanergymnasium-kreuzburg.de\/cms\/wp-json\/wp\/v2\/users\/3"}],"replies":[{"embeddable":true,"href":"https:\/\/franziskanergymnasium-kreuzburg.de\/cms\/wp-json\/wp\/v2\/comments?post=32339"}],"version-history":[{"count":7,"href":"https:\/\/franziskanergymnasium-kreuzburg.de\/cms\/wp-json\/wp\/v2\/posts\/32339\/revisions"}],"predecessor-version":[{"id":32394,"href":"https:\/\/franziskanergymnasium-kreuzburg.de\/cms\/wp-json\/wp\/v2\/posts\/32339\/revisions\/32394"}],"wp:featuredmedia":[{"embeddable":true,"href":"https:\/\/franziskanergymnasium-kreuzburg.de\/cms\/wp-json\/wp\/v2\/media\/32341"}],"wp:attachment":[{"href":"https:\/\/franziskanergymnasium-kreuzburg.de\/cms\/wp-json\/wp\/v2\/media?parent=32339"}],"wp:term":[{"taxonomy":"category","embeddable":true,"href":"https:\/\/franziskanergymnasium-kreuzburg.de\/cms\/wp-json\/wp\/v2\/categories?post=32339"},{"taxonomy":"post_tag","embeddable":true,"href":"https:\/\/franziskanergymnasium-kreuzburg.de\/cms\/wp-json\/wp\/v2\/tags?post=32339"}],"curies":[{"name":"wp","href":"https:\/\/api.w.org\/{rel}","templated":true}]}}