{"id":3256,"date":"2014-07-03T16:30:31","date_gmt":"2014-07-03T14:30:31","guid":{"rendered":"http:\/\/franziskanergymnasium-kreuzburg.de\/cms\/?p=3256"},"modified":"2016-02-17T13:38:48","modified_gmt":"2016-02-17T12:38:48","slug":"des-kanzlers-general-peter-tauber-zu-besuch-an-der-kreuzburg","status":"publish","type":"post","link":"https:\/\/franziskanergymnasium-kreuzburg.de\/cms\/des-kanzlers-general-peter-tauber-zu-besuch-an-der-kreuzburg\/","title":{"rendered":"Des Kanzlers General, Peter Tauber, zu Besuch an der Kreuzburg"},"content":{"rendered":"<em>Ein Bericht von Zsofia Z. (11. Jahrgangsstufe)<\/em>\r\n<a href=\"http:\/\/franziskanergymnasium-kreuzburg.de\/cms\/wp-content\/uploads\/2014\/07\/2014_06BesuchTauber.jpg\" data-rel=fancybox rel=\"lightbox[3256]\"><img loading=\"lazy\" decoding=\"async\" class=\"alignright  wp-image-3257\" src=\"http:\/\/franziskanergymnasium-kreuzburg.de\/cms\/wp-content\/uploads\/2014\/07\/2014_06BesuchTauber-1024x768.jpg\" alt=\"OLYMPUS DIGITAL CAMERA\" width=\"256\" height=\"192\" srcset=\"https:\/\/franziskanergymnasium-kreuzburg.de\/cms\/wp-content\/uploads\/2014\/07\/2014_06BesuchTauber-1024x768.jpg 1024w, https:\/\/franziskanergymnasium-kreuzburg.de\/cms\/wp-content\/uploads\/2014\/07\/2014_06BesuchTauber-300x225.jpg 300w, https:\/\/franziskanergymnasium-kreuzburg.de\/cms\/wp-content\/uploads\/2014\/07\/2014_06BesuchTauber-440x330.jpg 440w, https:\/\/franziskanergymnasium-kreuzburg.de\/cms\/wp-content\/uploads\/2014\/07\/2014_06BesuchTauber.jpg 1200w\" sizes=\"auto, (max-width: 256px) 100vw, 256px\" \/><\/a>Am Donnerstag, den 12. Juni 2014, fand in den ersten zwei Stunden ein Informationsgespr\u00e4ch mit dem Sprachrohr der Bundeskanzlerin und Generalsekret\u00e4r der CDU, Dr. Peter Tauber MdB, statt, an dem alle Sch\u00fcler der Q2 verpflichtend teilnahmen. Die Vorbereitungen auf dieses Gespr\u00e4ch liefen schon mehrere Wochen zuvor: Einige Kurse stellten einen Fragenkatalog, bestehend aus \u00fcber 100 Fragen aus allen m\u00f6glichen politischen Bereichen zusammen, um gut auf das Gespr\u00e4ch vorbereitet zu sein. Moderiert wurde das Gespr\u00e4ch von zwei Sch\u00fclern aus dem Jahrgang, Mara U. und Lukas M.\r\n<a href=\"http:\/\/franziskanergymnasium-kreuzburg.de\/cms\/wp-content\/uploads\/2014\/07\/2014_06BesuchTauber1.jpg\" data-rel=fancybox rel=\"lightbox[3256]\"><img loading=\"lazy\" decoding=\"async\" class=\"alignleft  wp-image-3258\" src=\"http:\/\/franziskanergymnasium-kreuzburg.de\/cms\/wp-content\/uploads\/2014\/07\/2014_06BesuchTauber1-746x1024.jpg\" alt=\"OLYMPUS DIGITAL CAMERA\" width=\"157\" height=\"216\" srcset=\"https:\/\/franziskanergymnasium-kreuzburg.de\/cms\/wp-content\/uploads\/2014\/07\/2014_06BesuchTauber1-746x1024.jpg 746w, https:\/\/franziskanergymnasium-kreuzburg.de\/cms\/wp-content\/uploads\/2014\/07\/2014_06BesuchTauber1-218x300.jpg 218w, https:\/\/franziskanergymnasium-kreuzburg.de\/cms\/wp-content\/uploads\/2014\/07\/2014_06BesuchTauber1.jpg 875w\" sizes=\"auto, (max-width: 157px) 100vw, 157px\" \/><\/a>Nachdem Peter Tauber von der Schulleitung begr\u00fc\u00dft wurde, stellte er sich kurz vor und sagte einige Worte zu seiner Person und seiner Aufgabe, auch dazu, was ihn eigentlich mit unserer Schule verbindet: Einige seiner Mitarbeiter besuchten die Kreuzburg und er selbst sei schon drei Mal zu Sch\u00fclergespr\u00e4chen eingeladen worden. Danach starteten Lukas und Mara direkt mit dem Fragenkatalog, um die Zeit so gut wie m\u00f6glich auszunutzen. Falls w\u00e4hrend dem Gespr\u00e4ch noch zus\u00e4tzliche Fragen aufkamen, konnten diese selbstverst\u00e4ndlich gestellt werden.\r\nAls erster gro\u00dfer Bereich wurde die Innenpolitik angesprochen, Peter Tauber sollte Stellung zur NSA-Aff\u00e4re und dem Konflikt \u00fcber die Vorratsdatenspeicherung nehmen. Er betonte, dass es vor allem einen gro\u00dfen Aufruhr gegeben habe, da man die Amerikaner immer als Verb\u00fcndete angesehen hatte und man die Aufdeckung dieser Aff\u00e4re als Vertrauensbruch empfand. Der Vorratsdatenspeicherung stehe er eher kritisch gegen\u00fcber, da durch sie das Gesetz der unantastbaren Privatsph\u00e4re gebrochen werde.\r\nDas zweite gro\u00dfe Thema war die Internationale Politik sowie die Sicherheits- und Au\u00dfenpolitik, wobei sofort ein sehr aktueller Konflikt, n\u00e4mlich die Krim-Krise, angesprochen wurde. Peter Tauber h\u00e4lt die Vorgehensweise von Putin f\u00fcr v\u00f6lkerrechtswidrig und findet, die Konsequenz daraus, dass Russland aus dem G8-Gipfel ausgeschlossen wurde, durchaus angebracht. Die Best\u00fcrzung der Regierung zu diesem Thema sei besonders gro\u00df gewesen, da man nach unserer politischen Anschauung Konflikte nicht durch Waffengewalt, sondern viel eher durch das Gespr\u00e4ch l\u00f6st.\r\nEin weiterer gro\u00dfer Punkt war das Freihandelsabkommen zwischen EU\/Deutschland und den USA. Laut Tauber sei dieses Abkommen noch lange keine beschlossene Sache, da es noch zu viele Punkte gibt, in denen die beiden Staaten nicht \u00fcbereinstimmen und in denen sie sich noch nicht geeinigt haben. Es wurde hochgerechnet, dass jeder B\u00fcrger Deutschlands j\u00e4hrlich 500 \u20ac mehr zur Verf\u00fcgung h\u00e4tte, da zahlreiche Produkte durch den Entfall von Steuern und Z\u00f6llen viel billiger werden k\u00f6nnten.\r\n<a href=\"http:\/\/franziskanergymnasium-kreuzburg.de\/cms\/wp-content\/uploads\/2014\/07\/2014_06BesuchTauber2.jpg\" data-rel=fancybox rel=\"lightbox[3256]\"><img loading=\"lazy\" decoding=\"async\" class=\"alignright  wp-image-3259\" src=\"http:\/\/franziskanergymnasium-kreuzburg.de\/cms\/wp-content\/uploads\/2014\/07\/2014_06BesuchTauber2-1024x686.jpg\" alt=\"OLYMPUS DIGITAL CAMERA\" width=\"272\" height=\"182\" srcset=\"https:\/\/franziskanergymnasium-kreuzburg.de\/cms\/wp-content\/uploads\/2014\/07\/2014_06BesuchTauber2-1024x686.jpg 1024w, https:\/\/franziskanergymnasium-kreuzburg.de\/cms\/wp-content\/uploads\/2014\/07\/2014_06BesuchTauber2-300x201.jpg 300w, https:\/\/franziskanergymnasium-kreuzburg.de\/cms\/wp-content\/uploads\/2014\/07\/2014_06BesuchTauber2.jpg 1200w\" sizes=\"auto, (max-width: 272px) 100vw, 272px\" \/><\/a>Zum Thema Europawahl kam die Frage auf, wieso die Wahlbeteiligung denn so niedrig war. Es existiere die Theorie, dass die Wahlbeteiligung nur deshalb so niedrig war, da so viele B\u00fcrger zufrieden mit der Politik sind, diese als stabil ansehen und nicht das Bed\u00fcrfnis haben, f\u00fcr eine \u00c4nderung zu stimmen \u2013 im Gegensatz dazu war die Wahlbeteiligung in der Weimarer Republik 1933 am h\u00f6chsten, da die Bev\u00f6lkerung zu dieser Zeit am unzufriedensten war.\r\nSomit war der Fragenkatalog abgeschlossen, einige Worte verlor Tauber noch zu seiner Person und Ansicht der Politik. Als Generalsekret\u00e4r der CDU habe er die Aufgabe, seine gesamte Partei und nicht nur seine eigene politische Meinung zu vertreten. Er sieht sich ganz klassisch als Vertreter des Volkes und ist sich der enormen Verantwortung, die er dadurch tr\u00e4gt, bewusst.\r\n<a href=\"http:\/\/franziskanergymnasium-kreuzburg.de\/cms\/wp-content\/uploads\/2014\/07\/2014_06BesuchTauber3.jpg\" data-rel=fancybox rel=\"lightbox[3256]\"><img loading=\"lazy\" decoding=\"async\" class=\"alignleft  wp-image-3260\" src=\"http:\/\/franziskanergymnasium-kreuzburg.de\/cms\/wp-content\/uploads\/2014\/07\/2014_06BesuchTauber3-1024x768.jpg\" alt=\"OLYMPUS DIGITAL CAMERA\" width=\"313\" height=\"235\" srcset=\"https:\/\/franziskanergymnasium-kreuzburg.de\/cms\/wp-content\/uploads\/2014\/07\/2014_06BesuchTauber3-1024x768.jpg 1024w, https:\/\/franziskanergymnasium-kreuzburg.de\/cms\/wp-content\/uploads\/2014\/07\/2014_06BesuchTauber3-300x225.jpg 300w, https:\/\/franziskanergymnasium-kreuzburg.de\/cms\/wp-content\/uploads\/2014\/07\/2014_06BesuchTauber3.jpg 1200w\" sizes=\"auto, (max-width: 313px) 100vw, 313px\" \/><\/a>Beim Klingeln zur ersten Pause wurde Peter Tauber mit einem gro\u00dfen Applaus verabschiedet und erhielt eine \u201eKreuzburg-Medaille\u201c. Insgesamt war das Informationsgespr\u00e4ch hoch interessant und eine einmalige Gelegenheit, Einsicht in die Ansichten eines so hochrangigen Politikers zu erlangen.\r\nAusf\u00fchrlicher Bericht erfolgt im n\u00e4chsten contact.","protected":false},"excerpt":{"rendered":"Ein Bericht von Zsofia Z. (11. Jahrgangsstufe) Am Donnerstag, den 12. Juni 2014, fand in den ersten zwei Stunden ein Informationsgespr\u00e4ch mit dem Sprachrohr der Bundeskanzlerin und Generalsekret\u00e4r der CDU, Dr. Peter Tauber MdB, statt, an dem alle Sch\u00fcler der Q2 verpflichtend teilnahmen. Die Vorbereitungen auf dieses Gespr\u00e4ch liefen schon mehrere Wochen zuvor: Einige Kurse stellten einen Fragenkatalog, bestehend aus \u00fcber 100 Fragen aus allen m\u00f6glichen politischen Bereichen zusammen, um gut auf das Gespr\u00e4ch vorbereitet zu sein. Moderiert wurde das Gespr\u00e4ch von zwei Sch\u00fclern aus dem Jahrgang, Mara U. und Lukas M. Nachdem Peter Tauber von der Schulleitung begr\u00fc\u00dft wurde, stellte er sich kurz vor und sagte einige Worte zu seiner Person und seiner Aufgabe, auch dazu, was ihn eigentlich mit unserer Schule verbindet: Einige seiner Mitarbeiter besuchten die Kreuzburg und er selbst sei schon drei Mal zu Sch\u00fclergespr\u00e4chen eingeladen worden. Danach starteten Lukas und Mara direkt mit dem Fragenkatalog, um die Zeit so gut wie m\u00f6glich auszunutzen. Falls w\u00e4hrend dem Gespr\u00e4ch noch zus\u00e4tzliche Fragen aufkamen, konnten diese selbstverst\u00e4ndlich gestellt werden. Als erster gro\u00dfer Bereich wurde die Innenpolitik angesprochen, Peter Tauber sollte Stellung zur NSA-Aff\u00e4re und dem Konflikt \u00fcber die Vorratsdatenspeicherung nehmen. Er betonte, dass es vor allem einen gro\u00dfen Aufruhr gegeben habe, da man die Amerikaner immer als Verb\u00fcndete angesehen hatte und man die Aufdeckung dieser Aff\u00e4re als Vertrauensbruch empfand. Der Vorratsdatenspeicherung stehe er eher kritisch gegen\u00fcber, da durch sie das Gesetz der unantastbaren Privatsph\u00e4re gebrochen werde. Das zweite gro\u00dfe Thema war die Internationale Politik sowie die Sicherheits- und Au\u00dfenpolitik, wobei sofort ein sehr aktueller Konflikt, n\u00e4mlich die Krim-Krise, angesprochen wurde. Peter Tauber h\u00e4lt die Vorgehensweise von Putin f\u00fcr v\u00f6lkerrechtswidrig und findet, die Konsequenz daraus, dass Russland aus dem G8-Gipfel ausgeschlossen wurde, durchaus angebracht. Die Best\u00fcrzung der Regierung zu diesem Thema sei besonders gro\u00df gewesen, da man nach unserer politischen Anschauung Konflikte nicht durch Waffengewalt, sondern viel eher durch das Gespr\u00e4ch l\u00f6st. Ein weiterer gro\u00dfer Punkt war das Freihandelsabkommen zwischen EU\/Deutschland und den USA. Laut Tauber sei dieses Abkommen noch lange keine beschlossene Sache, da es noch zu viele Punkte gibt, in denen die beiden Staaten nicht \u00fcbereinstimmen und in denen sie sich noch nicht geeinigt haben. Es wurde hochgerechnet, dass jeder B\u00fcrger Deutschlands j\u00e4hrlich 500 \u20ac mehr zur Verf\u00fcgung h\u00e4tte, da zahlreiche Produkte durch den Entfall von Steuern und Z\u00f6llen viel billiger werden k\u00f6nnten. Zum Thema Europawahl kam die Frage auf, wieso die Wahlbeteiligung denn so niedrig war. Es existiere die Theorie, dass die Wahlbeteiligung nur deshalb so niedrig war, da so viele B\u00fcrger zufrieden mit der Politik sind, diese als stabil ansehen und nicht das Bed\u00fcrfnis haben, f\u00fcr eine \u00c4nderung zu stimmen \u2013 im Gegensatz dazu war die Wahlbeteiligung in der Weimarer Republik 1933 am h\u00f6chsten, da die Bev\u00f6lkerung zu dieser Zeit am unzufriedensten war. Somit war der Fragenkatalog abgeschlossen, einige Worte verlor Tauber noch zu seiner Person und Ansicht der Politik. Als Generalsekret\u00e4r der CDU habe er die Aufgabe, seine gesamte Partei und nicht nur seine eigene politische Meinung zu vertreten. Er sieht sich ganz klassisch als Vertreter des Volkes und ist sich der enormen Verantwortung, die er dadurch tr\u00e4gt, bewusst. Beim Klingeln zur ersten Pause wurde Peter Tauber mit einem gro\u00dfen Applaus verabschiedet und erhielt eine \u201eKreuzburg-Medaille\u201c. Insgesamt war das Informationsgespr\u00e4ch hoch interessant und eine einmalige Gelegenheit, Einsicht in die Ansichten eines so hochrangigen Politikers zu erlangen. Ausf\u00fchrlicher Bericht erfolgt im n\u00e4chsten contact.","protected":false},"author":3,"featured_media":3257,"comment_status":"closed","ping_status":"closed","sticky":false,"template":"","format":"standard","meta":{"ngg_post_thumbnail":0,"footnotes":""},"categories":[1,253],"tags":[],"class_list":["post-3256","post","type-post","status-publish","format-standard","has-post-thumbnail","hentry","category-allgemein","category-fachbereich-2"],"publishpress_future_action":{"enabled":false,"date":"2026-05-10 10:28:38","action":"change-status","newStatus":"draft","terms":[],"taxonomy":"category","extraData":[]},"publishpress_future_workflow_manual_trigger":{"enabledWorkflows":[]},"_links":{"self":[{"href":"https:\/\/franziskanergymnasium-kreuzburg.de\/cms\/wp-json\/wp\/v2\/posts\/3256","targetHints":{"allow":["GET"]}}],"collection":[{"href":"https:\/\/franziskanergymnasium-kreuzburg.de\/cms\/wp-json\/wp\/v2\/posts"}],"about":[{"href":"https:\/\/franziskanergymnasium-kreuzburg.de\/cms\/wp-json\/wp\/v2\/types\/post"}],"author":[{"embeddable":true,"href":"https:\/\/franziskanergymnasium-kreuzburg.de\/cms\/wp-json\/wp\/v2\/users\/3"}],"replies":[{"embeddable":true,"href":"https:\/\/franziskanergymnasium-kreuzburg.de\/cms\/wp-json\/wp\/v2\/comments?post=3256"}],"version-history":[{"count":3,"href":"https:\/\/franziskanergymnasium-kreuzburg.de\/cms\/wp-json\/wp\/v2\/posts\/3256\/revisions"}],"predecessor-version":[{"id":3272,"href":"https:\/\/franziskanergymnasium-kreuzburg.de\/cms\/wp-json\/wp\/v2\/posts\/3256\/revisions\/3272"}],"wp:featuredmedia":[{"embeddable":true,"href":"https:\/\/franziskanergymnasium-kreuzburg.de\/cms\/wp-json\/wp\/v2\/media\/3257"}],"wp:attachment":[{"href":"https:\/\/franziskanergymnasium-kreuzburg.de\/cms\/wp-json\/wp\/v2\/media?parent=3256"}],"wp:term":[{"taxonomy":"category","embeddable":true,"href":"https:\/\/franziskanergymnasium-kreuzburg.de\/cms\/wp-json\/wp\/v2\/categories?post=3256"},{"taxonomy":"post_tag","embeddable":true,"href":"https:\/\/franziskanergymnasium-kreuzburg.de\/cms\/wp-json\/wp\/v2\/tags?post=3256"}],"curies":[{"name":"wp","href":"https:\/\/api.w.org\/{rel}","templated":true}]}}