{"id":32589,"date":"2022-04-02T15:06:37","date_gmt":"2022-04-02T13:06:37","guid":{"rendered":"https:\/\/franziskanergymnasium-kreuzburg.de\/cms\/?p=32589"},"modified":"2022-04-02T15:06:37","modified_gmt":"2022-04-02T13:06:37","slug":"corona-schutzmassnahmen-an-der-schule","status":"publish","type":"post","link":"https:\/\/franziskanergymnasium-kreuzburg.de\/cms\/corona-schutzmassnahmen-an-der-schule\/","title":{"rendered":"Corona-Schutzma\u00dfnahmen an der Schule"},"content":{"rendered":"<p>Die Verordnung zum Basisschutz der Bev\u00f6lkerung vor Infektionen mit dem SARS-CoV-2-Virus vom 29.3.2022 hebt die Maskenpflicht in der Schule auf und empfiehlt lediglich das eigenverantwortliche Tragen einer medizinischen Maske in Innenr\u00e4umen und in Gedr\u00e4ngesituationen. Jede Person ist angehalten, \u201ebei pers\u00f6nlichen Begegnungen mit Menschen, f\u00fcr die bei einer Infektion mit dem SARS-CoV-2-Virus ein erh\u00f6htes Risiko f\u00fcr den schweren Krankheitsverlauf besteht\u201c, besondere Vorsicht walten zu lassen (\u00a71 der Verordnung). <\/p><p>\r\n\r\nF\u00fcr unsere Schule hat die Schulleitung nach R\u00fccksprache mit dem Tr\u00e4ger entschieden, f\u00fcr die Woche vor den Osterferien die Maskenpflicht im Schulgeb\u00e4ude aufrechtzuerhalten. Hintergrund hierf\u00fcr sind die weiterhin hohen Inzidenzen und die erhebliche Zahl an Positivtestungen hier in der Schule. Durch ein Aufheben der Maskenpflicht in der letzten Woche vor den Osterferien bef\u00fcrchten wir eine Zunahme des Infektionsrisikos, was u.U. eine Erholung in der unterrichtsfreien Zeit deutlich gef\u00e4hrden k\u00f6nnte. <br>\r\nNach wie vor gilt jedoch, dass die Masken abgenommen werden d\u00fcrfen, sobald man an seinem Platz sitzt. <br>\r\nZur Minimierung des Ansteckungsrisikos f\u00fcr besonders gef\u00e4hrdete Lehrkr\u00e4fte bitten wir, weiterhin unserer dringenden Empfehlung nachzukommen, die Maske auch in den entsprechenden Unterrichten aufzubehalten. Wir bedanken uns bei den Lerngruppen, die unserer Bitte bisher ausnahmslos nachgekommen sind. <br>\r\nNach den Ferien werden wir die dann aktuellen Regelungen bekanntgeben. <\/p><p>\r\n\r\nAuch in der letzten Schulwoche vor den Ferien behalten wir den gewohnten Rhythmus der Testungen bei. Da am Montag wegen des Betriebsausfluges kein Unterricht stattfindet, werden die Testungen am Mittwoch und am Freitag erfolgen. Wir empfehlen und bitten darum, dass die Sch\u00fclerinnen und Sch\u00fcler am Dienstag bereits getestet (B\u00fcrgertest oder Selbsttest zu Hause) in die Schule kommen, um das Infektionsrisiko nach einem langen Wochenende minimieren. Vielen Dank!<\/p>\r\n","protected":false},"excerpt":{"rendered":"Die Verordnung zum Basisschutz der Bev\u00f6lkerung vor Infektionen mit dem SARS-CoV-2-Virus vom 29.3.2022 hebt die Maskenpflicht in der Schule auf und empfiehlt lediglich das eigenverantwortliche Tragen einer medizinischen Maske in Innenr\u00e4umen und in Gedr\u00e4ngesituationen. Jede Person ist angehalten, \u201ebei pers\u00f6nlichen Begegnungen mit Menschen, f\u00fcr die bei einer Infektion mit dem SARS-CoV-2-Virus ein erh\u00f6htes Risiko f\u00fcr den schweren Krankheitsverlauf besteht\u201c, besondere Vorsicht walten zu lassen (\u00a71 der Verordnung). F\u00fcr unsere Schule hat die Schulleitung nach R\u00fccksprache mit dem Tr\u00e4ger entschieden, f\u00fcr die Woche vor den Osterferien die Maskenpflicht im Schulgeb\u00e4ude aufrechtzuerhalten. Hintergrund hierf\u00fcr sind die weiterhin hohen Inzidenzen und die erhebliche Zahl an Positivtestungen hier in der Schule. Durch ein Aufheben der Maskenpflicht in der letzten Woche vor den Osterferien bef\u00fcrchten wir eine Zunahme des Infektionsrisikos, was u.U. eine Erholung in der unterrichtsfreien Zeit deutlich gef\u00e4hrden k\u00f6nnte. Nach wie vor gilt jedoch, dass die Masken abgenommen werden d\u00fcrfen, sobald man an seinem Platz sitzt. Zur Minimierung des Ansteckungsrisikos f\u00fcr besonders gef\u00e4hrdete Lehrkr\u00e4fte bitten wir, weiterhin unserer dringenden Empfehlung nachzukommen, die Maske auch in den entsprechenden Unterrichten aufzubehalten. Wir bedanken uns bei den Lerngruppen, die unserer Bitte bisher ausnahmslos nachgekommen sind. Nach den Ferien werden wir die dann aktuellen Regelungen bekanntgeben. Auch in der letzten Schulwoche vor den Ferien behalten wir den gewohnten Rhythmus der Testungen bei. Da am Montag wegen des Betriebsausfluges kein Unterricht stattfindet, werden die Testungen am Mittwoch und am Freitag erfolgen. Wir empfehlen und bitten darum, dass die Sch\u00fclerinnen und Sch\u00fcler am Dienstag bereits getestet (B\u00fcrgertest oder Selbsttest zu Hause) in die Schule kommen, um das Infektionsrisiko nach einem langen Wochenende minimieren. Vielen Dank!","protected":false},"author":3,"featured_media":25589,"comment_status":"closed","ping_status":"closed","sticky":false,"template":"","format":"standard","meta":{"ngg_post_thumbnail":0,"footnotes":""},"categories":[1],"tags":[],"class_list":["post-32589","post","type-post","status-publish","format-standard","has-post-thumbnail","hentry","category-allgemein"],"publishpress_future_action":{"enabled":false,"date":"2026-05-06 14:21:23","action":"change-status","newStatus":"draft","terms":[],"taxonomy":"category","extraData":[]},"publishpress_future_workflow_manual_trigger":{"enabledWorkflows":[]},"_links":{"self":[{"href":"https:\/\/franziskanergymnasium-kreuzburg.de\/cms\/wp-json\/wp\/v2\/posts\/32589","targetHints":{"allow":["GET"]}}],"collection":[{"href":"https:\/\/franziskanergymnasium-kreuzburg.de\/cms\/wp-json\/wp\/v2\/posts"}],"about":[{"href":"https:\/\/franziskanergymnasium-kreuzburg.de\/cms\/wp-json\/wp\/v2\/types\/post"}],"author":[{"embeddable":true,"href":"https:\/\/franziskanergymnasium-kreuzburg.de\/cms\/wp-json\/wp\/v2\/users\/3"}],"replies":[{"embeddable":true,"href":"https:\/\/franziskanergymnasium-kreuzburg.de\/cms\/wp-json\/wp\/v2\/comments?post=32589"}],"version-history":[{"count":1,"href":"https:\/\/franziskanergymnasium-kreuzburg.de\/cms\/wp-json\/wp\/v2\/posts\/32589\/revisions"}],"predecessor-version":[{"id":32590,"href":"https:\/\/franziskanergymnasium-kreuzburg.de\/cms\/wp-json\/wp\/v2\/posts\/32589\/revisions\/32590"}],"wp:featuredmedia":[{"embeddable":true,"href":"https:\/\/franziskanergymnasium-kreuzburg.de\/cms\/wp-json\/wp\/v2\/media\/25589"}],"wp:attachment":[{"href":"https:\/\/franziskanergymnasium-kreuzburg.de\/cms\/wp-json\/wp\/v2\/media?parent=32589"}],"wp:term":[{"taxonomy":"category","embeddable":true,"href":"https:\/\/franziskanergymnasium-kreuzburg.de\/cms\/wp-json\/wp\/v2\/categories?post=32589"},{"taxonomy":"post_tag","embeddable":true,"href":"https:\/\/franziskanergymnasium-kreuzburg.de\/cms\/wp-json\/wp\/v2\/tags?post=32589"}],"curies":[{"name":"wp","href":"https:\/\/api.w.org\/{rel}","templated":true}]}}