{"id":33143,"date":"2022-06-13T17:33:44","date_gmt":"2022-06-13T15:33:44","guid":{"rendered":"https:\/\/franziskanergymnasium-kreuzburg.de\/cms\/?p=33143"},"modified":"2022-06-13T18:50:36","modified_gmt":"2022-06-13T16:50:36","slug":"schueleraustausch-porto-portugal-7-und-letzter-tag","status":"publish","type":"post","link":"https:\/\/franziskanergymnasium-kreuzburg.de\/cms\/schueleraustausch-porto-portugal-7-und-letzter-tag\/","title":{"rendered":"Sch\u00fcleraustausch Porto\/Portugal  &#8211;  7. und letzter Tag"},"content":{"rendered":"<p>\r\n\u00dcber den letzten Tag des Sch\u00fcleraustauschs in Porto am Mittwoch, dem 08.06.2022, berichten Simao, Nimue, Mara und Sarah:<\/p><p>\r\n<em>Wie auch die vergangenen Tage begann der Morgen f\u00fcr uns sehr fr\u00fch, sodass wir p\u00fcnktlich um 8:15 Uhr an der Schule eintrafen. Der letzte richtige Tag in Porto war zugleich auch der erste Tag, an dem wir uns auch in der Schule besch\u00e4ftigten. Nach dem Eintreffen im Klassenzimmer besichtigten wir das Schulgel\u00e4nde, das aus dem Gymnasium, der Grundschule und der erst sp\u00e4ter erbauten Kita besteht. Die Deutsche Schule ist kleiner als unser Gymnasium, denn es sind nur etwa 700 Sch\u00fclerinnen und Sch\u00fcler.<\/p><p>\r\n<a attid=\"33148\"  href=\"https:\/\/franziskanergymnasium-kreuzburg.de\/cms\/wp-content\/uploads\/2022\/06\/08.06.2022-Praesentation-der-Ergebnisse-2h.jpg\" rel=\"lightbox[33143]\"><img loading=\"lazy\" decoding=\"async\" src=\"https:\/\/franziskanergymnasium-kreuzburg.de\/cms\/wp-content\/uploads\/2022\/06\/08.06.2022-Praesentation-der-Ergebnisse-2h-300x185.jpg\" alt=\"\" width=\"300\" height=\"185\" class=\"alignright size-medium wp-image-33148\" srcset=\"https:\/\/franziskanergymnasium-kreuzburg.de\/cms\/wp-content\/uploads\/2022\/06\/08.06.2022-Praesentation-der-Ergebnisse-2h-300x185.jpg 300w, https:\/\/franziskanergymnasium-kreuzburg.de\/cms\/wp-content\/uploads\/2022\/06\/08.06.2022-Praesentation-der-Ergebnisse-2h-1024x631.jpg 1024w, https:\/\/franziskanergymnasium-kreuzburg.de\/cms\/wp-content\/uploads\/2022\/06\/08.06.2022-Praesentation-der-Ergebnisse-2h-768x474.jpg 768w, https:\/\/franziskanergymnasium-kreuzburg.de\/cms\/wp-content\/uploads\/2022\/06\/08.06.2022-Praesentation-der-Ergebnisse-2h.jpg 1200w\" sizes=\"auto, (max-width: 300px) 100vw, 300px\" \/><\/a>Um im R\u00fcckblick auf die vergangenen Tage unser Thema Nachhaltigkeit noch einmal nachzuvollziehen und zu \u00fcberlegen, was wir daraus gelernt haben, trugen wir in Arbeitsgruppen unsere Gedanken zusammen. Dabei ging es darum, was wir aus den einzelnen Aktivit\u00e4ten f\u00fcr unseren Alltag gelernt hatten. Anschlie\u00dfend stellten wir uns die Ergebnisse in Gruppenarbeit gegenseitig vor. Nach der Pause teilten wir uns erneut in Gruppen ein, um einzelnen Klassen beim Unterricht beizuwohnen und zu sehen, was es f\u00fcr Unterschiede im Vergleich zu Deutschland gibt. Nach der n\u00e4chsten Pause warteten wir auf einen Bus, der uns zu unserem n\u00e4chsten Ziel brachte.<\/p><p>\r\n<a attid=\"33147\"  href=\"https:\/\/franziskanergymnasium-kreuzburg.de\/cms\/wp-content\/uploads\/2022\/06\/08.06.2022-Kraeuterfuehrung-2h.jpg\" rel=\"lightbox[33143]\"><img loading=\"lazy\" decoding=\"async\" src=\"https:\/\/franziskanergymnasium-kreuzburg.de\/cms\/wp-content\/uploads\/2022\/06\/08.06.2022-Kraeuterfuehrung-2h-255x300.jpg\" alt=\"\" width=\"255\" height=\"300\" class=\"alignleft size-medium wp-image-33147\" srcset=\"https:\/\/franziskanergymnasium-kreuzburg.de\/cms\/wp-content\/uploads\/2022\/06\/08.06.2022-Kraeuterfuehrung-2h-255x300.jpg 255w, https:\/\/franziskanergymnasium-kreuzburg.de\/cms\/wp-content\/uploads\/2022\/06\/08.06.2022-Kraeuterfuehrung-2h-870x1024.jpg 870w, https:\/\/franziskanergymnasium-kreuzburg.de\/cms\/wp-content\/uploads\/2022\/06\/08.06.2022-Kraeuterfuehrung-2h-768x904.jpg 768w, https:\/\/franziskanergymnasium-kreuzburg.de\/cms\/wp-content\/uploads\/2022\/06\/08.06.2022-Kraeuterfuehrung-2h.jpg 1019w\" sizes=\"auto, (max-width: 255px) 100vw, 255px\" \/><\/a>Zusammen mit einer portugiesischen Naturwissenschaftlerin, die uns erkl\u00e4rte, welche Wildpflanzenarten essbar sind und auch in Zukunft eine sichere Nahrungsquelle darstellen werden, liefen wir durch eine hohe Wiese, Schreberg\u00e4rten und Wald. Au\u00dferdem gab sie uns zus\u00e4tzliche Informationen, wozu man die Pflanzen verwenden kann und es wurde ein selbst gemachter Tee ausgeschenkt, den jeder probieren konnte.<\/p><p>\r\nAb dort trennten sich unsere Wege und jede:r machte sich etwas sp\u00e4ter zu Hause f\u00fcr den Abend fertig.<\/p><p>\r\nUm 18.30 Uhr a\u00dfen wir alle gemeinsam in der Cafeteria zu Abend, um im Anschluss unser Abschlussfest zu feiern, das Sch\u00fcler:innen der 10. Klasse und Mitglieder der SV mit Musik und Tanz organisiert hatten. Um 22 Uhr wurde noch aufger\u00e4umt. Doch der Abend war f\u00fcr uns Sch\u00fcler:innen noch nicht vorbei, denn wir hatten noch eine kleine After-Party bei einem der portugiesischen Sch\u00fcler. Obwohl alle sehr m\u00fcde waren, war es ein toller Abschluss der Reise.<\/em><\/p>\r\n<a attid=\"33144\"  href=\"https:\/\/franziskanergymnasium-kreuzburg.de\/cms\/wp-content\/uploads\/2022\/06\/08.06.2022-Praesentation-der-Ergebnisseh.jpg\" rel=\"lightbox[33143]\"><img loading=\"lazy\" decoding=\"async\" src=\"https:\/\/franziskanergymnasium-kreuzburg.de\/cms\/wp-content\/uploads\/2022\/06\/08.06.2022-Praesentation-der-Ergebnisseh-300x179.jpg\" alt=\"\" width=\"300\" height=\"179\" class=\"alignleft size-medium wp-image-33144\" srcset=\"https:\/\/franziskanergymnasium-kreuzburg.de\/cms\/wp-content\/uploads\/2022\/06\/08.06.2022-Praesentation-der-Ergebnisseh-300x179.jpg 300w, https:\/\/franziskanergymnasium-kreuzburg.de\/cms\/wp-content\/uploads\/2022\/06\/08.06.2022-Praesentation-der-Ergebnisseh-1024x611.jpg 1024w, https:\/\/franziskanergymnasium-kreuzburg.de\/cms\/wp-content\/uploads\/2022\/06\/08.06.2022-Praesentation-der-Ergebnisseh-768x458.jpg 768w, https:\/\/franziskanergymnasium-kreuzburg.de\/cms\/wp-content\/uploads\/2022\/06\/08.06.2022-Praesentation-der-Ergebnisseh.jpg 1200w\" sizes=\"auto, (max-width: 300px) 100vw, 300px\" \/><\/a>\r\n\r\n<a attid=\"33147\"  href=\"https:\/\/franziskanergymnasium-kreuzburg.de\/cms\/wp-content\/uploads\/2022\/06\/08.06.2022-Kraeuterfuehrung-2h.jpg\" rel=\"lightbox[33143]\"><img loading=\"lazy\" decoding=\"async\" src=\"https:\/\/franziskanergymnasium-kreuzburg.de\/cms\/wp-content\/uploads\/2022\/06\/08.06.2022-Kraeuterfuehrung-2h-255x300.jpg\" alt=\"\" width=\"255\" height=\"300\" class=\"alignleft size-medium wp-image-33147\" srcset=\"https:\/\/franziskanergymnasium-kreuzburg.de\/cms\/wp-content\/uploads\/2022\/06\/08.06.2022-Kraeuterfuehrung-2h-255x300.jpg 255w, https:\/\/franziskanergymnasium-kreuzburg.de\/cms\/wp-content\/uploads\/2022\/06\/08.06.2022-Kraeuterfuehrung-2h-870x1024.jpg 870w, https:\/\/franziskanergymnasium-kreuzburg.de\/cms\/wp-content\/uploads\/2022\/06\/08.06.2022-Kraeuterfuehrung-2h-768x904.jpg 768w, https:\/\/franziskanergymnasium-kreuzburg.de\/cms\/wp-content\/uploads\/2022\/06\/08.06.2022-Kraeuterfuehrung-2h.jpg 1019w\" sizes=\"auto, (max-width: 255px) 100vw, 255px\" \/><\/a>\r\n\r\n<a attid=\"33146\"  href=\"https:\/\/franziskanergymnasium-kreuzburg.de\/cms\/wp-content\/uploads\/2022\/06\/08.06.2022-Kraeuterfuehrung-1h.jpg\" rel=\"lightbox[33143]\"><img loading=\"lazy\" decoding=\"async\" src=\"https:\/\/franziskanergymnasium-kreuzburg.de\/cms\/wp-content\/uploads\/2022\/06\/08.06.2022-Kraeuterfuehrung-1h-300x225.jpg\" alt=\"\" width=\"300\" height=\"225\" class=\"alignleft size-medium wp-image-33146\" srcset=\"https:\/\/franziskanergymnasium-kreuzburg.de\/cms\/wp-content\/uploads\/2022\/06\/08.06.2022-Kraeuterfuehrung-1h-300x225.jpg 300w, https:\/\/franziskanergymnasium-kreuzburg.de\/cms\/wp-content\/uploads\/2022\/06\/08.06.2022-Kraeuterfuehrung-1h-1024x768.jpg 1024w, https:\/\/franziskanergymnasium-kreuzburg.de\/cms\/wp-content\/uploads\/2022\/06\/08.06.2022-Kraeuterfuehrung-1h-768x576.jpg 768w, https:\/\/franziskanergymnasium-kreuzburg.de\/cms\/wp-content\/uploads\/2022\/06\/08.06.2022-Kraeuterfuehrung-1h.jpg 1200w\" sizes=\"auto, (max-width: 300px) 100vw, 300px\" \/><\/a>\r\n\r\n<a attid=\"33145\"  href=\"https:\/\/franziskanergymnasium-kreuzburg.de\/cms\/wp-content\/uploads\/2022\/06\/08.06.2022-Purpur-Prunkwindeh.jpg\" rel=\"lightbox[33143]\"><img loading=\"lazy\" decoding=\"async\" src=\"https:\/\/franziskanergymnasium-kreuzburg.de\/cms\/wp-content\/uploads\/2022\/06\/08.06.2022-Purpur-Prunkwindeh-300x225.jpg\" alt=\"\" width=\"300\" height=\"225\" class=\"alignleft size-medium wp-image-33145\" srcset=\"https:\/\/franziskanergymnasium-kreuzburg.de\/cms\/wp-content\/uploads\/2022\/06\/08.06.2022-Purpur-Prunkwindeh-300x225.jpg 300w, https:\/\/franziskanergymnasium-kreuzburg.de\/cms\/wp-content\/uploads\/2022\/06\/08.06.2022-Purpur-Prunkwindeh-1024x768.jpg 1024w, https:\/\/franziskanergymnasium-kreuzburg.de\/cms\/wp-content\/uploads\/2022\/06\/08.06.2022-Purpur-Prunkwindeh-768x576.jpg 768w, https:\/\/franziskanergymnasium-kreuzburg.de\/cms\/wp-content\/uploads\/2022\/06\/08.06.2022-Purpur-Prunkwindeh.jpg 1200w\" sizes=\"auto, (max-width: 300px) 100vw, 300px\" \/><\/a>","protected":false},"excerpt":{"rendered":"\u00dcber den letzten Tag des Sch\u00fcleraustauschs in Porto am Mittwoch, dem 08.06.2022, berichten Simao, Nimue, Mara und Sarah: Wie auch die vergangenen Tage begann der Morgen f\u00fcr uns sehr fr\u00fch, sodass wir p\u00fcnktlich um 8:15 Uhr an der Schule eintrafen. Der letzte richtige Tag in Porto war zugleich auch der erste Tag, an dem wir uns auch in der Schule besch\u00e4ftigten. Nach dem Eintreffen im Klassenzimmer besichtigten wir das Schulgel\u00e4nde, das aus dem Gymnasium, der Grundschule und der erst sp\u00e4ter erbauten Kita besteht. Die Deutsche Schule ist kleiner als unser Gymnasium, denn es sind nur etwa 700 Sch\u00fclerinnen und Sch\u00fcler. Um im R\u00fcckblick auf die vergangenen Tage unser Thema Nachhaltigkeit noch einmal nachzuvollziehen und zu \u00fcberlegen, was wir daraus gelernt haben, trugen wir in Arbeitsgruppen unsere Gedanken zusammen. Dabei ging es darum, was wir aus den einzelnen Aktivit\u00e4ten f\u00fcr unseren Alltag gelernt hatten. Anschlie\u00dfend stellten wir uns die Ergebnisse in Gruppenarbeit gegenseitig vor. Nach der Pause teilten wir uns erneut in Gruppen ein, um einzelnen Klassen beim Unterricht beizuwohnen und zu sehen, was es f\u00fcr Unterschiede im Vergleich zu Deutschland gibt. Nach der n\u00e4chsten Pause warteten wir auf einen Bus, der uns zu unserem n\u00e4chsten Ziel brachte. Zusammen mit einer portugiesischen Naturwissenschaftlerin, die uns erkl\u00e4rte, welche Wildpflanzenarten essbar sind und auch in Zukunft eine sichere Nahrungsquelle darstellen werden, liefen wir durch eine hohe Wiese, Schreberg\u00e4rten und Wald. Au\u00dferdem gab sie uns zus\u00e4tzliche Informationen, wozu man die Pflanzen verwenden kann und es wurde ein selbst gemachter Tee ausgeschenkt, den jeder probieren konnte. Ab dort trennten sich unsere Wege und jede:r machte sich etwas sp\u00e4ter zu Hause f\u00fcr den Abend fertig. Um 18.30 Uhr a\u00dfen wir alle gemeinsam in der Cafeteria zu Abend, um im Anschluss unser Abschlussfest zu feiern, das Sch\u00fcler:innen der 10. Klasse und Mitglieder der SV mit Musik und Tanz organisiert hatten. Um 22 Uhr wurde noch aufger\u00e4umt. Doch der Abend war f\u00fcr uns Sch\u00fcler:innen noch nicht vorbei, denn wir hatten noch eine kleine After-Party bei einem der portugiesischen Sch\u00fcler. Obwohl alle sehr m\u00fcde waren, war es ein toller Abschluss der Reise.","protected":false},"author":3,"featured_media":33149,"comment_status":"closed","ping_status":"closed","sticky":false,"template":"","format":"standard","meta":{"ngg_post_thumbnail":0,"footnotes":""},"categories":[1],"tags":[],"class_list":["post-33143","post","type-post","status-publish","format-standard","has-post-thumbnail","hentry","category-allgemein"],"publishpress_future_action":{"enabled":false,"date":"2026-05-08 11:43:48","action":"change-status","newStatus":"draft","terms":[],"taxonomy":"category","extraData":[]},"publishpress_future_workflow_manual_trigger":{"enabledWorkflows":[]},"_links":{"self":[{"href":"https:\/\/franziskanergymnasium-kreuzburg.de\/cms\/wp-json\/wp\/v2\/posts\/33143","targetHints":{"allow":["GET"]}}],"collection":[{"href":"https:\/\/franziskanergymnasium-kreuzburg.de\/cms\/wp-json\/wp\/v2\/posts"}],"about":[{"href":"https:\/\/franziskanergymnasium-kreuzburg.de\/cms\/wp-json\/wp\/v2\/types\/post"}],"author":[{"embeddable":true,"href":"https:\/\/franziskanergymnasium-kreuzburg.de\/cms\/wp-json\/wp\/v2\/users\/3"}],"replies":[{"embeddable":true,"href":"https:\/\/franziskanergymnasium-kreuzburg.de\/cms\/wp-json\/wp\/v2\/comments?post=33143"}],"version-history":[{"count":4,"href":"https:\/\/franziskanergymnasium-kreuzburg.de\/cms\/wp-json\/wp\/v2\/posts\/33143\/revisions"}],"predecessor-version":[{"id":33158,"href":"https:\/\/franziskanergymnasium-kreuzburg.de\/cms\/wp-json\/wp\/v2\/posts\/33143\/revisions\/33158"}],"wp:featuredmedia":[{"embeddable":true,"href":"https:\/\/franziskanergymnasium-kreuzburg.de\/cms\/wp-json\/wp\/v2\/media\/33149"}],"wp:attachment":[{"href":"https:\/\/franziskanergymnasium-kreuzburg.de\/cms\/wp-json\/wp\/v2\/media?parent=33143"}],"wp:term":[{"taxonomy":"category","embeddable":true,"href":"https:\/\/franziskanergymnasium-kreuzburg.de\/cms\/wp-json\/wp\/v2\/categories?post=33143"},{"taxonomy":"post_tag","embeddable":true,"href":"https:\/\/franziskanergymnasium-kreuzburg.de\/cms\/wp-json\/wp\/v2\/tags?post=33143"}],"curies":[{"name":"wp","href":"https:\/\/api.w.org\/{rel}","templated":true}]}}